{"id":48781,"date":"2023-05-03T23:07:33","date_gmt":"2023-05-04T03:07:33","guid":{"rendered":"https:\/\/atento.com.do\/?p=48781"},"modified":"2023-05-03T23:07:33","modified_gmt":"2023-05-04T03:07:33","slug":"ante-la-dificil-situacion-que-esta-viviendo-la-camara-de-cuentas","status":"publish","type":"post","link":"https:\/\/lasprimeras.com.do\/index.php\/2023\/05\/03\/ante-la-dificil-situacion-que-esta-viviendo-la-camara-de-cuentas\/","title":{"rendered":"Ante la dificil situaci\u00f3n que est\u00e1 viviendo la C\u00e1mara de Cuentas"},"content":{"rendered":"\n<p><strong>Santo Domingo.-.<\/strong> Participaci\u00f3n ciudadana expresa su preocupaci\u00f3n por la situaci\u00f3n que est\u00e1 viviendo la C\u00e1mara de Cuentas, uno de los organismos m\u00e1s importantes en el control de los recursos p\u00fablicos y en la lucha contra la corrupci\u00f3n y la impunidad en el Estado.<\/p>\n\n\n\n<p>Tenemos conocimiento de esta situaci\u00f3n desde hace m\u00e1s de un a\u00f1o. Tomamos la decisi\u00f3n de solicitar y logramos reunirnos, tanto con el pleno como con algunos de sus miembros de manera individual, despu\u00e9s de recibir informaciones de que intereses particulares han imposibilitado los acuerdos necesarios para sacar a esa instituci\u00f3n del descr\u00e9dito en que hab\u00eda ca\u00eddo en gestiones anteriores.<\/p>\n\n\n\n<p>Por la delicadeza de esta instituci\u00f3n y por el momento crucial que vive el pa\u00eds en la lucha contra la corrupci\u00f3n y la impunidad, intentamos mediar para que se impusiera la conciencia, la responsabilidad y el patriotismo de cada uno de los integrantes, frente a una instituci\u00f3n cuya credibilidad es crucial para que pueda cumplir su misi\u00f3n p\u00fablica.<\/p>\n\n\n\n<p>Participaci\u00f3n Ciudadana espera que el Congreso Nacional se comprometa en la parte de responsabilidad que le asigna la Constituci\u00f3n lo cual incluye la revisi\u00f3n de la Ley para hacer este organismo m\u00e1s operativo y gobernable.<\/p>\n\n\n\n<p>Por su parte, los actuales integrantes de la C\u00e1mara de Cuentas est\u00e1n en la obligaci\u00f3n de llegar a acuerdos que saquen a la instituci\u00f3n de su actual crisis porque, de lo contrario, corren el riesgo de ser sometidos a un juicio y repetir la triste historia de los anteriores.<\/p>\n","protected":false},"excerpt":{"rendered":"<p>Santo Domingo.-. Participaci\u00f3n ciudadana expresa su preocupaci\u00f3n por la situaci\u00f3n que est\u00e1 viviendo la C\u00e1mara de Cuentas, uno de los organismos m\u00e1s importantes en el control de los recursos p\u00fablicos&hellip;<\/p>\n","protected":false},"author":1,"featured_media":46404,"comment_status":"open","ping_status":"open","sticky":false,"template":"","format":"standard","meta":{"content-type":"","jetpack_post_was_ever_published":false,"_jetpack_newsletter_access":"","_jetpack_dont_email_post_to_subs":false,"_jetpack_newsletter_tier_id":0,"_jetpack_memberships_contains_paywalled_content":false,"_jetpack_memberships_contains_paid_content":false,"footnotes":""},"categories":[35,25],"tags":[340,431,432,433],"class_list":["post-48781","post","type-post","status-publish","format-standard","has-post-thumbnail","hentry","category-nacionales","category-portada","tag-camara-de-cuentas","tag-dificil-2","tag-situacion","tag-viviendo"],"jetpack_featured_media_url":"","jetpack-related-posts":[{"id":64107,"url":"https:\/\/lasprimeras.com.do\/index.php\/2023\/10\/18\/sociedad-de-pediatria-asegura-la-situacion-del-dengue-esta-muy-dificil\/","url_meta":{"origin":48781,"position":0},"title":"Sociedad de Pediatr\u00eda asegura la situaci\u00f3n del dengue est\u00e1 &#8220;muy dif\u00edcil&#8221;","author":"BIMARY DE JES\u00daS Matos","date":"18 de octubre de 2023","format":false,"excerpt":"Santo Domingo.-La presidenta de la Sociedad Dominicana de Pediatr\u00eda, Rosa Acevedo, reconoci\u00f3 este martes que el pa\u00eds vive una \"situaci\u00f3n epidemiol\u00f3gica muy dif\u00edcil\" a causa del virus del dengue que mantiene abarrotadas las emergencias de cl\u00ednicas privadas y hospitales. La especialista asegur\u00f3 que \"para nadie es un secreto que tenemos\u2026","rel":"","context":"En \u00abNACIONALES\u00bb","block_context":{"text":"NACIONALES","link":"https:\/\/lasprimeras.com.do\/index.php\/category\/nacionales\/"},"img":{"alt_text":"","src":"https:\/\/i0.wp.com\/lasprimeras.com.do\/wp-content\/uploads\/2023\/10\/WhatsApp-Image-2023-09-16-at-4.14.02-PM-2-3.jpeg?resize=350%2C200&ssl=1","width":350,"height":200},"classes":[]},{"id":48829,"url":"https:\/\/lasprimeras.com.do\/index.php\/2023\/05\/04\/aspirante-a-diputacion-por-ultramar-ana-vargas-alerta-sobre-la-dificil-situacion-de-dominicanos-en-new-york\/","url_meta":{"origin":48781,"position":1},"title":"Aspirante a diputaci\u00f3n por ultramar Ana Vargas alerta sobre la dif\u00edcil situaci\u00f3n de dominicanos en New York","author":"prenxa100","date":"4 de mayo de 2023","format":false,"excerpt":"Por Santiago Nu\u00f1ez New York.-.La aspirante a la diputaci\u00f3n por el Distrito n\u00famero uno de ultramar por el PLD, Ana Vargas, expres\u00f3 su preocupaci\u00f3n por la estampida de dominicanos que est\u00e1 sufriendo la comunidad quisqueyana en los ultimos meses en Nueva York. Seg\u00fan Vargas, esto es fruto del abandono al\u2026","rel":"","context":"En \u00abSin categor\u00eda\u00bb","block_context":{"text":"Sin categor\u00eda","link":"https:\/\/lasprimeras.com.do\/index.php\/category\/sin-categoria\/"},"img":{"alt_text":"","src":"","width":0,"height":0},"classes":[]},{"id":48743,"url":"https:\/\/lasprimeras.com.do\/index.php\/2023\/05\/03\/faride-se-ha-demostrado-que-hay-una-situacion-de-ingobernabilidad-y-procede-juicio-politico-contra-todos-los-miembros-de-camara-de-cuentas\/","url_meta":{"origin":48781,"position":2},"title":"Faride: se ha demostrado que hay una situaci\u00f3n de ingobernabilidad y procede juicio pol\u00edtico contra todos los miembros de C\u00e1mara de Cuentas","author":"prenxa100","date":"3 de mayo de 2023","format":false,"excerpt":"Tras las graves declaraciones del presidente de la\u00a0C\u00e1mara de Cuentas,\u00a0Janel Andr\u00e9s Ram\u00edrez, la senadora del Distrito Nacional,\u00a0Faride Raful, manifest\u00f3 este mi\u00e9rcoles que se ha demostrado que hay una situaci\u00f3n de ingobernabilidad y que apoya juicio pol\u00edtico contra todos sus miembros. \"Yo creo que traer, invitar no es lo que precisamente\u2026","rel":"","context":"En \u00abSin categor\u00eda\u00bb","block_context":{"text":"Sin categor\u00eda","link":"https:\/\/lasprimeras.com.do\/index.php\/category\/sin-categoria\/"},"img":{"alt_text":"","src":"","width":0,"height":0},"classes":[]},{"id":85318,"url":"https:\/\/lasprimeras.com.do\/index.php\/2024\/06\/28\/abinader-promulga-nueva-ley-de-camara-de-cuentas\/","url_meta":{"origin":48781,"position":3},"title":"Abinader promulga nueva Ley de C\u00e1mara de Cuentas","author":"Nelson Feliz","date":"28 de junio de 2024","format":false,"excerpt":"\u00a0La ley ahora promulgada hab\u00eda sido observada por el presidente anteriormente, para fortalecer la efectiva funcionalidad del \u00f3rgano.\u00a0El presidente de la Rep\u00fablica Dominicana, Luis Abinader, promulg\u00f3 hoy la Ley 18-24, que a partir de ahora regular\u00e1 el funcionamiento de la C\u00e1mara de Cuentas, el \u00f3rgano superior externo de control fiscal\u2026","rel":"","context":"En \u00abNACIONALES\u00bb","block_context":{"text":"NACIONALES","link":"https:\/\/lasprimeras.com.do\/index.php\/category\/nacionales\/"},"img":{"alt_text":"","src":"https:\/\/i0.wp.com\/lasprimeras.com.do\/wp-content\/uploads\/2024\/02\/FOTO-PRINCIPAL-PALACIO-NACIONAL-e1708074506177-1.jpg?resize=350%2C200&ssl=1","width":350,"height":200,"srcset":"https:\/\/i0.wp.com\/lasprimeras.com.do\/wp-content\/uploads\/2024\/02\/FOTO-PRINCIPAL-PALACIO-NACIONAL-e1708074506177-1.jpg?resize=350%2C200&ssl=1 1x, https:\/\/i0.wp.com\/lasprimeras.com.do\/wp-content\/uploads\/2024\/02\/FOTO-PRINCIPAL-PALACIO-NACIONAL-e1708074506177-1.jpg?resize=525%2C300&ssl=1 1.5x, https:\/\/i0.wp.com\/lasprimeras.com.do\/wp-content\/uploads\/2024\/02\/FOTO-PRINCIPAL-PALACIO-NACIONAL-e1708074506177-1.jpg?resize=700%2C400&ssl=1 2x, https:\/\/i0.wp.com\/lasprimeras.com.do\/wp-content\/uploads\/2024\/02\/FOTO-PRINCIPAL-PALACIO-NACIONAL-e1708074506177-1.jpg?resize=1050%2C600&ssl=1 3x"},"classes":[]},{"id":51713,"url":"https:\/\/lasprimeras.com.do\/index.php\/2023\/06\/02\/diputados-entrevistan-miembros-camara-cuentas-por-crisis-interna\/","url_meta":{"origin":48781,"position":4},"title":"Diputados entrevistan miembros C\u00e1mara Cuentas por crisis interna","author":"prenxa100","date":"2 de junio de 2023","format":false,"excerpt":"SANTO DOMINGO.- La comisi\u00f3n de la C\u00e1mara de Diputados designada para investigar la crisis interna en la C\u00e1mara de Cuentas comenz\u00f3 este viernes a entrevistar, a puertas cerradas, a los miembros del pleno de la entidad fiscalizadora. Est\u00e1 previsto que a lo largo del d\u00eda sean entrevistados los cinco miembros\u2026","rel":"","context":"En \u00abNACIONALES\u00bb","block_context":{"text":"NACIONALES","link":"https:\/\/lasprimeras.com.do\/index.php\/category\/nacionales\/"},"img":{"alt_text":"","src":"","width":0,"height":0},"classes":[]},{"id":48726,"url":"https:\/\/lasprimeras.com.do\/index.php\/2023\/05\/03\/nuria-piera-luego-de-ser-espiada-dijo-que-no-es-una-sorpresa\/","url_meta":{"origin":48781,"position":5},"title":"Nuria Piera luego de ser espiada dijo que \u00abno es una sorpresa\u00bb","author":"prenxa100","date":"3 de mayo de 2023","format":false,"excerpt":"El tel\u00e9fono de Nuria Piera fue atacado con el software esp\u00eda Pegasus de NSO Group, siendo este el primer caso confirmado en el pa\u00eds, denunci\u00f3 este mi\u00e9rcoles Amnist\u00eda Internacional (AI). Luego de lo sucedido, en declaraciones a EFE la periodista dijo: \"Uno se siente molesto, indignado, pero no es una\u2026","rel":"","context":"En \u00abSin categor\u00eda\u00bb","block_context":{"text":"Sin categor\u00eda","link":"https:\/\/lasprimeras.com.do\/index.php\/category\/sin-categoria\/"},"img":{"alt_text":"","src":"","width":0,"height":0},"classes":[]}],"jetpack_sharing_enabled":true,"_links":{"self":[{"href":"https:\/\/lasprimeras.com.do\/index.php\/wp-json\/wp\/v2\/posts\/48781","targetHints":{"allow":["GET"]}}],"collection":[{"href":"https:\/\/lasprimeras.com.do\/index.php\/wp-json\/wp\/v2\/posts"}],"about":[{"href":"https:\/\/lasprimeras.com.do\/index.php\/wp-json\/wp\/v2\/types\/post"}],"author":[{"embeddable":true,"href":"https:\/\/lasprimeras.com.do\/index.php\/wp-json\/wp\/v2\/users\/1"}],"replies":[{"embeddable":true,"href":"https:\/\/lasprimeras.com.do\/index.php\/wp-json\/wp\/v2\/comments?post=48781"}],"version-history":[{"count":0,"href":"https:\/\/lasprimeras.com.do\/index.php\/wp-json\/wp\/v2\/posts\/48781\/revisions"}],"wp:featuredmedia":[{"embeddable":true,"href":"https:\/\/lasprimeras.com.do\/index.php\/wp-json\/"}],"wp:attachment":[{"href":"https:\/\/lasprimeras.com.do\/index.php\/wp-json\/wp\/v2\/media?parent=48781"}],"wp:term":[{"taxonomy":"category","embeddable":true,"href":"https:\/\/lasprimeras.com.do\/index.php\/wp-json\/wp\/v2\/categories?post=48781"},{"taxonomy":"post_tag","embeddable":true,"href":"https:\/\/lasprimeras.com.do\/index.php\/wp-json\/wp\/v2\/tags?post=48781"}],"curies":[{"name":"wp","href":"https:\/\/api.w.org\/{rel}","templated":true}]}}