{"id":48783,"date":"2023-05-03T23:12:04","date_gmt":"2023-05-04T03:12:04","guid":{"rendered":"https:\/\/atento.com.do\/?p=48783"},"modified":"2023-05-03T23:12:04","modified_gmt":"2023-05-04T03:12:04","slug":"cdp-pide-castigo-autor-muerte-hijo-cespedes-pena-y-se-investigue-amenaza-a-metz","status":"publish","type":"post","link":"https:\/\/lasprimeras.com.do\/index.php\/2023\/05\/03\/cdp-pide-castigo-autor-muerte-hijo-cespedes-pena-y-se-investigue-amenaza-a-metz\/","title":{"rendered":"CDP pide castigo autor muerte hijo C\u00e9spedes Pe\u00f1a y se investigue amenaza a Metz"},"content":{"rendered":"\n<p><strong>SANTO DOMINGO.-<\/strong> El presidente del Colegio Dominicano de Periodistas (CDP), Aurelio Henr\u00edquez, pidi\u00f3 al fiscal de Tamboril, Manuel G\u00fcichardo, avanzar en las investigaciones que realiza para determinar responsabilidades panales y civiles en contra del conductor o la empresa vinculados a la muerte del hijo del periodista Luis C\u00e9spedes Pe\u00f1a, Luis Norberto C\u00e9spedes Vega, cuyas primeras evidencias presentan un veh\u00edculo de Hormigones Romano, como el que lo atropell\u00f3.<\/p>\n\n\n\n<p>Esa empresa est\u00e1 ubicada en la Carretera Pe\u00f1a, de Tamboril. Henr\u00edquez tambi\u00e9n pidi\u00f3 a las m\u00e1ximas autoridades policiales y judiciales del Noroeste, enviar a la c\u00e1rcel a los presuntos responsables de la agresi\u00f3n f\u00edsica en contra del periodista Rafael Metz, a quien amordazaron y golpearon mientras investigaba la extracci\u00f3n de materiales de un r\u00edo.<\/p>\n\n\n\n<p>El presidente del CDP analiz\u00f3 con un grupo de dirigentes del gremio, varios casos que afectan a miembros de esa instituci\u00f3n.<\/p>\n\n\n\n<p>Con relaci\u00f3n al caso del periodista C\u00e9spedes Pe\u00f1a, varias veces vicepresidente del Comit\u00e9 Ejecutivo del CDP, indic\u00f3 que el hecho en que fue atropeado y luego fallecido C\u00e9spedes Vega, ocurri\u00f3 el 2 de Noviembre del 2022, pero el conductor sigue huyendo.<\/p>\n\n\n\n<p>Explic\u00f3 que las fotograf\u00edas tomadas por una c\u00e1mara de vigilancia, vinculan a un cami\u00f3n mezclador de concreto de Hormigones Romano, como el que provoc\u00f3 el hecho.<\/p>\n\n\n\n<p>El presidente del CDP dijo que el fiscal G\u00fcichardo, notific\u00f3 a la empresa Hormigones Romano y luego cit\u00f3 al presidente de la misma, ingeniero Luis Alejandro Romano, para que se presente a Fiscal\u00eda de Tamboril, para continuar con las investigaciones.<\/p>\n\n\n\n<p>Agreg\u00f3 que las evidencias comparativas son para que ya la Fiscal\u00eda de Tamboril, proceda a enviarle al fiscal general de Santiago, Osvaldo Bonilla, el expediente acusatorio, con miras a continuar con el proceso en esa demarcaci\u00f3n superior.<\/p>\n\n\n\n<p>\u201cConversamos con el ex vicepresidente del CDP, el compa\u00f1ero C\u00e9spedes Pe\u00f1a, para tener m\u00e1s conocimiento del asunto, quien nos dijo que conf\u00eda en el trabajo de los fiscales Bonilla, de Santiago, y G\u00fcichardo, de Tamboril, pero nosotros queremos que con las evidencias que hay, ese proceso est\u00e9 en el lugar que corresponde\u201d, precis\u00f3 Aurelio Henr\u00edquez.<\/p>\n\n\n\n<p>Con respecto al caso del periodista Rafael Metz, dijo que se trata de una situaci\u00f3n grave. Indic\u00f3 que la agresi\u00f3n sali\u00f3 de sectores que trafican con materiales de los r\u00edos en el Noroeste.<\/p>\n\n\n\n<p>El presidente del CDP se\u00f1al\u00f3 que corresponde a las autoridades de esa regi\u00f3n, apresar y enviar a los tribunales a los culpables.<\/p>\n","protected":false},"excerpt":{"rendered":"<p>SANTO DOMINGO.- El presidente del Colegio Dominicano de Periodistas (CDP), Aurelio Henr\u00edquez, pidi\u00f3 al fiscal de Tamboril, Manuel G\u00fcichardo, avanzar en las investigaciones que realiza para determinar responsabilidades panales y&hellip;<\/p>\n","protected":false},"author":1,"featured_media":48784,"comment_status":"open","ping_status":"open","sticky":false,"template":"","format":"standard","meta":{"content-type":"","jetpack_post_was_ever_published":false,"_jetpack_newsletter_access":"","_jetpack_dont_email_post_to_subs":false,"_jetpack_newsletter_tier_id":0,"_jetpack_memberships_contains_paywalled_content":false,"_jetpack_memberships_contains_paid_content":false,"footnotes":""},"categories":[35],"tags":[434,435,436,437,438,439,440,330],"class_list":["post-48783","post","type-post","status-publish","format-standard","has-post-thumbnail","hentry","category-nacionales","tag-amenaza","tag-autor","tag-castigo","tag-cdp","tag-cespedes-pena","tag-hijo","tag-metz","tag-muerte"],"jetpack_featured_media_url":"","jetpack-related-posts":[{"id":66742,"url":"https:\/\/lasprimeras.com.do\/index.php\/2023\/11\/09\/cdp-e-ippp-critican-poco-interes-fiscalia-tamboril-someter-autor-muerte-hijo-periodista\/","url_meta":{"origin":48783,"position":0},"title":"CDP e IPPP critican poco inter\u00e9s Fiscal\u00eda Tamboril someter autor muerte hijo periodista","author":"Nelson Feliz","date":"9 de noviembre de 2023","format":false,"excerpt":"Los presidentes del Colegio Dominicano de Periodistas (CDP) y el Instituto de Previsi\u00f3n y Protecci\u00f3n del Periodista (IPPP), Aurelio Henr\u00edquez y Olivo De Le\u00f3n, criticaron el poco inter\u00e9s de la Fiscal\u00eda de Tamboril, para esclarecer la muerte del hijo del comunicador Luis C\u00e9spedes Pe\u00f1a, Luis Norberto C\u00e9spedes Vega, quien fue\u2026","rel":"","context":"En \u00abNACIONALES\u00bb","block_context":{"text":"NACIONALES","link":"https:\/\/lasprimeras.com.do\/index.php\/category\/nacionales\/"},"img":{"alt_text":"","src":"https:\/\/i0.wp.com\/lasprimeras.com.do\/wp-content\/uploads\/2023\/11\/Foto-Aurelio-Henriquez-y-Olivo-De-Leon-.jpg?resize=350%2C200&ssl=1","width":350,"height":200},"classes":[]},{"id":61208,"url":"https:\/\/lasprimeras.com.do\/index.php\/2023\/09\/23\/ex-vicepresidente-cdp-dice-fracasa-investigacion-para-aclarar-la-muerte-de-su-hijo\/","url_meta":{"origin":48783,"position":1},"title":"Ex vicepresidente CDP dice fracasa investigaci\u00f3n para aclarar la muerte de su hijo","author":"Nelson Feliz","date":"23 de septiembre de 2023","format":false,"excerpt":"El periodista Luis C\u00e9spedes Pe\u00f1a calific\u00f3 como un fracaso el proceso de investigaci\u00f3n que realiza la Fiscal\u00eda de Tamboril, para tratar de encontrar al culpable de la muerte de su hijo, Luis Norberto C\u00e9spedes Vega, ocurrida el 2 de Noviembre del 2022, atropellado por un cami\u00f3n registrado por una c\u00e1mara\u2026","rel":"","context":"En \u00abJUSTICIA\u00bb","block_context":{"text":"JUSTICIA","link":"https:\/\/lasprimeras.com.do\/index.php\/category\/justicia\/"},"img":{"alt_text":"C\u00e9spedes Pe\u00f1a y Jonattan Flores","src":"https:\/\/i0.wp.com\/lasprimeras.com.do\/wp-content\/uploads\/2023\/09\/Foto-Cespedes-Pena-y-Jonattan-Flores-.jpg?resize=350%2C200&ssl=1","width":350,"height":200},"classes":[]},{"id":82439,"url":"https:\/\/lasprimeras.com.do\/index.php\/2024\/05\/02\/ex-vicepresidente-cdp-pide-abinader-pensionar-grupo-periodistas-y-reajustar-el-valor\/","url_meta":{"origin":48783,"position":2},"title":"Ex vicepresidente CDP pide Abinader pensionar grupo periodistas y reajustar el valor","author":"Nelson Feliz","date":"2 de mayo de 2024","format":false,"excerpt":"El ex vicepresidente del Comit\u00e9 Ejecutivo del Colegio Dominicano de Periodistas filial Santiago (CDP), Luis C\u00e9spedes Pe\u00f1a, le solicit\u00f3 al Presidente Luis Abinader disponer las pensiones a favor de un grupo de miembros de esa entidad, las cuales fueron depositadas en el Palacio Nacional hace varios meses. Sugiri\u00f3 que por\u2026","rel":"","context":"En \u00abECONOM\u00cdA\u00bb","block_context":{"text":"ECONOM\u00cdA","link":"https:\/\/lasprimeras.com.do\/index.php\/category\/economia\/"},"img":{"alt_text":"Luis C\u00e9spedes Pe\u00f1a","src":"https:\/\/i0.wp.com\/lasprimeras.com.do\/wp-content\/uploads\/2024\/05\/Luis-Cespedes-Pena.jpg?resize=350%2C200&ssl=1","width":350,"height":200},"classes":[]},{"id":97002,"url":"https:\/\/lasprimeras.com.do\/index.php\/2025\/04\/13\/cespedes-martinez-atribuye-tragedia-de-jet-set-a-falta-de-supervision-del-dueno-y-la-autoridades\/","url_meta":{"origin":48783,"position":3},"title":"C\u00e9spedes Mart\u00ednez atribuye tragedia de Jet Set a falta de supervisi\u00f3n del due\u00f1o y la autoridades","author":"Nelson Feliz","date":"13 de abril de 2025","format":false,"excerpt":"El ex-procurador General de la Rep\u00fablica, V\u00edctor C\u00e9spedes Mart\u00ednez, asegur\u00f3 que la tragedia en el centro de diversi\u00f3n nocturno Jet Set, fue provocada por falta de supervisi\u00f3n y negligencia tanto del due\u00f1o como de las autoridades. C\u00e9spedes Mart\u00ednez sostuvo que en cualquier lugar donde acuden tantas personas es de obligaci\u00f3n\u2026","rel":"","context":"En \u00abNACIONALES\u00bb","block_context":{"text":"NACIONALES","link":"https:\/\/lasprimeras.com.do\/index.php\/category\/nacionales\/"},"img":{"alt_text":"V\u00edctor C\u00e9spedes Martinez","src":"https:\/\/i0.wp.com\/lasprimeras.com.do\/wp-content\/uploads\/2025\/04\/Victor-Cespedes-Martinez.jpg?resize=350%2C200&ssl=1","width":350,"height":200,"srcset":"https:\/\/i0.wp.com\/lasprimeras.com.do\/wp-content\/uploads\/2025\/04\/Victor-Cespedes-Martinez.jpg?resize=350%2C200&ssl=1 1x, https:\/\/i0.wp.com\/lasprimeras.com.do\/wp-content\/uploads\/2025\/04\/Victor-Cespedes-Martinez.jpg?resize=525%2C300&ssl=1 1.5x"},"classes":[]},{"id":127470,"url":"https:\/\/lasprimeras.com.do\/index.php\/2026\/04\/12\/cdp-haina-celebra-su-dia-con-conferencia-y-reconocimientos-a-personalidades-y-periodistas\/","url_meta":{"origin":48783,"position":4},"title":"CDP-Haina celebra su d\u00eda con conferencia y reconocimientos a personalidades y periodistas","author":"Nelson Feliz","date":"12 de abril de 2026","format":false,"excerpt":"El Colegio Dominicano de Periodistas (CDP), filial Haina, celebr\u00f3 su d\u00eda con una conferencia magistral a cargo del periodista Cristian Cabrera, as\u00ed como con el reconocimiento a exsecretarios generales de la filial, en un acto que cont\u00f3 con la presencia de autoridades locales, periodistas y comunicadores. La secretaria general de\u2026","rel":"","context":"En \u00abNACIONALES\u00bb","block_context":{"text":"NACIONALES","link":"https:\/\/lasprimeras.com.do\/index.php\/category\/nacionales\/"},"img":{"alt_text":"","src":"https:\/\/i0.wp.com\/lasprimeras.com.do\/wp-content\/uploads\/2026\/04\/cdp-1.jpg?resize=350%2C200&ssl=1","width":350,"height":200,"srcset":"https:\/\/i0.wp.com\/lasprimeras.com.do\/wp-content\/uploads\/2026\/04\/cdp-1.jpg?resize=350%2C200&ssl=1 1x, https:\/\/i0.wp.com\/lasprimeras.com.do\/wp-content\/uploads\/2026\/04\/cdp-1.jpg?resize=525%2C300&ssl=1 1.5x, https:\/\/i0.wp.com\/lasprimeras.com.do\/wp-content\/uploads\/2026\/04\/cdp-1.jpg?resize=700%2C400&ssl=1 2x"},"classes":[]},{"id":121323,"url":"https:\/\/lasprimeras.com.do\/index.php\/2026\/02\/02\/el-teniente-coronel-samuel-cespedes-la-mato-y-estaba-llamado-a-cuidar\/","url_meta":{"origin":48783,"position":5},"title":"El teniente coronel Samuel C\u00e9spedes la mat\u00f3 y estaba llamado a cuidar","author":"Nelson Feliz","date":"2 de febrero de 2026","format":false,"excerpt":"La muerte de Licairis Yalibes D\u00edaz Valenzuela, nuestra Lica, no es solo un crimen m\u00e1s. Es una herida abierta en la conciencia nacional. La mat\u00f3 quien estaba llamado a cuidar: el teniente coronel Samuel C\u00e9spedes, un hombre investido de autoridad, formado para proteger la vida y hacer cumplir la ley.\u2026","rel":"","context":"En \u00abNACIONALES\u00bb","block_context":{"text":"NACIONALES","link":"https:\/\/lasprimeras.com.do\/index.php\/category\/nacionales\/"},"img":{"alt_text":"","src":"https:\/\/i0.wp.com\/lasprimeras.com.do\/wp-content\/uploads\/2026\/02\/muerta.jpg?resize=350%2C200&ssl=1","width":350,"height":200},"classes":[]}],"jetpack_sharing_enabled":true,"_links":{"self":[{"href":"https:\/\/lasprimeras.com.do\/index.php\/wp-json\/wp\/v2\/posts\/48783","targetHints":{"allow":["GET"]}}],"collection":[{"href":"https:\/\/lasprimeras.com.do\/index.php\/wp-json\/wp\/v2\/posts"}],"about":[{"href":"https:\/\/lasprimeras.com.do\/index.php\/wp-json\/wp\/v2\/types\/post"}],"author":[{"embeddable":true,"href":"https:\/\/lasprimeras.com.do\/index.php\/wp-json\/wp\/v2\/users\/1"}],"replies":[{"embeddable":true,"href":"https:\/\/lasprimeras.com.do\/index.php\/wp-json\/wp\/v2\/comments?post=48783"}],"version-history":[{"count":0,"href":"https:\/\/lasprimeras.com.do\/index.php\/wp-json\/wp\/v2\/posts\/48783\/revisions"}],"wp:featuredmedia":[{"embeddable":true,"href":"https:\/\/lasprimeras.com.do\/index.php\/wp-json\/"}],"wp:attachment":[{"href":"https:\/\/lasprimeras.com.do\/index.php\/wp-json\/wp\/v2\/media?parent=48783"}],"wp:term":[{"taxonomy":"category","embeddable":true,"href":"https:\/\/lasprimeras.com.do\/index.php\/wp-json\/wp\/v2\/categories?post=48783"},{"taxonomy":"post_tag","embeddable":true,"href":"https:\/\/lasprimeras.com.do\/index.php\/wp-json\/wp\/v2\/tags?post=48783"}],"curies":[{"name":"wp","href":"https:\/\/api.w.org\/{rel}","templated":true}]}}