{"id":48786,"date":"2023-05-03T23:22:21","date_gmt":"2023-05-04T03:22:21","guid":{"rendered":"https:\/\/atento.com.do\/?p=48786"},"modified":"2023-05-03T23:22:21","modified_gmt":"2023-05-04T03:22:21","slug":"poder-ejecutivo-deposita-ante-el-congreso-proyecto-que-crea-el-ministerio-de-justicia","status":"publish","type":"post","link":"https:\/\/lasprimeras.com.do\/index.php\/2023\/05\/03\/poder-ejecutivo-deposita-ante-el-congreso-proyecto-que-crea-el-ministerio-de-justicia\/","title":{"rendered":"Poder Ejecutivo deposita ante el Congreso proyecto que crea el Ministerio de Justicia"},"content":{"rendered":"\n<p>La esperada pieza legislativa fue depositada en la C\u00e1mara de Diputados tras meses de di\u00e1logo con los diversos sectores interesados, tanto del \u00e1mbito p\u00fablico como del privado.<\/p>\n\n\n\n<p>Por Wilson P\u00e9rez<\/p>\n\n\n\n<p><strong>Santo Domingo.-<\/strong>. El consultor jur\u00eddico del Poder Ejecutivo, Antoliano Peralta Romero, deposit\u00f3 en manos del presidente de la C\u00e1mara de Diputados, Alfredo Pacheco Osoria, el proyecto de ley para el fortalecimiento del sistema de justicia que crea el Ministerio de Justicia.<\/p>\n\n\n\n<p>Se recuerda que esta iniciativa fue anunciada por el propio presidente Luis Abinader, el pasado 26 de octubre de 2022, durante el acto conmemorativo del 32\u00b0 aniversario de FINJUS. Desde ese momento, desde el Poder Ejecutivo se coordinaron varias rondas de di\u00e1logo con los \u00f3rganos del sistema de justicia y otras instituciones p\u00fablicas, las escuelas de derecho de las distintas universidades del pa\u00eds, los representantes de gremios empresariales y la organizaci\u00f3n civil organizada, as\u00ed como con un amplio grupo de abogados especialistas.<\/p>\n\n\n\n<p>En su parte central, el proyecto crea y organiza la estructura y funciones del Ministerio de Justicia, el cual se configura como un \u00f3rgano de planificaci\u00f3n, direcci\u00f3n, coordinaci\u00f3n y ejecuci\u00f3n de las atribuciones delegadas por la Constituci\u00f3n y las leyes al Poder Ejecutivo para la colaboraci\u00f3n funcional y administrativa al Sistema de Justicia, la representaci\u00f3n judicial y extrajudicial del Estado y la Administraci\u00f3n P\u00fablica y la coordinaci\u00f3n del Sistema Nacional de Derechos Humanos y el Sistema Penitenciario y Correccional.<\/p>\n\n\n\n<p>El consultor jur\u00eddico del Poder Ejecutivo manifest\u00f3 que esta iniciativa responde a la necesidad institucional que el pa\u00eds arrastra desde hace a\u00f1os de delimitar las atribuciones de persecuci\u00f3n criminal, naturales al Ministerio P\u00fablico, de ciertos servicios meramente funcionales y administrativos, tales como la gesti\u00f3n del sistema penitenciario, el auxilio cient\u00edfico forense a los tribunales y \u00f3rganos de investigaci\u00f3n y el registro y la certificaci\u00f3n de documentos oficiales y notariales, funciones todas que deber\u00edan concernir m\u00e1s bien a un \u00f3rgano creado para tales fines, como es el Ministerio de Justicia.<\/p>\n\n\n\n<p>Agreg\u00f3 que el Ministerio de Justicia form\u00f3 parte de la estructura estatal dominicana durante los primeros 120 a\u00f1os de la Rep\u00fablica, con breves per\u00edodos de interrupci\u00f3n, desde la proclamaci\u00f3n de la Constituci\u00f3n de San Crist\u00f3bal, el 6 de noviembre de 1844, y hasta la promulgaci\u00f3n de la Ley n\u00fam. 485, el 10 de diciembre de 1964, \u00faltima 2 ocasi\u00f3n en la que se suprimi\u00f3 la referida instituci\u00f3n.<\/p>\n\n\n\n<p>De su lado, el presidente de la C\u00e1mara de Diputados, Alfredo Pacheco defini\u00f3 est\u00e9s proyectos como importantes y trascendentales.<\/p>\n\n\n\n<p>Consider\u00f3 que el proyecto de ley que crea el Ministerio de Justicia cambiar\u00e1 la situaci\u00f3n de ciertos aspectos que le son otorgados a la Procuradur\u00eda General de la Rep\u00fablica.<\/p>\n\n\n\n<p>Acompa\u00f1\u00f3 al consultor jur\u00eddico parte del equipo que particip\u00f3 en la elaboraci\u00f3n del proyecto de ley, incluyendo el subconsultor jur\u00eddico Pedro Montilla Castillo, el director de proyectos jur\u00eddicos especiales del Poder Ejecutivo, Noel Sued Canahuate, y la abogada Vianca Castillo.<\/p>\n\n\n\n<p><strong>Reintroducci\u00f3n del proyecto de ley contra la ciberdelincuencia<\/strong><\/p>\n\n\n\n<p>Los representantes de la Consultor\u00eda Jur\u00eddica del Poder Ejecutivo tambi\u00e9n depositaron ante la C\u00e1mara de Diputados la nueva versi\u00f3n del proyecto de ley contra la ciberdelincuencia, cuyo objeto es lograr la prevenci\u00f3n, persecuci\u00f3n y sanci\u00f3n de los delitos cometidos en detrimento de los sistemas que utilizan tecnolog\u00edas de la informaci\u00f3n y comunicaci\u00f3n, as\u00ed como los cometidos mediante el uso de tales tecnolog\u00edas en contra de personas f\u00edsicas o jur\u00eddicas.<\/p>\n\n\n\n<p>Se recuerda que el Poder Ejecutivo retir\u00f3 de la C\u00e1mara de Diputados una primera propuesta del proyecto de ley, el pasado 4 de julio de 2022, con el prop\u00f3sito de que fuera estudiado por la comisi\u00f3n consultiva para la revisi\u00f3n y actualizaci\u00f3n de la legislaci\u00f3n sobre la libertad de expresi\u00f3n, creada mediante el Decreto n\u00fam. 333-22.<\/p>\n\n\n\n<p>La referida comisi\u00f3n recomend\u00f3 eliminar de la versi\u00f3n original los art\u00edculos 17, 18 y 19, referentes a los ciberdelitos de discriminaci\u00f3n, difamaci\u00f3n e injuria, los cuales efectivamente quedaron fuera de la versi\u00f3n reintroducida el d\u00eda de hoy.<\/p>\n\n\n\n<p>Esta pieza legislativa derogar\u00eda de manera total la Ley n\u00fam. 53-07 sobre cr\u00edmenes y delitos de alta tecnolog\u00eda, la cual regula la materia en el presente.<\/p>\n","protected":false},"excerpt":{"rendered":"<p>La esperada pieza legislativa fue depositada en la C\u00e1mara de Diputados tras meses de di\u00e1logo con los diversos sectores interesados, tanto del \u00e1mbito p\u00fablico como del privado. Por Wilson P\u00e9rez&hellip;<\/p>\n","protected":false},"author":1,"featured_media":48787,"comment_status":"open","ping_status":"open","sticky":false,"template":"","format":"standard","meta":{"content-type":"","jetpack_post_was_ever_published":false,"_jetpack_newsletter_access":"","_jetpack_dont_email_post_to_subs":false,"_jetpack_newsletter_tier_id":0,"_jetpack_memberships_contains_paywalled_content":false,"_jetpack_memberships_contains_paid_content":false,"footnotes":""},"categories":[35,25],"tags":[441,442,443,444,445,276],"class_list":["post-48786","post","type-post","status-publish","format-standard","has-post-thumbnail","hentry","category-nacionales","category-portada","tag-antoliano-peralta","tag-congreso-nacional","tag-justicia","tag-ministerio","tag-poder-ejecutivo","tag-proyecto"],"jetpack_featured_media_url":"","jetpack-related-posts":[{"id":117583,"url":"https:\/\/lasprimeras.com.do\/index.php\/2025\/12\/11\/poder-ejecutivo-deposita-proyecto-para-fusionar-mescyt-y-ministerio-de-educacion\/","url_meta":{"origin":48786,"position":0},"title":"Poder Ejecutivo deposita proyecto para fusionar MESCYT y Ministerio de Educaci\u00f3n","author":"Nelson Feliz","date":"11 de diciembre de 2025","format":false,"excerpt":"El consultor jur\u00eddico del Poder Ejecutivo, doctor Antoliano Peralta Romero, inform\u00f3 hoy que fue depositado en el Senado de la Rep\u00fablica el proyecto de ley org\u00e1nica que dispone la fusi\u00f3n del Ministerio de Educaci\u00f3n Superior, Ciencia y Tecnolog\u00eda (Mescyt) con el Ministerio de Educaci\u00f3n (Minerd), una iniciativa que impulsa la\u2026","rel":"","context":"En \u00abNACIONALES\u00bb","block_context":{"text":"NACIONALES","link":"https:\/\/lasprimeras.com.do\/index.php\/category\/nacionales\/"},"img":{"alt_text":"Antoliano Peralta Romero","src":"https:\/\/i0.wp.com\/lasprimeras.com.do\/wp-content\/uploads\/2024\/08\/Antoliano-Peralta-Romero-1.jpg?resize=350%2C200&ssl=1","width":350,"height":200,"srcset":"https:\/\/i0.wp.com\/lasprimeras.com.do\/wp-content\/uploads\/2024\/08\/Antoliano-Peralta-Romero-1.jpg?resize=350%2C200&ssl=1 1x, https:\/\/i0.wp.com\/lasprimeras.com.do\/wp-content\/uploads\/2024\/08\/Antoliano-Peralta-Romero-1.jpg?resize=525%2C300&ssl=1 1.5x, https:\/\/i0.wp.com\/lasprimeras.com.do\/wp-content\/uploads\/2024\/08\/Antoliano-Peralta-Romero-1.jpg?resize=700%2C400&ssl=1 2x"},"classes":[]},{"id":67091,"url":"https:\/\/lasprimeras.com.do\/index.php\/2023\/11\/13\/consultor-juridico-favorece-jueces-sin-militancia-pero-con-experiencia-politica\/","url_meta":{"origin":48786,"position":1},"title":"Consultor jur\u00eddico favorece jueces sin militancia pero con experiencia pol\u00edtica","author":"Nelson Feliz","date":"13 de noviembre de 2023","format":false,"excerpt":"El consultor jur\u00eddico del Poder Ejecutivo, Antoliano Peralta, declar\u00f3 que aunque desde el gobierno se favorece que los nuevos jueces del Tribunal Constitucional a elegirse pr\u00f3ximamente no sean militantes partidarios, consider\u00f3 que conviene que sean juristas con conocimiento de la pol\u00edtica. \u201cQue los jueces sean abogados que tengan sentido de\u2026","rel":"","context":"En \u00abNACIONALES\u00bb","block_context":{"text":"NACIONALES","link":"https:\/\/lasprimeras.com.do\/index.php\/category\/nacionales\/"},"img":{"alt_text":"Antoliano Peralta Romero","src":"https:\/\/i0.wp.com\/lasprimeras.com.do\/wp-content\/uploads\/2023\/08\/Antoliano-Peralta-Romero.jpg?resize=350%2C200&ssl=1","width":350,"height":200,"srcset":"https:\/\/i0.wp.com\/lasprimeras.com.do\/wp-content\/uploads\/2023\/08\/Antoliano-Peralta-Romero.jpg?resize=350%2C200&ssl=1 1x, https:\/\/i0.wp.com\/lasprimeras.com.do\/wp-content\/uploads\/2023\/08\/Antoliano-Peralta-Romero.jpg?resize=525%2C300&ssl=1 1.5x, https:\/\/i0.wp.com\/lasprimeras.com.do\/wp-content\/uploads\/2023\/08\/Antoliano-Peralta-Romero.jpg?resize=700%2C400&ssl=1 2x"},"classes":[]},{"id":97203,"url":"https:\/\/lasprimeras.com.do\/index.php\/2025\/04\/17\/presidente-del-senado-recibe-proyecto-que-fusiona-el-ministerio-de-economia-con-hacienda\/","url_meta":{"origin":48786,"position":2},"title":"Presidente del Senado recibe proyecto que fusiona el Ministerio de Econom\u00eda con Hacienda","author":"Nelson Feliz","date":"17 de abril de 2025","format":false,"excerpt":"El dep\u00f3sito del proyecto de Ley lleg\u00f3 junto a una misiva que envi\u00f3 el presidente Luis Abinader, y que ley\u00f3 \u00edntegramente el Consultor Jur\u00eddico, Antoliano Peralta con los objetivos y proyecciones de esta fusi\u00f3n que busca cumplir con los principios de eficacia, eficiencia, y racionalidad del gasto p\u00fablico, establecidos, de\u2026","rel":"","context":"En \u00abECONOM\u00cdA\u00bb","block_context":{"text":"ECONOM\u00cdA","link":"https:\/\/lasprimeras.com.do\/index.php\/category\/economia\/"},"img":{"alt_text":"","src":"https:\/\/i0.wp.com\/lasprimeras.com.do\/wp-content\/uploads\/2025\/04\/Ricardo-de-los-Santos-2.jpg?resize=350%2C200&ssl=1","width":350,"height":200,"srcset":"https:\/\/i0.wp.com\/lasprimeras.com.do\/wp-content\/uploads\/2025\/04\/Ricardo-de-los-Santos-2.jpg?resize=350%2C200&ssl=1 1x, https:\/\/i0.wp.com\/lasprimeras.com.do\/wp-content\/uploads\/2025\/04\/Ricardo-de-los-Santos-2.jpg?resize=525%2C300&ssl=1 1.5x"},"classes":[]},{"id":100466,"url":"https:\/\/lasprimeras.com.do\/index.php\/2025\/06\/06\/consultor-juridico-aclara-alcance-del-proyecto-para-crear-el-ministerio-de-justicia\/","url_meta":{"origin":48786,"position":3},"title":"Consultor Jur\u00eddico aclara alcance del proyecto para crear el Ministerio de Justicia","author":"Nelson Feliz","date":"6 de junio de 2025","format":false,"excerpt":"Antoliano Peralta precisa que con esta aclaraci\u00f3n pretende exhortar la verificaci\u00f3n del contenido exacto del proyecto de ley y garantizar una comunicaci\u00f3n veraz y certera. El consultor Jur\u00eddico del Poder Ejecutivo, Antoliano Peralta aclar\u00f3 este viernes que en las dos citadas publicaciones solo dos funciones que actualmente recaen en el\u2026","rel":"","context":"En \u00abNACIONALES\u00bb","block_context":{"text":"NACIONALES","link":"https:\/\/lasprimeras.com.do\/index.php\/category\/nacionales\/"},"img":{"alt_text":"","src":"https:\/\/i0.wp.com\/lasprimeras.com.do\/wp-content\/uploads\/2025\/06\/Antoliano-Peralta.jpg?resize=350%2C200&ssl=1","width":350,"height":200,"srcset":"https:\/\/i0.wp.com\/lasprimeras.com.do\/wp-content\/uploads\/2025\/06\/Antoliano-Peralta.jpg?resize=350%2C200&ssl=1 1x, https:\/\/i0.wp.com\/lasprimeras.com.do\/wp-content\/uploads\/2025\/06\/Antoliano-Peralta.jpg?resize=525%2C300&ssl=1 1.5x, https:\/\/i0.wp.com\/lasprimeras.com.do\/wp-content\/uploads\/2025\/06\/Antoliano-Peralta.jpg?resize=700%2C400&ssl=1 2x"},"classes":[]},{"id":65190,"url":"https:\/\/lasprimeras.com.do\/index.php\/2023\/10\/25\/pe-somete-ante-senado-proyectos-para-sancion-del-secuestro-y-del-delito-de-violacion-de-propiedad\/","url_meta":{"origin":48786,"position":4},"title":"PE somete ante Senado proyectos para sanci\u00f3n del secuestro, y del delito de violaci\u00f3n de propiedad","author":"Nelson Feliz","date":"25 de octubre de 2023","format":false,"excerpt":"El presidente del Senado, Ricardo de los Santos recibi\u00f3 dos iniciativas de ley remitidas por el Poder Ejecutivo, una de las cuales tipifica y sanciona el delito de secuestro en todas sus modalidades, y otra sobre violaci\u00f3n y traspaso il\u00edcito de propiedad inmobiliaria. Las piezas legislativas fueron depositadas por el\u2026","rel":"","context":"En \u00abNACIONALES\u00bb","block_context":{"text":"NACIONALES","link":"https:\/\/lasprimeras.com.do\/index.php\/category\/nacionales\/"},"img":{"alt_text":"Senado","src":"https:\/\/i0.wp.com\/lasprimeras.com.do\/wp-content\/uploads\/2023\/10\/Senado.jpg?resize=350%2C200&ssl=1","width":350,"height":200,"srcset":"https:\/\/i0.wp.com\/lasprimeras.com.do\/wp-content\/uploads\/2023\/10\/Senado.jpg?resize=350%2C200&ssl=1 1x, https:\/\/i0.wp.com\/lasprimeras.com.do\/wp-content\/uploads\/2023\/10\/Senado.jpg?resize=525%2C300&ssl=1 1.5x, https:\/\/i0.wp.com\/lasprimeras.com.do\/wp-content\/uploads\/2023\/10\/Senado.jpg?resize=700%2C400&ssl=1 2x"},"classes":[]},{"id":119022,"url":"https:\/\/lasprimeras.com.do\/index.php\/2026\/01\/06\/abinader-designa-a-jorge-subero-isa-como-consultor-juridico-del-poder-ejecutivo\/","url_meta":{"origin":48786,"position":5},"title":"Abinader designa a Jorge Subero Isa como consultor jur\u00eddico del Poder Ejecutivo","author":"Nelson Feliz","date":"6 de enero de 2026","format":false,"excerpt":"Jorge Subero Isa","rel":"","context":"En \u00abNACIONALES\u00bb","block_context":{"text":"NACIONALES","link":"https:\/\/lasprimeras.com.do\/index.php\/category\/nacionales\/"},"img":{"alt_text":"Jorge Subero Isa","src":"https:\/\/i0.wp.com\/lasprimeras.com.do\/wp-content\/uploads\/2023\/08\/Jorge-Subero-Isa.jpg?resize=350%2C200&ssl=1","width":350,"height":200,"srcset":"https:\/\/i0.wp.com\/lasprimeras.com.do\/wp-content\/uploads\/2023\/08\/Jorge-Subero-Isa.jpg?resize=350%2C200&ssl=1 1x, https:\/\/i0.wp.com\/lasprimeras.com.do\/wp-content\/uploads\/2023\/08\/Jorge-Subero-Isa.jpg?resize=525%2C300&ssl=1 1.5x"},"classes":[]}],"jetpack_sharing_enabled":true,"_links":{"self":[{"href":"https:\/\/lasprimeras.com.do\/index.php\/wp-json\/wp\/v2\/posts\/48786","targetHints":{"allow":["GET"]}}],"collection":[{"href":"https:\/\/lasprimeras.com.do\/index.php\/wp-json\/wp\/v2\/posts"}],"about":[{"href":"https:\/\/lasprimeras.com.do\/index.php\/wp-json\/wp\/v2\/types\/post"}],"author":[{"embeddable":true,"href":"https:\/\/lasprimeras.com.do\/index.php\/wp-json\/wp\/v2\/users\/1"}],"replies":[{"embeddable":true,"href":"https:\/\/lasprimeras.com.do\/index.php\/wp-json\/wp\/v2\/comments?post=48786"}],"version-history":[{"count":0,"href":"https:\/\/lasprimeras.com.do\/index.php\/wp-json\/wp\/v2\/posts\/48786\/revisions"}],"wp:featuredmedia":[{"embeddable":true,"href":"https:\/\/lasprimeras.com.do\/index.php\/wp-json\/"}],"wp:attachment":[{"href":"https:\/\/lasprimeras.com.do\/index.php\/wp-json\/wp\/v2\/media?parent=48786"}],"wp:term":[{"taxonomy":"category","embeddable":true,"href":"https:\/\/lasprimeras.com.do\/index.php\/wp-json\/wp\/v2\/categories?post=48786"},{"taxonomy":"post_tag","embeddable":true,"href":"https:\/\/lasprimeras.com.do\/index.php\/wp-json\/wp\/v2\/tags?post=48786"}],"curies":[{"name":"wp","href":"https:\/\/api.w.org\/{rel}","templated":true}]}}