{"id":48792,"date":"2023-05-04T06:29:30","date_gmt":"2023-05-04T10:29:30","guid":{"rendered":"https:\/\/atento.com.do\/?p=48792"},"modified":"2023-05-04T06:29:30","modified_gmt":"2023-05-04T10:29:30","slug":"mide-supervisa-trabajos-y-nuevos-proyectos-superintendencia-de-seguridad-privada","status":"publish","type":"post","link":"https:\/\/lasprimeras.com.do\/index.php\/2023\/05\/04\/mide-supervisa-trabajos-y-nuevos-proyectos-superintendencia-de-seguridad-privada\/","title":{"rendered":"MIDE supervisa trabajos y nuevos proyectos Superintendencia de Seguridad Privada"},"content":{"rendered":"\n<p>Por Wilson P\u00e9rez<\/p>\n\n\n\n<p><strong>SANTO DOMINGO.-<\/strong>El ministro de Defensa, teniente general Carlos Luciano D\u00edaz Morfa visit\u00f3 la Superintendencia de Vigilancia y Seguridad Privada, donde fue informado sobre el trabajo y los logros de esa dependencia, los nuevos proyectos y las iniciativas para mejorar las condiciones de vida de los soldados, que laboran en unidad.<\/p>\n\n\n\n<p>D\u00edaz Morfa fue recibido por el director de la unidad, general de brigada Justo O. del Orbe Pi\u00f1a, quien le acompa\u00f1\u00f3 en un recorrido por los departamentos de la SVSP, concluyendo con la firma del libro de visitantes distinguidos, la entrega de una moneda institucional y una toalla con el logo de la unidad.<\/p>\n\n\n\n<p>Durante su visita a la dependencia del MIDE, el ministro de Defensa aprovech\u00f3 para saludar al personal e intercambiar impresiones sobre c\u00f3mo marchan los asuntos de esa instituci\u00f3n.<\/p>\n\n\n\n<p>El general de brigada Del Orbe Pi\u00f1a dijo \u201ces para nosotros un alto honor, recibir al se\u00f1or ministro de Defensa en esta Superintendencia de Vigilancia y Seguridad Privada. Esta instituci\u00f3n se llena de regocijo al tener un hombre humano y sumamente valioso para nuestras Fuerzas Armadas\u201d.<\/p>\n\n\n\n<p>El director de la entidad explic\u00f3 que la Superintendencia de Vigilancia y Seguridad Privada, est\u00e1 encargada de regular el sector de la seguridad privada en todo el territorio nacional, mediante la Ley Org\u00e1nica de las Fuerzas Armadas 139-13, y los Decretos 3222-82 y 1128-03, que la avala jur\u00eddicamente.<\/p>\n\n\n\n<p>En el encuentro estuvieron presentes, el teniente coronel Dar\u00edo Salvador Mont\u00e1s Gonz\u00e1lez, intendente de la SVSP; el coronel Oscar Erick Vi\u00f1as Paz, subdirector t\u00e9cnico; el coronel Freddy C. Balbuena S\u00e1nchez, subdirector de Operaciones; el coronel Antonio Jos\u00e9 Luis Cintr\u00f3n Terrero oficial ejecutivo; entre otros miembros de la referida dependencia.<\/p>\n","protected":false},"excerpt":{"rendered":"<p>Por Wilson P\u00e9rez SANTO DOMINGO.-El ministro de Defensa, teniente general Carlos Luciano D\u00edaz Morfa visit\u00f3 la Superintendencia de Vigilancia y Seguridad Privada, donde fue informado sobre el trabajo y los&hellip;<\/p>\n","protected":false},"author":1,"featured_media":48794,"comment_status":"open","ping_status":"open","sticky":false,"template":"","format":"standard","meta":{"content-type":"","jetpack_post_was_ever_published":false,"_jetpack_newsletter_access":"","_jetpack_dont_email_post_to_subs":false,"_jetpack_newsletter_tier_id":0,"_jetpack_memberships_contains_paywalled_content":false,"_jetpack_memberships_contains_paid_content":false,"footnotes":""},"categories":[35],"tags":[447,448,449,76,450,451,452],"class_list":["post-48792","post","type-post","status-publish","format-standard","has-post-thumbnail","hentry","category-nacionales","tag-mide","tag-privada","tag-proyectos","tag-seguridad","tag-superintendencia","tag-supervisa","tag-trabajos"],"jetpack_featured_media_url":"","jetpack-related-posts":[{"id":111640,"url":"https:\/\/lasprimeras.com.do\/index.php\/2025\/10\/12\/ministro-de-defensa-y-los-directivos-de-codevi-supervisan-avances-de-la-verja-perimetral-fronteriza-en-dajabon\/","url_meta":{"origin":48792,"position":0},"title":"Ministro de Defensa y los directivos de CODEVI supervisan avances de la verja perimetral fronteriza en Dajab\u00f3n","author":"Nelson Feliz","date":"12 de octubre de 2025","format":false,"excerpt":"El ministro de Defensa, teniente general Carlos Antonio Fern\u00e1ndez Onofre, realiz\u00f3 este domingo una visita de trabajo a la zona fronteriza de Dajab\u00f3n, donde encabez\u00f3 una reuni\u00f3n de alto nivel con los directivos del Parque Industrial CODEVI, con el prop\u00f3sito de constatar la situaci\u00f3n actual y las medidas adoptadas tras\u2026","rel":"","context":"En \u00abMILITARES\u00bb","block_context":{"text":"MILITARES","link":"https:\/\/lasprimeras.com.do\/index.php\/category\/militares\/"},"img":{"alt_text":"","src":"https:\/\/i0.wp.com\/lasprimeras.com.do\/wp-content\/uploads\/2025\/10\/mide.jpg?resize=350%2C200&ssl=1","width":350,"height":200,"srcset":"https:\/\/i0.wp.com\/lasprimeras.com.do\/wp-content\/uploads\/2025\/10\/mide.jpg?resize=350%2C200&ssl=1 1x, https:\/\/i0.wp.com\/lasprimeras.com.do\/wp-content\/uploads\/2025\/10\/mide.jpg?resize=525%2C300&ssl=1 1.5x, https:\/\/i0.wp.com\/lasprimeras.com.do\/wp-content\/uploads\/2025\/10\/mide.jpg?resize=700%2C400&ssl=1 2x"},"classes":[]},{"id":81775,"url":"https:\/\/lasprimeras.com.do\/index.php\/2024\/04\/24\/embajadores-de-la-onu-visitan-el-mide-abordan-temas-de-seguridad-paz-y-estabilidad-global\/","url_meta":{"origin":48792,"position":1},"title":"Embajadores de la ONU visitan el MIDE abordan temas de seguridad, paz y estabilidad global","author":"Nelson Feliz","date":"24 de abril de 2024","format":false,"excerpt":"Por Nartin Restituyo Una delegaci\u00f3n de la Organizaci\u00f3n de las Naciones Unidas (ONU) se reuni\u00f3 con el ministro de Defensa, teniente general Calos Luciano D\u00edaz Morfa, para tratar asuntos relacionados con la seguridad global, la paz y la estabilidad regional. El encuentro fue realizado en el despacho del titular del\u2026","rel":"","context":"En \u00abMILITARES\u00bb","block_context":{"text":"MILITARES","link":"https:\/\/lasprimeras.com.do\/index.php\/category\/militares\/"},"img":{"alt_text":"Calos Luciano D\u00edaz Morfa","src":"https:\/\/i0.wp.com\/lasprimeras.com.do\/wp-content\/uploads\/2024\/04\/Calos-Luciano-Diaz-Morfa-1.jpg?resize=350%2C200&ssl=1","width":350,"height":200,"srcset":"https:\/\/i0.wp.com\/lasprimeras.com.do\/wp-content\/uploads\/2024\/04\/Calos-Luciano-Diaz-Morfa-1.jpg?resize=350%2C200&ssl=1 1x, https:\/\/i0.wp.com\/lasprimeras.com.do\/wp-content\/uploads\/2024\/04\/Calos-Luciano-Diaz-Morfa-1.jpg?resize=525%2C300&ssl=1 1.5x"},"classes":[]},{"id":51503,"url":"https:\/\/lasprimeras.com.do\/index.php\/2023\/05\/31\/ministro-de-defensa-visita-centro-entrenamiento-tactico-en-sierra-prieta\/","url_meta":{"origin":48792,"position":2},"title":"Ministro de Defensa visita Centro Entrenamiento T\u00e1ctico en Sierra Prieta","author":"prenxa100","date":"31 de mayo de 2023","format":false,"excerpt":"Por Wilson P\u00e9rez YAMAS\u00c1, SIERRA PRIETA.-El ministro de Defensa, teniente general Carlos Luciano D\u00edaz Morfa, supervis\u00f3 las instalaciones del Centro de Entrenamiento T\u00e1ctico de Sierra Prieta, en la v\u00edspera del inicio de la Competencia Militar: \u201cFuerzas de Comandos RD 2023\u201d, con la participaci\u00f3n del comando Sur de los Estados Unidos.\u2026","rel":"","context":"En \u00abNACIONALES\u00bb","block_context":{"text":"NACIONALES","link":"https:\/\/lasprimeras.com.do\/index.php\/category\/nacionales\/"},"img":{"alt_text":"","src":"","width":0,"height":0},"classes":[]},{"id":59359,"url":"https:\/\/lasprimeras.com.do\/index.php\/2023\/09\/03\/unade-se-moviliza-a-playa-guibia-en-apoyo-al-proyecto-protegiendo-nuestro-futuro\/","url_meta":{"origin":48792,"position":3},"title":"UNADE se moviliza a Playa Guibia en apoyo al proyecto &#8220;Protegiendo nuestro futuro&#8221;","author":"Nelson Feliz","date":"3 de septiembre de 2023","format":false,"excerpt":"Por Martin Restituyo La Asociaci\u00f3n Dominicana de Esposas de Oficiales de las Fuerzas Armadas (ADEOFA), autoridades, cursantes y el personal administrativo de la Escuela de Graduados de Altos Estudios Estrat\u00e9gicos (EGAEE) de la Universidad Nacional para la Defensa (UNADE), realizaron\u00a0 una jornada de recolecci\u00f3n de desechos s\u00f3lidos en la playa\u2026","rel":"","context":"En \u00abMILITARES\u00bb","block_context":{"text":"MILITARES","link":"https:\/\/lasprimeras.com.do\/index.php\/category\/militares\/"},"img":{"alt_text":"","src":"https:\/\/i0.wp.com\/lasprimeras.com.do\/wp-content\/uploads\/2023\/09\/INSUDE.jpg?resize=350%2C200&ssl=1","width":350,"height":200,"srcset":"https:\/\/i0.wp.com\/lasprimeras.com.do\/wp-content\/uploads\/2023\/09\/INSUDE.jpg?resize=350%2C200&ssl=1 1x, https:\/\/i0.wp.com\/lasprimeras.com.do\/wp-content\/uploads\/2023\/09\/INSUDE.jpg?resize=525%2C300&ssl=1 1.5x, https:\/\/i0.wp.com\/lasprimeras.com.do\/wp-content\/uploads\/2023\/09\/INSUDE.jpg?resize=700%2C400&ssl=1 2x"},"classes":[]},{"id":80251,"url":"https:\/\/lasprimeras.com.do\/index.php\/2024\/04\/05\/presentan-al-ministro-defensa-dominicano-el-primer-agregado-de-defensa-de-la-republica-popular-china-en-la-rd\/","url_meta":{"origin":48792,"position":4},"title":"Presentan al ministro defensa dominicano el primer agregado de Defensa de la Rep\u00fablica Popular China en la RD","author":"BIMARY DE JES\u00daS Matos","date":"5 de abril de 2024","format":false,"excerpt":"SANTO DOMINGO.- El embajador de la Rep\u00fablica Popular China en el pa\u00eds, Su Excelencia Chen Luning, present\u00f3 al ministro de Defensa dominicano, teniente general Carlos Luciano D\u00edaz Morfa, ERD., al coronel del Ej\u00e9rcito Gao Pemg, primer agregado de defensa de su pa\u00eds en la Rep\u00fablica Dominicana. En visita a la\u2026","rel":"","context":"En \u00abNACIONALES\u00bb","block_context":{"text":"NACIONALES","link":"https:\/\/lasprimeras.com.do\/index.php\/category\/nacionales\/"},"img":{"alt_text":"","src":"https:\/\/i0.wp.com\/lasprimeras.com.do\/wp-content\/uploads\/2024\/04\/IMG-20240405-WA0042.jpg?resize=350%2C200&ssl=1","width":350,"height":200,"srcset":"https:\/\/i0.wp.com\/lasprimeras.com.do\/wp-content\/uploads\/2024\/04\/IMG-20240405-WA0042.jpg?resize=350%2C200&ssl=1 1x, https:\/\/i0.wp.com\/lasprimeras.com.do\/wp-content\/uploads\/2024\/04\/IMG-20240405-WA0042.jpg?resize=525%2C300&ssl=1 1.5x, https:\/\/i0.wp.com\/lasprimeras.com.do\/wp-content\/uploads\/2024\/04\/IMG-20240405-WA0042.jpg?resize=700%2C400&ssl=1 2x, https:\/\/i0.wp.com\/lasprimeras.com.do\/wp-content\/uploads\/2024\/04\/IMG-20240405-WA0042.jpg?resize=1050%2C600&ssl=1 3x"},"classes":[]},{"id":73958,"url":"https:\/\/lasprimeras.com.do\/index.php\/2024\/01\/17\/agente-de-cesmet-devuelve-mas-de-medio-millon-de-pesos-hallo-en-vagon-del-metro\/","url_meta":{"origin":48792,"position":5},"title":"Agente de CESMET devuelve m\u00e1s de medio mill\u00f3n de pesos, hall\u00f3 en vag\u00f3n del metro","author":"Nelson Feliz","date":"17 de enero de 2024","format":false,"excerpt":"El ministro de Defensa, teniente general Carlos Luciano D\u00edaz Morfa, recibi\u00f3 en su despacho para reconocer al raso del Cuerpo Especializado para la Seguridad del Metro y Telef\u00e9rico (CESMET), Michael Antonio C\u00e9spedes, quien report\u00f3 a sus superiores el hallazgo en la estaci\u00f3n del Metro, Manuel Arturo Pe\u00f1a Batlle, un bulto\u2026","rel":"","context":"En \u00abMILITARES\u00bb","block_context":{"text":"MILITARES","link":"https:\/\/lasprimeras.com.do\/index.php\/category\/militares\/"},"img":{"alt_text":"CESMET","src":"https:\/\/i0.wp.com\/lasprimeras.com.do\/wp-content\/uploads\/2024\/01\/CESMET-1.jpg?resize=350%2C200&ssl=1","width":350,"height":200,"srcset":"https:\/\/i0.wp.com\/lasprimeras.com.do\/wp-content\/uploads\/2024\/01\/CESMET-1.jpg?resize=350%2C200&ssl=1 1x, https:\/\/i0.wp.com\/lasprimeras.com.do\/wp-content\/uploads\/2024\/01\/CESMET-1.jpg?resize=525%2C300&ssl=1 1.5x, https:\/\/i0.wp.com\/lasprimeras.com.do\/wp-content\/uploads\/2024\/01\/CESMET-1.jpg?resize=700%2C400&ssl=1 2x"},"classes":[]}],"jetpack_sharing_enabled":true,"_links":{"self":[{"href":"https:\/\/lasprimeras.com.do\/index.php\/wp-json\/wp\/v2\/posts\/48792","targetHints":{"allow":["GET"]}}],"collection":[{"href":"https:\/\/lasprimeras.com.do\/index.php\/wp-json\/wp\/v2\/posts"}],"about":[{"href":"https:\/\/lasprimeras.com.do\/index.php\/wp-json\/wp\/v2\/types\/post"}],"author":[{"embeddable":true,"href":"https:\/\/lasprimeras.com.do\/index.php\/wp-json\/wp\/v2\/users\/1"}],"replies":[{"embeddable":true,"href":"https:\/\/lasprimeras.com.do\/index.php\/wp-json\/wp\/v2\/comments?post=48792"}],"version-history":[{"count":0,"href":"https:\/\/lasprimeras.com.do\/index.php\/wp-json\/wp\/v2\/posts\/48792\/revisions"}],"wp:featuredmedia":[{"embeddable":true,"href":"https:\/\/lasprimeras.com.do\/index.php\/wp-json\/"}],"wp:attachment":[{"href":"https:\/\/lasprimeras.com.do\/index.php\/wp-json\/wp\/v2\/media?parent=48792"}],"wp:term":[{"taxonomy":"category","embeddable":true,"href":"https:\/\/lasprimeras.com.do\/index.php\/wp-json\/wp\/v2\/categories?post=48792"},{"taxonomy":"post_tag","embeddable":true,"href":"https:\/\/lasprimeras.com.do\/index.php\/wp-json\/wp\/v2\/tags?post=48792"}],"curies":[{"name":"wp","href":"https:\/\/api.w.org\/{rel}","templated":true}]}}