{"id":48819,"date":"2023-05-04T07:42:07","date_gmt":"2023-05-04T11:42:07","guid":{"rendered":"https:\/\/atento.com.do\/?p=48819"},"modified":"2023-05-04T07:42:07","modified_gmt":"2023-05-04T11:42:07","slug":"senado-aprueba-en-dos-lecturas-ley-de-atencion-a-las-personas-con-autismo","status":"publish","type":"post","link":"https:\/\/lasprimeras.com.do\/index.php\/2023\/05\/04\/senado-aprueba-en-dos-lecturas-ley-de-atencion-a-las-personas-con-autismo\/","title":{"rendered":"Senado aprueba en dos lecturas Ley de Atenci\u00f3n a las Personas con Autismo"},"content":{"rendered":"\n<p><strong>SANTO DOMINGO.-.<\/strong>El Senado de la Rep\u00fablica declar\u00f3 de urgencia y aprob\u00f3 en dos lecturas consecutivas el Proyecto de Ley de Atenci\u00f3n, Inclusi\u00f3n y Protecci\u00f3n para las Personas con Trastorno del Espectro Autista (TEA).<\/p>\n\n\n\n<p>La propuesta legislativa, presentada por los senadores Franklin Rodr\u00edguez, Dionis S\u00e1nchez y Ginette Bournigal de Jim\u00e9nez, fue aprobada a unanimidad.<\/p>\n\n\n\n<p>Los proponentes del proyecto destacaron el trabajo realizado por la C\u00e1mara Alta para sancionar esta pieza y por la importancia de la misma para el beneficio de miles de personas afectadas con esta condici\u00f3n.<\/p>\n\n\n\n<p>Asimismo, hicieron un llamado a los diputados para que la misma sea aprobada en la presente legislatura.<\/p>\n\n\n\n<p>La normativa tiene el prop\u00f3sito de regular la atenci\u00f3n, protecci\u00f3n e inclusi\u00f3n efectiva en la sociedad de las personas con trastorno del espectro autista, mediante la protecci\u00f3n y garant\u00eda de sus derechos y la satisfacci\u00f3n de sus necesidades.<\/p>\n\n\n\n<p>La iniciativa destaca que las personas que tienen TEA contar\u00e1n con el derecho de recibir un diagn\u00f3stico y evaluaci\u00f3n temprana, especializada, accesible y sin prejuicios; servicios con cobertura dentro del Seguro Nacional de Salud (SeNaSa), para recibir consultas cl\u00ednicas y terapias de intervenci\u00f3n especializada.<\/p>\n","protected":false},"excerpt":{"rendered":"<p>SANTO DOMINGO.-.El Senado de la Rep\u00fablica declar\u00f3 de urgencia y aprob\u00f3 en dos lecturas consecutivas el Proyecto de Ley de Atenci\u00f3n, Inclusi\u00f3n y Protecci\u00f3n para las Personas con Trastorno del&hellip;<\/p>\n","protected":false},"author":1,"featured_media":48820,"comment_status":"open","ping_status":"open","sticky":false,"template":"","format":"standard","meta":{"content-type":"","jetpack_post_was_ever_published":false,"_jetpack_newsletter_access":"","_jetpack_dont_email_post_to_subs":false,"_jetpack_newsletter_tier_id":0,"_jetpack_memberships_contains_paywalled_content":false,"_jetpack_memberships_contains_paid_content":false,"footnotes":""},"categories":[35],"tags":[408,409,410,471,411,412,413],"class_list":["post-48819","post","type-post","status-publish","format-standard","has-post-thumbnail","hentry","category-nacionales","tag-aprueba","tag-atencion","tag-autismo","tag-lecturas","tag-ley","tag-personas","tag-senado"],"jetpack_featured_media_url":"","jetpack-related-posts":[{"id":49424,"url":"https:\/\/lasprimeras.com.do\/index.php\/2023\/05\/11\/camara-de-diputados-aprueba-en-primera-lectura-proyecto-de-ley-del-autismo\/","url_meta":{"origin":48819,"position":0},"title":"C\u00e1mara de Diputados aprueba en primera lectura proyecto de ley del autismo","author":"prenxa100","date":"11 de mayo de 2023","format":false,"excerpt":"SANTO DOMINGO.- La C\u00e1mara de Diputados declar\u00f3 de urgencia y aprob\u00f3 este mi\u00e9rcoles en primera lectura el proyecto de ley de atenci\u00f3n, inclusi\u00f3n y protecci\u00f3n para las personas con Trastorno del Espectro Autista (TEA). La pieza legislativa fue aprobada en dos lecturas consecutivas y a unanimidad por el Senado de\u2026","rel":"","context":"En \u00abNACIONALES\u00bb","block_context":{"text":"NACIONALES","link":"https:\/\/lasprimeras.com.do\/index.php\/category\/nacionales\/"},"img":{"alt_text":"","src":"","width":0,"height":0},"classes":[]},{"id":49360,"url":"https:\/\/lasprimeras.com.do\/index.php\/2023\/05\/03\/senado-aprueba-en-dos-lecturas-ley-de-atencion-a-las-personas-con-autismo-2\/","url_meta":{"origin":48819,"position":1},"title":"Senado aprueba en dos lecturas Ley de Atenci\u00f3n a las Personas con Autismo","author":"prenxa100","date":"3 de mayo de 2023","format":false,"excerpt":"Dentro de los beneficios que posee esta ley a favor de las personas que padecen el trastorno del espectro autista (TEA), es que contar\u00e1n con el derecho de recibir un diagn\u00f3stico y evaluaci\u00f3n temprana, accesible y sin prejuicios, servicios incluidos en el Sistema Dominicano de Seguridad Social, con cobertura dentro\u2026","rel":"","context":"En \u00abNACIONALES\u00bb","block_context":{"text":"NACIONALES","link":"https:\/\/lasprimeras.com.do\/index.php\/category\/nacionales\/"},"img":{"alt_text":"","src":"","width":0,"height":0},"classes":[]},{"id":49336,"url":"https:\/\/lasprimeras.com.do\/index.php\/2023\/05\/10\/precandidata-a-la-alcaldia-de-sde-apoya-congreso-sobre-autismo\/","url_meta":{"origin":48819,"position":2},"title":"Precandidata a la alcald\u00eda de SDE apoya Congreso sobre Autismo","author":"prenxa100","date":"10 de mayo de 2023","format":false,"excerpt":"Santo Domingo Este.-. La precandidata a la Alcald\u00eda de Santo Domingo Este por la Fuerza del Pueblo, Leandra Acosta, anunci\u00f3 su respaldo al Primer Congreso sobre el Trastorno del Espectro del Autismo que fue celebrado recientemente en la biblioteca Pedro Mir de la Universidad Aut\u00f3noma de Santo Domingo, con el\u2026","rel":"","context":"En \u00abPORTADA\u00bb","block_context":{"text":"PORTADA","link":"https:\/\/lasprimeras.com.do\/index.php\/category\/portada\/"},"img":{"alt_text":"","src":"","width":0,"height":0},"classes":[]},{"id":81676,"url":"https:\/\/lasprimeras.com.do\/index.php\/2024\/04\/23\/senado-aprueba-proyecto-que-dispone-crear-unidades-de-atencion-mental-en-regiones-y-provincias-de-rd\/","url_meta":{"origin":48819,"position":3},"title":"Senado aprueba proyecto que dispone crear unidades de atenci\u00f3n mental en regiones y provincias de RD","author":"Nelson Feliz","date":"23 de abril de 2024","format":false,"excerpt":"El Senado de la Rep\u00fablica aprob\u00f3 este martes en segunda lectura, el proyecto que modifica la Ley 42-01 General de Salud, para que el Estado disponga la creaci\u00f3n de unidades de atenci\u00f3n mental y centros de rehabilitaci\u00f3n psicosocial en las principales provincias del pa\u00eds. La iniciativa, del senador Franklin Pe\u00f1a\u2026","rel":"","context":"En \u00abNACIONALES\u00bb","block_context":{"text":"NACIONALES","link":"https:\/\/lasprimeras.com.do\/index.php\/category\/nacionales\/"},"img":{"alt_text":"Ricardo de los Santos","src":"https:\/\/i0.wp.com\/lasprimeras.com.do\/wp-content\/uploads\/2024\/04\/Ricardo-de-los-Santos-2.jpg?resize=350%2C200&ssl=1","width":350,"height":200,"srcset":"https:\/\/i0.wp.com\/lasprimeras.com.do\/wp-content\/uploads\/2024\/04\/Ricardo-de-los-Santos-2.jpg?resize=350%2C200&ssl=1 1x, https:\/\/i0.wp.com\/lasprimeras.com.do\/wp-content\/uploads\/2024\/04\/Ricardo-de-los-Santos-2.jpg?resize=525%2C300&ssl=1 1.5x, https:\/\/i0.wp.com\/lasprimeras.com.do\/wp-content\/uploads\/2024\/04\/Ricardo-de-los-Santos-2.jpg?resize=700%2C400&ssl=1 2x"},"classes":[]},{"id":86481,"url":"https:\/\/lasprimeras.com.do\/index.php\/2024\/07\/26\/senado-aprueba-en-segunda-lectura-ley-proteccion-de-los-derechos-laborales-de-periodistas\/","url_meta":{"origin":48819,"position":4},"title":"Senado aprueba en segunda lectura ley protecci\u00f3n de los derechos laborales de periodistas","author":"Nelson Feliz","date":"26 de julio de 2024","format":false,"excerpt":"El Senado de la Rep\u00fablica aprob\u00f3 este jueves en segunda lectura el proyecto de ley de Cl\u00e1usula de Conciencia como protecci\u00f3n de los derechos laborales de los Periodistas en la Rep\u00fablica Dominicana. La iniciativa aprobada en la C\u00e1mara de Diputados, presentada por el diputado Tob\u00edas Crespo, pasa ahora al Poder\u2026","rel":"","context":"En \u00abNACIONALES\u00bb","block_context":{"text":"NACIONALES","link":"https:\/\/lasprimeras.com.do\/index.php\/category\/nacionales\/"},"img":{"alt_text":"","src":"https:\/\/i0.wp.com\/lasprimeras.com.do\/wp-content\/uploads\/2024\/07\/SENADO.jpg?resize=350%2C200&ssl=1","width":350,"height":200,"srcset":"https:\/\/i0.wp.com\/lasprimeras.com.do\/wp-content\/uploads\/2024\/07\/SENADO.jpg?resize=350%2C200&ssl=1 1x, https:\/\/i0.wp.com\/lasprimeras.com.do\/wp-content\/uploads\/2024\/07\/SENADO.jpg?resize=525%2C300&ssl=1 1.5x, https:\/\/i0.wp.com\/lasprimeras.com.do\/wp-content\/uploads\/2024\/07\/SENADO.jpg?resize=700%2C400&ssl=1 2x"},"classes":[]},{"id":92681,"url":"https:\/\/lasprimeras.com.do\/index.php\/2025\/01\/10\/senado-aprueba-proyecto-de-ley-organica-de-fiscalizacion-y-control-del-congreso-nacional\/","url_meta":{"origin":48819,"position":5},"title":"Senado aprueba Proyecto de Ley Org\u00e1nica de Fiscalizaci\u00f3n y Control del Congreso Nacional","author":"Nelson Feliz","date":"10 de enero de 2025","format":false,"excerpt":"En sesi\u00f3n extraordinaria de este viernes, fueron sancionadas otras importantes iniciativas. El Pleno Senatorial aprob\u00f3 en segunda lectura el Proyecto de ley Org\u00e1nica de Fiscalizaci\u00f3n y Control del Congreso Nacional, propuesta de los senadores por F\u00e9lix Ram\u00f3n Bautista y Ram\u00f3n Rogelio Genao Dur\u00e1n. Esta iniciativa tiene el prop\u00f3sito de regular\u2026","rel":"","context":"En \u00abPOLITICA\u00bb","block_context":{"text":"POLITICA","link":"https:\/\/lasprimeras.com.do\/index.php\/category\/politica\/"},"img":{"alt_text":"","src":"https:\/\/i0.wp.com\/lasprimeras.com.do\/wp-content\/uploads\/2024\/12\/senado-1.jpeg?resize=350%2C200&ssl=1","width":350,"height":200,"srcset":"https:\/\/i0.wp.com\/lasprimeras.com.do\/wp-content\/uploads\/2024\/12\/senado-1.jpeg?resize=350%2C200&ssl=1 1x, https:\/\/i0.wp.com\/lasprimeras.com.do\/wp-content\/uploads\/2024\/12\/senado-1.jpeg?resize=525%2C300&ssl=1 1.5x, https:\/\/i0.wp.com\/lasprimeras.com.do\/wp-content\/uploads\/2024\/12\/senado-1.jpeg?resize=700%2C400&ssl=1 2x, https:\/\/i0.wp.com\/lasprimeras.com.do\/wp-content\/uploads\/2024\/12\/senado-1.jpeg?resize=1050%2C600&ssl=1 3x, https:\/\/i0.wp.com\/lasprimeras.com.do\/wp-content\/uploads\/2024\/12\/senado-1.jpeg?resize=1400%2C800&ssl=1 4x"},"classes":[]}],"jetpack_sharing_enabled":true,"_links":{"self":[{"href":"https:\/\/lasprimeras.com.do\/index.php\/wp-json\/wp\/v2\/posts\/48819","targetHints":{"allow":["GET"]}}],"collection":[{"href":"https:\/\/lasprimeras.com.do\/index.php\/wp-json\/wp\/v2\/posts"}],"about":[{"href":"https:\/\/lasprimeras.com.do\/index.php\/wp-json\/wp\/v2\/types\/post"}],"author":[{"embeddable":true,"href":"https:\/\/lasprimeras.com.do\/index.php\/wp-json\/wp\/v2\/users\/1"}],"replies":[{"embeddable":true,"href":"https:\/\/lasprimeras.com.do\/index.php\/wp-json\/wp\/v2\/comments?post=48819"}],"version-history":[{"count":0,"href":"https:\/\/lasprimeras.com.do\/index.php\/wp-json\/wp\/v2\/posts\/48819\/revisions"}],"wp:featuredmedia":[{"embeddable":true,"href":"https:\/\/lasprimeras.com.do\/index.php\/wp-json\/"}],"wp:attachment":[{"href":"https:\/\/lasprimeras.com.do\/index.php\/wp-json\/wp\/v2\/media?parent=48819"}],"wp:term":[{"taxonomy":"category","embeddable":true,"href":"https:\/\/lasprimeras.com.do\/index.php\/wp-json\/wp\/v2\/categories?post=48819"},{"taxonomy":"post_tag","embeddable":true,"href":"https:\/\/lasprimeras.com.do\/index.php\/wp-json\/wp\/v2\/tags?post=48819"}],"curies":[{"name":"wp","href":"https:\/\/api.w.org\/{rel}","templated":true}]}}