{"id":48823,"date":"2023-05-04T08:13:31","date_gmt":"2023-05-04T12:13:31","guid":{"rendered":"https:\/\/atento.com.do\/?p=48823"},"modified":"2023-05-04T08:13:31","modified_gmt":"2023-05-04T12:13:31","slug":"imparten-jornada-adiestramiento-a-miembros-de-la-pn-en-la-reforma-policial","status":"publish","type":"post","link":"https:\/\/lasprimeras.com.do\/index.php\/2023\/05\/04\/imparten-jornada-adiestramiento-a-miembros-de-la-pn-en-la-reforma-policial\/","title":{"rendered":"Imparten jornada adiestramiento a miembros de la PN en la Reforma Policial"},"content":{"rendered":"\n<p>Por Wilson P\u00e9rez<\/p>\n\n\n\n<p><strong>Mao, Valverde.-<\/strong>La Direcci\u00f3n Regional Noroeste de la Polic\u00eda Nacional,imparti\u00f3 una jornada de adiestramiento sobre gu\u00eda metodol\u00f3gica de valoraci\u00f3n y administraci\u00f3n de riesgos, donde participaron oficiales comandantes, subalternos y alistados de la instituci\u00f3n del orden p\u00fablico.<\/p>\n\n\n\n<p>Estos adiestramiento se realizan mediante el proceso de modernizaci\u00f3n y reforma que ejecuta la Presidencia de la Rep\u00fablica.<\/p>\n\n\n\n<p>El evento, donde adem\u00e1s estuvieron presentes el director y subdirector regional, coroneles Ysa\u00edas Marte S\u00e1nchez y V\u00edctor Carrasco, respectivamente, se desarroll\u00f3 por m\u00e1s de tres horas, en el auditorio de la Universidad Aut\u00f3noma de Santo Domingo (recinto UASD- Mao).<\/p>\n\n\n\n<p>Los facilitadores fueron los tenientes coroneles Pedro Celestino de la Cruz y Reynoso, quienes circunscribieron los temas tratados dentro de la orden general n\u00famero 001(2023), emanada por el director general de la Polic\u00eda Nacional, mayor general Eduardo Alberto Then, conforme al programa anual de auditorio que aseguran los procesos en el \u00e1mbito de control para el buen desempe\u00f1o de los servicios policiales.<\/p>\n\n\n\n<p>Al t\u00e9rmino de la actividad, el director regional, coronel Marte S\u00e1nchez, tras agradecer la misma, exhort\u00f3 a los miembros de la instituci\u00f3n a aplicar los conocimientos adquiridos y convertirse en agentes de cambio, para forjar una cultura de mayor seguridad, paz, armon\u00eda y bienestar social entre todos los dominicanos y extranjeros que visitan o viven en la Rep\u00fablica Dominicana.<\/p>\n","protected":false},"excerpt":{"rendered":"<p>Por Wilson P\u00e9rez Mao, Valverde.-La Direcci\u00f3n Regional Noroeste de la Polic\u00eda Nacional,imparti\u00f3 una jornada de adiestramiento sobre gu\u00eda metodol\u00f3gica de valoraci\u00f3n y administraci\u00f3n de riesgos, donde participaron oficiales comandantes, subalternos&hellip;<\/p>\n","protected":false},"author":1,"featured_media":48824,"comment_status":"open","ping_status":"open","sticky":false,"template":"","format":"standard","meta":{"content-type":"","jetpack_post_was_ever_published":false,"_jetpack_newsletter_access":"","_jetpack_dont_email_post_to_subs":false,"_jetpack_newsletter_tier_id":0,"_jetpack_memberships_contains_paywalled_content":false,"_jetpack_memberships_contains_paid_content":false,"footnotes":""},"categories":[35],"tags":[472,473,474,281,475,476,477,478,479,480,481],"class_list":["post-48823","post","type-post","status-publish","format-standard","has-post-thumbnail","hentry","category-nacionales","tag-adiestramiento","tag-administracion","tag-imparten","tag-jornada","tag-miembros","tag-noroeste","tag-pn","tag-reforma-policial","tag-regional","tag-riesgos","tag-valoracion"],"jetpack_featured_media_url":"","jetpack-related-posts":[{"id":102250,"url":"https:\/\/lasprimeras.com.do\/index.php\/2025\/07\/02\/pn-se-lambe-peligroso-delincuente-el-fay-durante-allanamiento-en-mao\/","url_meta":{"origin":48823,"position":0},"title":"PN se lambe peligroso delincuente \u201cEl Fay\u201d durante allanamiento en Mao","author":"Nelson Feliz","date":"2 de julio de 2025","format":false,"excerpt":"Un reconocido antisocial identificado como Alfredo Tav\u00e1rez, alias \u201cEl Fay\u201d, con antecedentes por robo y microtr\u00e1fico, cay\u00f3 abatido tras enfrentar a tiros a agentes de la Polic\u00eda Nacional durante un allanamiento en el sector Pueblo Nuevo de Mao, provincia Valverde. \u201cEl Fay\u201d, quien figuraba en el sistema policial con fichas\u2026","rel":"","context":"En \u00abMILITARES\u00bb","block_context":{"text":"MILITARES","link":"https:\/\/lasprimeras.com.do\/index.php\/category\/militares\/"},"img":{"alt_text":"","src":"https:\/\/i0.wp.com\/lasprimeras.com.do\/wp-content\/uploads\/2025\/07\/arma.jpg?resize=350%2C200&ssl=1","width":350,"height":200,"srcset":"https:\/\/i0.wp.com\/lasprimeras.com.do\/wp-content\/uploads\/2025\/07\/arma.jpg?resize=350%2C200&ssl=1 1x, https:\/\/i0.wp.com\/lasprimeras.com.do\/wp-content\/uploads\/2025\/07\/arma.jpg?resize=525%2C300&ssl=1 1.5x, https:\/\/i0.wp.com\/lasprimeras.com.do\/wp-content\/uploads\/2025\/07\/arma.jpg?resize=700%2C400&ssl=1 2x"},"classes":[]},{"id":84149,"url":"https:\/\/lasprimeras.com.do\/index.php\/2024\/05\/31\/policias-y-miembros-de-procamp-culminan-curso-de-la-pistola-no-letal-taser-7\/","url_meta":{"origin":48823,"position":1},"title":"Polic\u00edas y miembros de Procamp culminan curso de la pistola no letal Taser 7","author":"Nelson Feliz","date":"31 de mayo de 2024","format":false,"excerpt":"Por Martin Restituyo Culminan con \u00e9xito la capacitaci\u00f3n de 13 instructores, incluyendo nueve agentes de la Polic\u00eda Nacional y cuatro miembros de la Academia de Entrenamiento Civil, Militar y Policial (Procamp), sobre el uso de la pistola no letal Taser 7. Los participantes recibieron el entrenamiento y conocimientos necesarios para\u2026","rel":"","context":"En \u00abNACIONALES\u00bb","block_context":{"text":"NACIONALES","link":"https:\/\/lasprimeras.com.do\/index.php\/category\/nacionales\/"},"img":{"alt_text":"Polic\u00edas y miembros de Procamp","src":"https:\/\/i0.wp.com\/lasprimeras.com.do\/wp-content\/uploads\/2024\/05\/Policias-y-miembros-de-Procamp-1.jpg?resize=350%2C200&ssl=1","width":350,"height":200,"srcset":"https:\/\/i0.wp.com\/lasprimeras.com.do\/wp-content\/uploads\/2024\/05\/Policias-y-miembros-de-Procamp-1.jpg?resize=350%2C200&ssl=1 1x, https:\/\/i0.wp.com\/lasprimeras.com.do\/wp-content\/uploads\/2024\/05\/Policias-y-miembros-de-Procamp-1.jpg?resize=525%2C300&ssl=1 1.5x"},"classes":[]},{"id":86058,"url":"https:\/\/lasprimeras.com.do\/index.php\/2024\/07\/16\/digev-imparte-capacitacion-al-comite-de-compras-y-contrataciones\/","url_meta":{"origin":48823,"position":2},"title":"DIGEV imparte capacitaci\u00f3n al Comit\u00e9 de Compras y Contrataciones","author":"Nelson Feliz","date":"16 de julio de 2024","format":false,"excerpt":"La Direcci\u00f3n General de las Escuelas Vocacionales de las Fuerzas Armadas y la Polic\u00eda Nacional (DIGEV), imparti\u00f3 una capacitaci\u00f3n dirigida a todo el personal que conforma el Comit\u00e9 de Compras y Contrataciones, auditor\u00eda interna e ingenier\u00eda de la instituci\u00f3n. El adiestramiento, fue impartido por el 1er. Teniente Franklin Rafael Garc\u00eda,\u2026","rel":"","context":"En \u00abNACIONALES\u00bb","block_context":{"text":"NACIONALES","link":"https:\/\/lasprimeras.com.do\/index.php\/category\/nacionales\/"},"img":{"alt_text":"","src":"https:\/\/i0.wp.com\/lasprimeras.com.do\/wp-content\/uploads\/2024\/07\/Franklin-Rafael-Garcia.jpg?resize=350%2C200&ssl=1","width":350,"height":200,"srcset":"https:\/\/i0.wp.com\/lasprimeras.com.do\/wp-content\/uploads\/2024\/07\/Franklin-Rafael-Garcia.jpg?resize=350%2C200&ssl=1 1x, https:\/\/i0.wp.com\/lasprimeras.com.do\/wp-content\/uploads\/2024\/07\/Franklin-Rafael-Garcia.jpg?resize=525%2C300&ssl=1 1.5x"},"classes":[]},{"id":104035,"url":"https:\/\/lasprimeras.com.do\/index.php\/2025\/07\/21\/universidad-de-hostos-nyc-adiestra-maestros-luego-viajan-a-rd-aprender-sobre-el-sistema-educativo\/","url_meta":{"origin":48823,"position":3},"title":"Universidad de Hostos NYC adiestra maestros; luego viajan a RD aprender sobre el sistema educativo","author":"Nelson Feliz","date":"21 de julio de 2025","format":false,"excerpt":"Por Ram\u00f3n Mercedes NUEVA YORK.- Directores escolares, profesores universitarios y administradores de Hostos Community College, del sistema Universitario de NYC (CUNY), y del Departamento de Educaci\u00f3n, participaron recientemente de un adiestramiento de maestros en esta ciudad e intercambio acad\u00e9mico en Rep\u00fablica Dominicana. En NYC se llevaron a cabo dos semanas\u2026","rel":"","context":"En \u00abINTERNACIONALES\u00bb","block_context":{"text":"INTERNACIONALES","link":"https:\/\/lasprimeras.com.do\/index.php\/category\/sin-categoria\/internacionales\/"},"img":{"alt_text":"","src":"https:\/\/i0.wp.com\/lasprimeras.com.do\/wp-content\/uploads\/2025\/07\/WhatsApp-Image-2025-07-21-at-6.13.45-AM-2.jpeg?resize=350%2C200&ssl=1","width":350,"height":200},"classes":[]},{"id":115110,"url":"https:\/\/lasprimeras.com.do\/index.php\/2025\/11\/19\/pn-despliega-2421-nuevos-egresados-para-fortalecer-la-seguridad-ciudadana\/","url_meta":{"origin":48823,"position":4},"title":"PN despliega 2,421 nuevos egresados para fortalecer la seguridad ciudadana","author":"Nelson Feliz","date":"19 de noviembre de 2025","format":false,"excerpt":"La Polic\u00eda Nacional distribuy\u00f3 este lunes a 2,421 nuevos agentes en 20 demarcaciones del pa\u00eds, durante un acto celebrado en el Coliseo Carlos \u201cTeo\u201d Cruz. De este total, 1,800 pasar\u00e1n a integrar la fase II del Nuevo Modelo de Servicio Policial, mientras que los restantes 621 reforzar\u00e1n las distintas direcciones\u2026","rel":"","context":"En \u00abMILITARES\u00bb","block_context":{"text":"MILITARES","link":"https:\/\/lasprimeras.com.do\/index.php\/category\/militares\/"},"img":{"alt_text":"","src":"https:\/\/i0.wp.com\/lasprimeras.com.do\/wp-content\/uploads\/2025\/11\/Policia-Nacional-2.jpg?resize=350%2C200&ssl=1","width":350,"height":200,"srcset":"https:\/\/i0.wp.com\/lasprimeras.com.do\/wp-content\/uploads\/2025\/11\/Policia-Nacional-2.jpg?resize=350%2C200&ssl=1 1x, https:\/\/i0.wp.com\/lasprimeras.com.do\/wp-content\/uploads\/2025\/11\/Policia-Nacional-2.jpg?resize=525%2C300&ssl=1 1.5x, https:\/\/i0.wp.com\/lasprimeras.com.do\/wp-content\/uploads\/2025\/11\/Policia-Nacional-2.jpg?resize=700%2C400&ssl=1 2x"},"classes":[]},{"id":49254,"url":"https:\/\/lasprimeras.com.do\/index.php\/2023\/05\/09\/juramentan-nueva-directiva-del-circulo-de-reporteros-graficos-de-la-linea-noroeste\/","url_meta":{"origin":48823,"position":5},"title":"Juramentan nueva directiva del C\u00edrculo de Reporteros Gr\u00e1ficos de la l\u00ednea noroeste","author":"prenxa100","date":"9 de mayo de 2023","format":false,"excerpt":"Valverde Mao, RD.- El presidente del C\u00edrculo de Reporteros Gr\u00e1ficos, Corpus Montero, posicion\u00f3 a los nuevos miembros de la directiva de ese gremio en la l\u00ednea noroeste, la cual tiene asentamiento en la provincia de Valverde Mao. Luis Rodr\u00edguez, actual presidente de la filial Valverde, al ser juramentado junto a\u2026","rel":"","context":"En \u00abENTRETENIMIENTO\u00bb","block_context":{"text":"ENTRETENIMIENTO","link":"https:\/\/lasprimeras.com.do\/index.php\/category\/entretenimiento\/"},"img":{"alt_text":"","src":"","width":0,"height":0},"classes":[]}],"jetpack_sharing_enabled":true,"_links":{"self":[{"href":"https:\/\/lasprimeras.com.do\/index.php\/wp-json\/wp\/v2\/posts\/48823","targetHints":{"allow":["GET"]}}],"collection":[{"href":"https:\/\/lasprimeras.com.do\/index.php\/wp-json\/wp\/v2\/posts"}],"about":[{"href":"https:\/\/lasprimeras.com.do\/index.php\/wp-json\/wp\/v2\/types\/post"}],"author":[{"embeddable":true,"href":"https:\/\/lasprimeras.com.do\/index.php\/wp-json\/wp\/v2\/users\/1"}],"replies":[{"embeddable":true,"href":"https:\/\/lasprimeras.com.do\/index.php\/wp-json\/wp\/v2\/comments?post=48823"}],"version-history":[{"count":0,"href":"https:\/\/lasprimeras.com.do\/index.php\/wp-json\/wp\/v2\/posts\/48823\/revisions"}],"wp:featuredmedia":[{"embeddable":true,"href":"https:\/\/lasprimeras.com.do\/index.php\/wp-json\/"}],"wp:attachment":[{"href":"https:\/\/lasprimeras.com.do\/index.php\/wp-json\/wp\/v2\/media?parent=48823"}],"wp:term":[{"taxonomy":"category","embeddable":true,"href":"https:\/\/lasprimeras.com.do\/index.php\/wp-json\/wp\/v2\/categories?post=48823"},{"taxonomy":"post_tag","embeddable":true,"href":"https:\/\/lasprimeras.com.do\/index.php\/wp-json\/wp\/v2\/tags?post=48823"}],"curies":[{"name":"wp","href":"https:\/\/api.w.org\/{rel}","templated":true}]}}