{"id":48829,"date":"2023-05-04T08:42:11","date_gmt":"2023-05-04T12:42:11","guid":{"rendered":"https:\/\/atento.com.do\/?p=48829"},"modified":"2023-05-04T08:42:11","modified_gmt":"2023-05-04T12:42:11","slug":"aspirante-a-diputacion-por-ultramar-ana-vargas-alerta-sobre-la-dificil-situacion-de-dominicanos-en-new-york","status":"publish","type":"post","link":"https:\/\/lasprimeras.com.do\/index.php\/2023\/05\/04\/aspirante-a-diputacion-por-ultramar-ana-vargas-alerta-sobre-la-dificil-situacion-de-dominicanos-en-new-york\/","title":{"rendered":"Aspirante a diputaci\u00f3n por ultramar Ana Vargas alerta sobre la dif\u00edcil situaci\u00f3n de dominicanos en New York"},"content":{"rendered":"\n<p>Por Santiago Nu\u00f1ez<\/p>\n\n\n\n<p><strong>New York.-.<\/strong>La aspirante a la diputaci\u00f3n por el Distrito n\u00famero uno de ultramar por el PLD, Ana Vargas, expres\u00f3 su preocupaci\u00f3n por la estampida de dominicanos que est\u00e1 sufriendo la comunidad quisqueyana en los ultimos meses en Nueva York. Seg\u00fan Vargas, esto es fruto del abandono al que han sido sometidos por funcionarios electos y el gobierno dominicano, sumado a la dif\u00edcil situaci\u00f3n que vive el estado neoyorquino en estos tiempos.<\/p>\n\n\n\n<p>Vargas hizo un llamado para que se preste atenci\u00f3n a esta situaci\u00f3n, ya que son miles los dominicanos que se encuentran en un callej\u00f3n sin salida, especialmente aquellos que residen en el popular sector del Alto Manhattan. Es importante que se tomen medidas urgentes para ayudar a esta comunidad que tanto lo necesita.<\/p>\n\n\n\n<p>Dominicanos residentes en el Alto Manhattan, El Bronx y Queens, condados donde reside el 75% de sus connacionales en NYC, mantienen el grito al cielo por las elevadas rentas de los apartamentos y habitaciones individuales para vivir y la falta de trabajo y de orientaci\u00f3n<\/p>\n\n\n\n<p>Sobre el tema hablan en salones de belleza, barber\u00edas, bodegas, tiendas, consultorios, agencias, paradas de autobuses y trenes, entre otros lugares p\u00fablicos.<\/p>\n\n\n\n<p>Como aspirante a la diputaci\u00f3n, Ana Vargas se compromete a trabajar por los intereses de los dominicanos en el extranjero y a luchar por mejores condiciones para su comunidad en Nueva York y en otros puntos de Estados Unidos.<\/p>\n","protected":false},"excerpt":{"rendered":"<p>Por Santiago Nu\u00f1ez New York.-.La aspirante a la diputaci\u00f3n por el Distrito n\u00famero uno de ultramar por el PLD, Ana Vargas, expres\u00f3 su preocupaci\u00f3n por la estampida de dominicanos que&hellip;<\/p>\n","protected":false},"author":1,"featured_media":48830,"comment_status":"open","ping_status":"open","sticky":false,"template":"","format":"standard","meta":{"content-type":"","jetpack_post_was_ever_published":false,"_jetpack_newsletter_access":"","_jetpack_dont_email_post_to_subs":false,"_jetpack_newsletter_tier_id":0,"_jetpack_memberships_contains_paywalled_content":false,"_jetpack_memberships_contains_paid_content":false,"footnotes":""},"categories":[1],"tags":[484,485,186,431,486,487,488,432,489],"class_list":["post-48829","post","type-post","status-publish","format-standard","has-post-thumbnail","hentry","category-sin-categoria","tag-alerta","tag-ana-vargas","tag-aspirante","tag-dificil-2","tag-diputacion","tag-dominicanos","tag-new-york","tag-situacion","tag-ultramar"],"jetpack_featured_media_url":"","jetpack-related-posts":[{"id":49975,"url":"https:\/\/lasprimeras.com.do\/index.php\/2023\/05\/16\/aspirante-a-diputada-ana-vargas-expresa-preocupacion-por-cierre-de-negocios-en-ny\/","url_meta":{"origin":48829,"position":0},"title":"Aspirante a diputada Ana Vargas expresa preocupaci\u00f3n por cierre de negocios en NY","author":"prenxa100","date":"16 de mayo de 2023","format":false,"excerpt":"New York - En respuesta a la alarmante tendencia de cierre de negocios en nuestra comunidad, la reconocida l\u00edder comunitaria y aspirante a la diputaci\u00f3n por la Circunscripci\u00f3n Uno, Ana Vargas, ha expresado su profunda preocupaci\u00f3n por las repercusiones negativas que esto tiene en nuestra comunidad dominicana. Seg\u00fan estudios recientes,\u2026","rel":"","context":"En \u00abSin categor\u00eda\u00bb","block_context":{"text":"Sin categor\u00eda","link":"https:\/\/lasprimeras.com.do\/index.php\/category\/sin-categoria\/"},"img":{"alt_text":"","src":"","width":0,"height":0},"classes":[]},{"id":79947,"url":"https:\/\/lasprimeras.com.do\/index.php\/2024\/04\/01\/vargas-juramenta-a-ledesma-presidente-federal-usa-espana-y-canada-del-prd\/","url_meta":{"origin":48829,"position":1},"title":"Vargas juramenta a Ledesma Presidente Federal USA, Espa\u00f1a y Canad\u00e1 del PRD","author":"Nelson Feliz","date":"1 de abril de 2024","format":false,"excerpt":"Por Vicente Balbuena New York.- El candidato presidencial del Partido Revolucionario Dominicano, PRD, Miguel Vargas, jurament\u00f3 al joven pol\u00edtico, Omar Ledesma, c\u00f3mo presidente Federal de la Juventud para Estados Unidos, Espa\u00f1a y Canad\u00e1 de esa organizaci\u00f3n pol\u00edtica. Vargas, tom\u00f3 el juramento a Ledesma, en un acto multitudinario desarrollado en el\u2026","rel":"","context":"En \u00abSin categor\u00eda\u00bb","block_context":{"text":"Sin categor\u00eda","link":"https:\/\/lasprimeras.com.do\/index.php\/category\/sin-categoria\/"},"img":{"alt_text":"Miguel Vargas","src":"https:\/\/i0.wp.com\/lasprimeras.com.do\/wp-content\/uploads\/2024\/04\/Miguel-Vargas-5.png?resize=350%2C200&ssl=1","width":350,"height":200,"srcset":"https:\/\/i0.wp.com\/lasprimeras.com.do\/wp-content\/uploads\/2024\/04\/Miguel-Vargas-5.png?resize=350%2C200&ssl=1 1x, https:\/\/i0.wp.com\/lasprimeras.com.do\/wp-content\/uploads\/2024\/04\/Miguel-Vargas-5.png?resize=525%2C300&ssl=1 1.5x, https:\/\/i0.wp.com\/lasprimeras.com.do\/wp-content\/uploads\/2024\/04\/Miguel-Vargas-5.png?resize=700%2C400&ssl=1 2x"},"classes":[]},{"id":122303,"url":"https:\/\/lasprimeras.com.do\/index.php\/2026\/02\/16\/miguel-vargas-alerta-sobre-caida-de-autosuficiencia-alimentaria-en-rd\/","url_meta":{"origin":48829,"position":2},"title":"Miguel Vargas alerta sobre ca\u00edda de autosuficiencia alimentaria en RD","author":"Nelson Feliz","date":"16 de febrero de 2026","format":false,"excerpt":"El presidente del Partido Revolucionario Dominicano (PRD),Miguel Vargas Maldonado, advirti\u00f3 este domingo que la Rep\u00fablica Dominicana ha retrocedido en sectores clave para el desarrollo nacional, especialmente en la producci\u00f3n agropecuaria. Vargas Maldonado dijo que el pa\u00eds pas\u00f3 de ser autosuficiente en un 85 % en alimentos a apenas un 70\u2026","rel":"","context":"En \u00abPOLITICA\u00bb","block_context":{"text":"POLITICA","link":"https:\/\/lasprimeras.com.do\/index.php\/category\/politica\/"},"img":{"alt_text":"","src":"https:\/\/i0.wp.com\/lasprimeras.com.do\/wp-content\/uploads\/2026\/02\/PRD-1140x694-1.jpeg?resize=350%2C200&ssl=1","width":350,"height":200,"srcset":"https:\/\/i0.wp.com\/lasprimeras.com.do\/wp-content\/uploads\/2026\/02\/PRD-1140x694-1.jpeg?resize=350%2C200&ssl=1 1x, https:\/\/i0.wp.com\/lasprimeras.com.do\/wp-content\/uploads\/2026\/02\/PRD-1140x694-1.jpeg?resize=525%2C300&ssl=1 1.5x, https:\/\/i0.wp.com\/lasprimeras.com.do\/wp-content\/uploads\/2026\/02\/PRD-1140x694-1.jpeg?resize=700%2C400&ssl=1 2x, https:\/\/i0.wp.com\/lasprimeras.com.do\/wp-content\/uploads\/2026\/02\/PRD-1140x694-1.jpeg?resize=1050%2C600&ssl=1 3x"},"classes":[]},{"id":115941,"url":"https:\/\/lasprimeras.com.do\/index.php\/2025\/11\/26\/danylsa-vargas-recibe-reconocimiento-a-la-trayectoria-en-premios-la-flor\/","url_meta":{"origin":48829,"position":3},"title":"Danylsa Vargas recibe reconocimiento a la trayectoria en Premios La Flor","author":"Nelson Feliz","date":"26 de noviembre de 2025","format":false,"excerpt":"Danylsa Vargas recibe reconocimiento a la trayectoria en Premios La Flor","rel":"","context":"En \u00abENTRETENIMIENTO\u00bb","block_context":{"text":"ENTRETENIMIENTO","link":"https:\/\/lasprimeras.com.do\/index.php\/category\/entretenimiento\/"},"img":{"alt_text":"","src":"https:\/\/i0.wp.com\/lasprimeras.com.do\/wp-content\/uploads\/2025\/11\/Danylsa-Vargas.jpg?resize=350%2C200&ssl=1","width":350,"height":200,"srcset":"https:\/\/i0.wp.com\/lasprimeras.com.do\/wp-content\/uploads\/2025\/11\/Danylsa-Vargas.jpg?resize=350%2C200&ssl=1 1x, https:\/\/i0.wp.com\/lasprimeras.com.do\/wp-content\/uploads\/2025\/11\/Danylsa-Vargas.jpg?resize=525%2C300&ssl=1 1.5x, https:\/\/i0.wp.com\/lasprimeras.com.do\/wp-content\/uploads\/2025\/11\/Danylsa-Vargas.jpg?resize=700%2C400&ssl=1 2x"},"classes":[]},{"id":126096,"url":"https:\/\/lasprimeras.com.do\/index.php\/2026\/03\/30\/vargas-advierte-complejidad-del-sistema-bloquea-la-salud-en-ny\/","url_meta":{"origin":48829,"position":4},"title":"Vargas advierte: Complejidad del sistema bloquea la salud en NY","author":"Nelson Feliz","date":"30 de marzo de 2026","format":false,"excerpt":"Por Ram\u00f3n Mercedes NUEVA YORK.- El especialista en seguros de salud de esta ciudad (Medicaid y Medicare), Jaime Vargas, afirm\u00f3 que el acceso a la salud en Nueva York no se est\u00e1 perdiendo solo por decisiones pol\u00edticas, sino tambi\u00e9n por la complejidad del sistema. \u201cCartas que no se entienden; plazos\u2026","rel":"","context":"En \u00abSALUD\u00bb","block_context":{"text":"SALUD","link":"https:\/\/lasprimeras.com.do\/index.php\/category\/salud\/"},"img":{"alt_text":"","src":"https:\/\/i0.wp.com\/lasprimeras.com.do\/wp-content\/uploads\/2026\/03\/Vargas-en-NY-El-acceso-a-la-salud-se-esta-perdiendo-por-la-complejidad-del-sistema-dominicanos-afectados.jpg?resize=350%2C200&ssl=1","width":350,"height":200,"srcset":"https:\/\/i0.wp.com\/lasprimeras.com.do\/wp-content\/uploads\/2026\/03\/Vargas-en-NY-El-acceso-a-la-salud-se-esta-perdiendo-por-la-complejidad-del-sistema-dominicanos-afectados.jpg?resize=350%2C200&ssl=1 1x, https:\/\/i0.wp.com\/lasprimeras.com.do\/wp-content\/uploads\/2026\/03\/Vargas-en-NY-El-acceso-a-la-salud-se-esta-perdiendo-por-la-complejidad-del-sistema-dominicanos-afectados.jpg?resize=525%2C300&ssl=1 1.5x"},"classes":[]},{"id":110670,"url":"https:\/\/lasprimeras.com.do\/index.php\/2025\/09\/30\/miguel-vargas-llama-al-gobierno-a-tomar-acciones-concretas-para-detener-descalabro-de-servicios\/","url_meta":{"origin":48829,"position":5},"title":"Miguel Vargas llama al gobierno a tomar acciones concretas para detener \u201cdescalabro\u201d de servicios","author":"Nelson Feliz","date":"30 de septiembre de 2025","format":false,"excerpt":"El presidente del Partido Revolucionario Dominicano (PRD), Miguel Vargas Maldonado, responsabiliz\u00f3 al Gobierno del presidente Luis Abinader del colapso de los servicios b\u00e1sicos y de haber convertido la corrupci\u00f3n en un signo distintivo de su gesti\u00f3n. \u201cEl gobierno est\u00e1 obligado a tomar acciones y pol\u00edticas concretas para detener el descalabro\u2026","rel":"","context":"En \u00abPOLITICA\u00bb","block_context":{"text":"POLITICA","link":"https:\/\/lasprimeras.com.do\/index.php\/category\/politica\/"},"img":{"alt_text":"Miguel Vargas","src":"https:\/\/i0.wp.com\/lasprimeras.com.do\/wp-content\/uploads\/2023\/12\/Miguel-Vargas-1.jpg?resize=350%2C200&ssl=1","width":350,"height":200,"srcset":"https:\/\/i0.wp.com\/lasprimeras.com.do\/wp-content\/uploads\/2023\/12\/Miguel-Vargas-1.jpg?resize=350%2C200&ssl=1 1x, https:\/\/i0.wp.com\/lasprimeras.com.do\/wp-content\/uploads\/2023\/12\/Miguel-Vargas-1.jpg?resize=525%2C300&ssl=1 1.5x, https:\/\/i0.wp.com\/lasprimeras.com.do\/wp-content\/uploads\/2023\/12\/Miguel-Vargas-1.jpg?resize=700%2C400&ssl=1 2x"},"classes":[]}],"jetpack_sharing_enabled":true,"_links":{"self":[{"href":"https:\/\/lasprimeras.com.do\/index.php\/wp-json\/wp\/v2\/posts\/48829","targetHints":{"allow":["GET"]}}],"collection":[{"href":"https:\/\/lasprimeras.com.do\/index.php\/wp-json\/wp\/v2\/posts"}],"about":[{"href":"https:\/\/lasprimeras.com.do\/index.php\/wp-json\/wp\/v2\/types\/post"}],"author":[{"embeddable":true,"href":"https:\/\/lasprimeras.com.do\/index.php\/wp-json\/wp\/v2\/users\/1"}],"replies":[{"embeddable":true,"href":"https:\/\/lasprimeras.com.do\/index.php\/wp-json\/wp\/v2\/comments?post=48829"}],"version-history":[{"count":0,"href":"https:\/\/lasprimeras.com.do\/index.php\/wp-json\/wp\/v2\/posts\/48829\/revisions"}],"wp:featuredmedia":[{"embeddable":true,"href":"https:\/\/lasprimeras.com.do\/index.php\/wp-json\/"}],"wp:attachment":[{"href":"https:\/\/lasprimeras.com.do\/index.php\/wp-json\/wp\/v2\/media?parent=48829"}],"wp:term":[{"taxonomy":"category","embeddable":true,"href":"https:\/\/lasprimeras.com.do\/index.php\/wp-json\/wp\/v2\/categories?post=48829"},{"taxonomy":"post_tag","embeddable":true,"href":"https:\/\/lasprimeras.com.do\/index.php\/wp-json\/wp\/v2\/tags?post=48829"}],"curies":[{"name":"wp","href":"https:\/\/api.w.org\/{rel}","templated":true}]}}