{"id":48836,"date":"2023-05-04T10:18:27","date_gmt":"2023-05-04T14:18:27","guid":{"rendered":"https:\/\/atento.com.do\/?p=48836"},"modified":"2023-05-04T10:18:27","modified_gmt":"2023-05-04T14:18:27","slug":"a-27-anos-del-asesinato-del-nino-jose-rafael-llenas-aybar","status":"publish","type":"post","link":"https:\/\/lasprimeras.com.do\/index.php\/2023\/05\/04\/a-27-anos-del-asesinato-del-nino-jose-rafael-llenas-aybar\/","title":{"rendered":"A 27 a\u00f1os del asesinato del ni\u00f1o Jos\u00e9 Rafael Llenas Aybar"},"content":{"rendered":"\n<pre id=\"tw-target-text\" class=\"wp-block-preformatted\">Hoy, 4 de mayo, la sociedad dominicana a\u00fan recuerda con pesar c\u00f3mo hace 27 a\u00f1os dos j\u00f3venes le arrebataron la vida al ni\u00f1o Jos\u00e9 Rafael Llenas Aybar, en uno de los casos m\u00e1s tr\u00e1gicos que ha sufrido el pa\u00eds, llegando a ser definido como \u201cel caso del siglo\u201d.\n\nSu cuerpo sin vida fue encontrado a medio zambullir en un arroyo el s\u00e1bado 4 de mayo de 1996, y justo para estas fechas sus familiares recuerdan que de haber estado vivo, Jos\u00e9 Rafael hubiera cumplido 39 a\u00f1os de edad.\n\n\u201cIr a ver una exhibici\u00f3n de motores en un supermercado\u201d fue el enga\u00f1o que utilizaron los asesinos, su primo hermano Mario Jos\u00e9 Redondo Llenas, de 19 a\u00f1os, y su amigo Juan Manuel Molin\u00e9 Rodr\u00edguez, de 18, para sacarlo de su casa cuando ten\u00eda 12 a\u00f1os.\nLo que conmocion\u00f3 a la sociedad, dejando huellas despu\u00e9s de m\u00e1s de dos d\u00e9cadas de haber sucedido el hecho, es la forma en la que Jos\u00e9 Rafael fue asesinado por su primo, a quien los padres del menor confiaban su custodia.\n\nEl cad\u00e1ver del infante fue hallado en el arroyo Lebr\u00f3n, pr\u00f3ximo al kil\u00f3metro 24 de la autopista Duarte, en unas condiciones bastante \u201ccrudas\u201d: envuelto en cinta adhesiva gruesa y con 34 pu\u00f1aladas que atravesaron la piel de su espalda.\n\nSeg\u00fan lo relatado por los implicados en el juicio, fue su primo hermano quien le propin\u00f3 las cuchilladas, mientras que el papel de Molin\u00e9 Rodr\u00edguez se limit\u00f3 a sujetarlo con fuerza para \u201caquietarlo\u201d.\n\nPero antes de esto Jos\u00e9 Rafael ya estaba siendo torturado, puesto que ten\u00eda varias horas amarrado de pies y manos en el ba\u00fal de un veh\u00edculo mientras sus asesinos \u201caveriguaban qu\u00e9 hacer con \u00e9l\u201d.\n\n<strong>EL D\u00cdA DE LA DESAPARICI\u00d3N<\/strong>\nUn d\u00eda antes de su tr\u00e1gica muerte, la madre de Jos\u00e9 Rafael, Ileana Aybar Nadal, recibi\u00f3 una llamada de su hijo al trabajo en la que le ped\u00eda permiso para salir con su primo a una supuesta exhibici\u00f3n de motores que ten\u00eda lugar en un supermercado. Ileana accedi\u00f3 con la condici\u00f3n de que su hijo volviera a casa a las 5:00 de la tarde.\n\nSin embargo, Jos\u00e9 Rafael nunca lleg\u00f3 a la exposici\u00f3n de motores, ya que su verdadero paradero fue la casa del amigo de su primo, donde Mario Redondo y Molin\u00e9 Rodr\u00edguez empezaron a planificar lo que har\u00edan con \u00e9l.\n\nEn el juicio ambos declararon que en principio pretend\u00edan secuestrarlo para cobrar el rescate, en vista de que el ni\u00f1o pertenec\u00eda a una familia de clase media alta, sin embargo terminaron asesin\u00e1ndolo.\n\nLuego de dar \u201cvueltas\u201d en el veh\u00edculo, donde Jos\u00e9 Rafael permanec\u00eda en el ba\u00fal amordazado, Mario Redondo le dijo a su amigo que no pod\u00eda regresar el ni\u00f1o a casa porque \u201cpod\u00eda hablar\u201d por lo que lo apu\u00f1alaron ah\u00ed mismo y luego lo lanzaron al arroyo.\n\nEn ese momento Mario llam\u00f3 a la madre de su primo, su t\u00eda, para decirle que lo hab\u00eda dejado en La Bolera a petici\u00f3n del ni\u00f1o, ya que m\u00e1s tarde se encontrar\u00eda con unos amigos.\nIleana Aybar comenz\u00f3 a sospechar, puesto que su hijo nunca sal\u00eda sin la supervisi\u00f3n de un adulto. As\u00ed que fue al supermercado donde cre\u00eda que se iba encontrar con la exposici\u00f3n de motores, pero nunca hubo una.\n\nLuego fue a la plaza donde supuestamente Mario hab\u00eda dejado a su primo, sin embargo, no lo encontr\u00f3. En medio de la desesperaci\u00f3n y el miedo la madre se comunic\u00f3 con su primo Guillermo Moncada Aybar para que la ayudara a buscar a su hijo. Tiempo despu\u00e9s el mismo Mario se integr\u00f3 en la b\u00fasqueda \u201cpreocupado\u201d.\n\nUn d\u00eda m\u00e1s tarde una pareja de campesinos del sector El Cenit, ubicado en Pedro Brand, se encontraron el cuerpo de Jos\u00e9 Rafael tirado en un arroyo, s\u00f3lo le flotaban los pies.\n\n<strong>UN \u201cPAPELITO\u201d EN SUS MANOS<\/strong>\nUn papel hallado en las manos sin vida del ni\u00f1o fue la pista que condujo a las autoridades hacia los autores del crimen.\n\nEl \u201cpapelito\u201d conten\u00eda el n\u00famero telef\u00f3nico de Kimberly Caldas, novia de Molin\u00e9. Luego los investigadores conectaron con el primo hermano del infante, Mario Redondo Llenas. Al d\u00eda siguiente ambos implicados fueron apresados y confesaron lo que hab\u00edan hecho.\n\nEn el pa\u00eds se expandieron r\u00e1pidamente las campa\u00f1as en busca de justicia por el crimen. Un avi\u00f3n se abr\u00eda paso en el firmamento del Gran Santo Domingo con un cartel donde se le\u00eda \u201cJusticia para Jos\u00e9\u201d.\n\nMario Redondo y Molin\u00e9 Rodr\u00edguez fueron condenados en un inicio a 30 a\u00f1os de prisi\u00f3n a cumplirse en los centros penitenciarios de San Pedro de Macor\u00eds y Najayo Hombres respectivamente, no obstante, el 14 de octubre de 2002 la c\u00e1mara penal de la Corte de Apelaci\u00f3n de Santo Domingo baj\u00f3 la condena de Molin\u00e9 a 20 a\u00f1os y ratific\u00f3 la de Mario a 30.\n\n\u201cEL DOLOR DE LA FALTA DE MI HIJO NO LO RESARCE NINGUNA CONDENA\u201d, EXPRES\u00d3 ENTONCES ANTE LOS MEDIOS DE COMUNICACI\u00d3N LA MADRE DE JOS\u00c9 RAFAEL.\nAmbos fueron acusados de asesinato, secuestro, robo agravado, asociaci\u00f3n de malhechores y porte ilegal de arma blanca en perjuicio del menor. Adem\u00e1s de los a\u00f1os que pasar\u00edan en prisi\u00f3n, tambi\u00e9n los condenaron al pago de cinco millones de pesos como indemnizaci\u00f3n a los padres de la v\u00edctima.\n\n<strong>MOLIN\u00c9 FUE PUESTO EN LIBERTAD<\/strong>\nEn mayo de 2016 Molin\u00e9 Rodr\u00edguez, cuya pena hab\u00eda sido rebajada a 20 a\u00f1os, cumpli\u00f3 su condena y fue puesto en libertad por los tribunales.\n\nAnteriormente hab\u00eda solicitado la libertad condicional ante la justicia, sin embargo, nunca le fue concedida.\n\nAl salir a las calles dio un \u201cmensaje de arrepentimiento\u201d y \u201cpidi\u00f3 perd\u00f3n\u201d a la sociedad dominicana por el fat\u00eddico crimen que cometi\u00f3 junto a Mario Redondo.\nReconoci\u00f3 que \u201cla juventud le jug\u00f3 en contra\u201d, ya que s\u00f3lo ten\u00eda 18 a\u00f1os cuando fue c\u00f3mplice del brutal asesinato.\n\n\u201cComo ustedes ven yo cumpl\u00ed la totalidad de mi pena, yo hice esto con la esperanza de que al cumplir la pena completa iba a traer tranquilidad y un poco de paz a las personas que se vieron lastimadas por este hecho\u201d, expres\u00f3 a los medios.<\/pre>\n","protected":false},"excerpt":{"rendered":"<p>Hoy, 4 de mayo, la sociedad dominicana a\u00fan recuerda con pesar c\u00f3mo hace 27 a\u00f1os dos j\u00f3venes le arrebataron la vida al ni\u00f1o Jos\u00e9 Rafael Llenas Aybar, en uno de&hellip;<\/p>\n","protected":false},"author":1,"featured_media":48837,"comment_status":"open","ping_status":"open","sticky":false,"template":"","format":"standard","meta":{"content-type":"","jetpack_post_was_ever_published":false,"_jetpack_newsletter_access":"","_jetpack_dont_email_post_to_subs":false,"_jetpack_newsletter_tier_id":0,"_jetpack_memberships_contains_paywalled_content":false,"_jetpack_memberships_contains_paid_content":false,"footnotes":""},"categories":[289],"tags":[494,495,443,496,497,330,498],"class_list":["post-48836","post","type-post","status-publish","format-standard","has-post-thumbnail","hentry","category-justicia","tag-caso-llenas-aybar","tag-jose-rafael-llenas-aybar","tag-justicia","tag-manuel-moline","tag-mario-jose-redondo","tag-muerte","tag-nino"],"jetpack_featured_media_url":"","jetpack-related-posts":[{"id":108411,"url":"https:\/\/lasprimeras.com.do\/index.php\/2025\/09\/07\/jose-joaquin-puello-relata-su-rol-en-el-ajusticiamiento-de-trujillo-y-resalta-impacto-de-la-ciudad-sanitaria\/","url_meta":{"origin":48836,"position":0},"title":"Jos\u00e9 Joaqu\u00edn Puello relata su rol en el ajusticiamiento de Trujillo y resalta impacto de la Ciudad Sanitaria","author":"Nelson Feliz","date":"7 de septiembre de 2025","format":false,"excerpt":"El neurocirujano Jos\u00e9 Joaqu\u00edn Puello, relat\u00f3 su papel en la noche del 30 de mayo de 1961, cuando fue ajusticiado el dictador Rafael Le\u00f3nidas Trujillo, le correspondi\u00f3 recibir en la Cl\u00ednica Internacional al conjurado Pedro Livio Cede\u00f1o, herido tras el atentado contra el dictador. En el programa Rese\u00f1as, El Podcast,\u2026","rel":"","context":"En \u00abNACIONALES\u00bb","block_context":{"text":"NACIONALES","link":"https:\/\/lasprimeras.com.do\/index.php\/category\/nacionales\/"},"img":{"alt_text":"Jos\u00e9 Joaqu\u00edn Puello","src":"https:\/\/i0.wp.com\/lasprimeras.com.do\/wp-content\/uploads\/2023\/09\/Jose-Joaquin-Puello.jpg?resize=350%2C200&ssl=1","width":350,"height":200,"srcset":"https:\/\/i0.wp.com\/lasprimeras.com.do\/wp-content\/uploads\/2023\/09\/Jose-Joaquin-Puello.jpg?resize=350%2C200&ssl=1 1x, https:\/\/i0.wp.com\/lasprimeras.com.do\/wp-content\/uploads\/2023\/09\/Jose-Joaquin-Puello.jpg?resize=525%2C300&ssl=1 1.5x"},"classes":[]},{"id":100333,"url":"https:\/\/lasprimeras.com.do\/index.php\/2025\/06\/05\/abinader-designa-al-veterano-comunicador-jose-antonio-aybar-presidente-de-cnepr\/","url_meta":{"origin":48836,"position":1},"title":"Abinader designa al veterano comunicador Jos\u00e9 Antonio Aybar presidente de CNEPR","author":"Nelson Feliz","date":"5 de junio de 2025","format":false,"excerpt":"El presidente Luis Abinader design\u00f3 mediante el Decreto 289-25 a Jos\u00e9 Antonio Aybar F\u00e9lix presidente de la Comisi\u00f3n Nacional de Espect\u00e1culos P\u00fablicos y Radiofon\u00eda. Jos\u00e9 Antonio Aybar Es un veterano periodista, locutor, relacionista p\u00fablico y productor radial dominicano, con m\u00e1s de tres d\u00e9cadas de trayectoria en los medios de comunicaci\u00f3n.\u2026","rel":"","context":"En \u00abENTRETENIMIENTO\u00bb","block_context":{"text":"ENTRETENIMIENTO","link":"https:\/\/lasprimeras.com.do\/index.php\/category\/entretenimiento\/"},"img":{"alt_text":"","src":"https:\/\/i0.wp.com\/lasprimeras.com.do\/wp-content\/uploads\/2025\/06\/Jose-Antonio-Aybar.jpeg?resize=350%2C200&ssl=1","width":350,"height":200,"srcset":"https:\/\/i0.wp.com\/lasprimeras.com.do\/wp-content\/uploads\/2025\/06\/Jose-Antonio-Aybar.jpeg?resize=350%2C200&ssl=1 1x, https:\/\/i0.wp.com\/lasprimeras.com.do\/wp-content\/uploads\/2025\/06\/Jose-Antonio-Aybar.jpeg?resize=525%2C300&ssl=1 1.5x, https:\/\/i0.wp.com\/lasprimeras.com.do\/wp-content\/uploads\/2025\/06\/Jose-Antonio-Aybar.jpeg?resize=700%2C400&ssl=1 2x"},"classes":[]},{"id":112700,"url":"https:\/\/lasprimeras.com.do\/index.php\/2025\/10\/25\/jose-joaquin-puello-destaca-calidad-de-la-ciudad-sanitaria-luis-eduardo-aybar\/","url_meta":{"origin":48836,"position":2},"title":"Jos\u00e9 Joaqu\u00edn Puello destaca calidad de la Ciudad Sanitaria Luis Eduardo Aybar","author":"Nelson Feliz","date":"25 de octubre de 2025","format":false,"excerpt":"El director del Hospital Luis Eduardo Aybar, resalt\u00f3 la calidad, el dise\u00f1o y el nivel de modernidad de la Ciudad Sanitaria Luis Eduardo Aybar, asegurando que este complejo hospitalario cumple con los m\u00e1s altos est\u00e1ndares internacionales en infraestructura y equipamiento m\u00e9dico. El neurocirujano Jos\u00e9 Joaqu\u00edn Puello, explic\u00f3 que el centro\u2026","rel":"","context":"En \u00abSALUD\u00bb","block_context":{"text":"SALUD","link":"https:\/\/lasprimeras.com.do\/index.php\/category\/salud\/"},"img":{"alt_text":"Jos\u00e9 Joaqu\u00edn Puello Herrera","src":"https:\/\/i0.wp.com\/lasprimeras.com.do\/wp-content\/uploads\/2023\/09\/Jose-Joaquin-Puello-Herrera.jpg?resize=350%2C200&ssl=1","width":350,"height":200},"classes":[]},{"id":101861,"url":"https:\/\/lasprimeras.com.do\/index.php\/2025\/06\/27\/jose-joaquin-puello-es-insostenible-el-pago-de-75-de-honorarios-de-cecanot-a-los-medicos\/","url_meta":{"origin":48836,"position":3},"title":"Jos\u00e9 Joaqu\u00edn Puello: &#8220;Es insostenible el pago de 75% de honorarios de Cecanot a los m\u00e9dicos&#8221;","author":"Nelson Feliz","date":"27 de junio de 2025","format":false,"excerpt":"El presidente de la Ciudad Sanitaria Luis Eduardo Aybar, doctor Jos\u00e9 Joaqu\u00edn Puello afirm\u00f3 que el modo de incentivo que solicita el Departamento de Oftalmolog\u00eda del Centro Cardio-Neuro Oftalmol\u00f3gico y Trasplante (CECANOT) es insostenible en la actualidad, por lo que podr\u00eda poner en peligro el futuro de este. El doctor\u2026","rel":"","context":"En \u00abSALUD\u00bb","block_context":{"text":"SALUD","link":"https:\/\/lasprimeras.com.do\/index.php\/category\/salud\/"},"img":{"alt_text":"Jos\u00e9 Joaqu\u00edn Puello","src":"https:\/\/i0.wp.com\/lasprimeras.com.do\/wp-content\/uploads\/2025\/06\/Jose-Joaquin-Puello.jpg?resize=350%2C200&ssl=1","width":350,"height":200,"srcset":"https:\/\/i0.wp.com\/lasprimeras.com.do\/wp-content\/uploads\/2025\/06\/Jose-Joaquin-Puello.jpg?resize=350%2C200&ssl=1 1x, https:\/\/i0.wp.com\/lasprimeras.com.do\/wp-content\/uploads\/2025\/06\/Jose-Joaquin-Puello.jpg?resize=525%2C300&ssl=1 1.5x, https:\/\/i0.wp.com\/lasprimeras.com.do\/wp-content\/uploads\/2025\/06\/Jose-Joaquin-Puello.jpg?resize=700%2C400&ssl=1 2x"},"classes":[]},{"id":114939,"url":"https:\/\/lasprimeras.com.do\/index.php\/2025\/10\/14\/sns-juramenta-nuevas-autoridades-hospital-clinico-quirurgico-jose-joaquin-puello-de-la-ciudad-sanitaria-dr-luis-eduardo-aybar\/","url_meta":{"origin":48836,"position":4},"title":"SNS juramenta nuevas autoridades Hospital Cl\u00ednico Quir\u00fargico Jos\u00e9 Joaqu\u00edn Puello de la Ciudad Sanitaria Dr. Luis Eduardo Aybar","author":"Nelson Feliz","date":"14 de octubre de 2025","format":false,"excerpt":"El director del Servicio Nacional de Salud (SNS), doctor Mario Lama, jurament\u00f3 este martes al doctor Ram\u00f3n Feliz Jim\u00e9nez como nuevo director del Hospital Jos\u00e9 Joaqu\u00edn Puello y a la doctora Patricia \u00c1lvarez como subdirectora del centro, ubicado en la Ciudad Sanitaria Dr. Luis Eduardo Aybar. Al juramentarlos, el doctor\u2026","rel":"","context":"En \u00abPORTADA\u00bb","block_context":{"text":"PORTADA","link":"https:\/\/lasprimeras.com.do\/index.php\/category\/portada\/"},"img":{"alt_text":"","src":"https:\/\/i0.wp.com\/lasprimeras.com.do\/wp-content\/uploads\/2025\/11\/Ciudad-Sanitaria-Dr.-Luis-Eduardo-Aybar.jpg?resize=350%2C200&ssl=1","width":350,"height":200,"srcset":"https:\/\/i0.wp.com\/lasprimeras.com.do\/wp-content\/uploads\/2025\/11\/Ciudad-Sanitaria-Dr.-Luis-Eduardo-Aybar.jpg?resize=350%2C200&ssl=1 1x, https:\/\/i0.wp.com\/lasprimeras.com.do\/wp-content\/uploads\/2025\/11\/Ciudad-Sanitaria-Dr.-Luis-Eduardo-Aybar.jpg?resize=525%2C300&ssl=1 1.5x, https:\/\/i0.wp.com\/lasprimeras.com.do\/wp-content\/uploads\/2025\/11\/Ciudad-Sanitaria-Dr.-Luis-Eduardo-Aybar.jpg?resize=700%2C400&ssl=1 2x"},"classes":[]},{"id":64499,"url":"https:\/\/lasprimeras.com.do\/index.php\/2023\/10\/20\/complejo-luis-e-aybar-sin-fecha-de-terminacion-a-nueve-anos-inicio-trabajos\/","url_meta":{"origin":48836,"position":5},"title":"Complejo Luis E. Aybar sin fecha de terminaci\u00f3n a nueve a\u00f1os inicio trabajos","author":"BIMARY DE JES\u00daS Matos","date":"20 de octubre de 2023","format":false,"excerpt":"Santo Domingo.-En limpieza de malezas, restauraci\u00f3n de espacios con filtraciones y pintura se encontraban los trabajos en la Ciudad Sanitaria Luis Eduardo Aybar, donde antes de finalizar el a\u00f1o pretenden entregar dos de los edificios que componen el complejo. \u201cLa idea es lograr para fin de a\u00f1o que el \u00fanico\u2026","rel":"","context":"En \u00abPORTADA\u00bb","block_context":{"text":"PORTADA","link":"https:\/\/lasprimeras.com.do\/index.php\/category\/portada\/"},"img":{"alt_text":"","src":"https:\/\/i0.wp.com\/lasprimeras.com.do\/wp-content\/uploads\/2023\/10\/WhatsApp-Image-2023-10-19-at-12.04.14-PM.jpeg?resize=350%2C200&ssl=1","width":350,"height":200,"srcset":"https:\/\/i0.wp.com\/lasprimeras.com.do\/wp-content\/uploads\/2023\/10\/WhatsApp-Image-2023-10-19-at-12.04.14-PM.jpeg?resize=350%2C200&ssl=1 1x, https:\/\/i0.wp.com\/lasprimeras.com.do\/wp-content\/uploads\/2023\/10\/WhatsApp-Image-2023-10-19-at-12.04.14-PM.jpeg?resize=525%2C300&ssl=1 1.5x, https:\/\/i0.wp.com\/lasprimeras.com.do\/wp-content\/uploads\/2023\/10\/WhatsApp-Image-2023-10-19-at-12.04.14-PM.jpeg?resize=700%2C400&ssl=1 2x, https:\/\/i0.wp.com\/lasprimeras.com.do\/wp-content\/uploads\/2023\/10\/WhatsApp-Image-2023-10-19-at-12.04.14-PM.jpeg?resize=1050%2C600&ssl=1 3x"},"classes":[]}],"jetpack_sharing_enabled":true,"_links":{"self":[{"href":"https:\/\/lasprimeras.com.do\/index.php\/wp-json\/wp\/v2\/posts\/48836","targetHints":{"allow":["GET"]}}],"collection":[{"href":"https:\/\/lasprimeras.com.do\/index.php\/wp-json\/wp\/v2\/posts"}],"about":[{"href":"https:\/\/lasprimeras.com.do\/index.php\/wp-json\/wp\/v2\/types\/post"}],"author":[{"embeddable":true,"href":"https:\/\/lasprimeras.com.do\/index.php\/wp-json\/wp\/v2\/users\/1"}],"replies":[{"embeddable":true,"href":"https:\/\/lasprimeras.com.do\/index.php\/wp-json\/wp\/v2\/comments?post=48836"}],"version-history":[{"count":0,"href":"https:\/\/lasprimeras.com.do\/index.php\/wp-json\/wp\/v2\/posts\/48836\/revisions"}],"wp:featuredmedia":[{"embeddable":true,"href":"https:\/\/lasprimeras.com.do\/index.php\/wp-json\/"}],"wp:attachment":[{"href":"https:\/\/lasprimeras.com.do\/index.php\/wp-json\/wp\/v2\/media?parent=48836"}],"wp:term":[{"taxonomy":"category","embeddable":true,"href":"https:\/\/lasprimeras.com.do\/index.php\/wp-json\/wp\/v2\/categories?post=48836"},{"taxonomy":"post_tag","embeddable":true,"href":"https:\/\/lasprimeras.com.do\/index.php\/wp-json\/wp\/v2\/tags?post=48836"}],"curies":[{"name":"wp","href":"https:\/\/api.w.org\/{rel}","templated":true}]}}