{"id":48840,"date":"2023-05-04T10:42:17","date_gmt":"2023-05-04T14:42:17","guid":{"rendered":"https:\/\/atento.com.do\/?p=48840"},"modified":"2023-05-04T10:42:17","modified_gmt":"2023-05-04T14:42:17","slug":"juan-guaido-despues-de-salir-huyendo-se-reunio-con-su-familia","status":"publish","type":"post","link":"https:\/\/lasprimeras.com.do\/index.php\/2023\/05\/04\/juan-guaido-despues-de-salir-huyendo-se-reunio-con-su-familia\/","title":{"rendered":"Juan Guaid\u00f3 despu\u00e9s de salir huyendo se reuni\u00f3 con su familia"},"content":{"rendered":"\n<p>El l\u00edder opositor venezolano, Juan Guaid\u00f3, sali\u00f3 huyendo de su Rep\u00fablica Bolivariana por temor a que le quiten la vida, solicit\u00f3 asilo pol\u00edtico en los Estados Unidos y el pasado lunes 01 de mayo logr\u00f3 reunirse con su familia, la cu\u00e1l llegaron a Miami para continuar el proceso de asilo.<\/p>\n\n\n\n<p>\u00abMi preocupaci\u00f3n y angustia por ellas me ten\u00eda sin alma, pero tenerlas de mi lado de nuevo reafirma el prop\u00f3sito de luchar para una Venezuela libre en la que las familias venezolanas puedan volver a reencontrarse, abrazarse y vivir una vida plena\u00bb, indic\u00f3 Guaid\u00f3 a trav\u00e9s de Twitter.<\/p>\n\n\n\n<p>Despu\u00e9s de m\u00e1s de un mes de no verlas, con su libertad y seguridad a riesgo, hoy me llena de mucha alegr\u00eda poder decirles que Fabiana, Miranda y M\u00e9rida est\u00e1n sanas y salvas. Llegaron a EEUU este lunes pasado gracias al apoyo incondicional de docenas de valientes y honorables personas que las ayudaron a cruzar la frontera. Mi preocupaci\u00f3n y angustia por ellas me ten\u00eda sin alma, pero tenerlas de mi lado de nuevo reafirma el prop\u00f3sito de luchar para una Venezuela libre en la que las familias venezolanas puedan volver a reencontrarse, abrazarse y vivir una vida plena. Justo hoy Miranda cumple 6 a\u00f1os, as\u00ed que, \u00a1feliz cumplea\u00f1os princesita! Todo mi ser est\u00e1 dedicado a que ustedes dos puedan regresar y vivir en nuestro pa\u00eds amado. Solo siendo libres podremos ser felices.<\/p>\n","protected":false},"excerpt":{"rendered":"<p>El l\u00edder opositor venezolano, Juan Guaid\u00f3, sali\u00f3 huyendo de su Rep\u00fablica Bolivariana por temor a que le quiten la vida, solicit\u00f3 asilo pol\u00edtico en los Estados Unidos y el pasado&hellip;<\/p>\n","protected":false},"author":1,"featured_media":48841,"comment_status":"open","ping_status":"open","sticky":false,"template":"","format":"standard","meta":{"content-type":"","jetpack_post_was_ever_published":false,"_jetpack_newsletter_access":"","_jetpack_dont_email_post_to_subs":false,"_jetpack_newsletter_tier_id":0,"_jetpack_memberships_contains_paywalled_content":false,"_jetpack_memberships_contains_paid_content":false,"footnotes":""},"categories":[1],"tags":[499,62,98,500],"class_list":["post-48840","post","type-post","status-publish","format-standard","has-post-thumbnail","hentry","category-sin-categoria","tag-asilo-politico","tag-atentord","tag-estados-unidos","tag-juan-guaido"],"jetpack_featured_media_url":"","jetpack-related-posts":[{"id":62635,"url":"https:\/\/lasprimeras.com.do\/index.php\/2023\/10\/06\/venezuela-fiscalia-dicta-orden-de-detencion-contra-juan-guaido\/","url_meta":{"origin":48840,"position":0},"title":"VENEZUELA: Fiscal\u00eda dicta orden de detenci\u00f3n contra Juan Guaid\u00f3","author":"BIMARY DE JES\u00daS Matos","date":"6 de octubre de 2023","format":false,"excerpt":"CARACAS.- La Fiscal\u00eda de Venezuela ha dictado este jueves una orden de detenci\u00f3n contra el dirigente opositor Juan Guaid\u00f3, que se encuentra en Estados Unidos, a quien acusa de delitos de traici\u00f3n a la patria y usurpaci\u00f3n de funciones. El fiscal general, Tarek William Saab, ha explicado que el investigado\u2026","rel":"","context":"En \u00abSin categor\u00eda\u00bb","block_context":{"text":"Sin categor\u00eda","link":"https:\/\/lasprimeras.com.do\/index.php\/category\/sin-categoria\/"},"img":{"alt_text":"","src":"https:\/\/i0.wp.com\/lasprimeras.com.do\/wp-content\/uploads\/2023\/10\/WhatsApp-Image-2023-10-05-at-9.43.40-PM-5.jpeg?resize=350%2C200&ssl=1","width":350,"height":200,"srcset":"https:\/\/i0.wp.com\/lasprimeras.com.do\/wp-content\/uploads\/2023\/10\/WhatsApp-Image-2023-10-05-at-9.43.40-PM-5.jpeg?resize=350%2C200&ssl=1 1x, https:\/\/i0.wp.com\/lasprimeras.com.do\/wp-content\/uploads\/2023\/10\/WhatsApp-Image-2023-10-05-at-9.43.40-PM-5.jpeg?resize=525%2C300&ssl=1 1.5x, https:\/\/i0.wp.com\/lasprimeras.com.do\/wp-content\/uploads\/2023\/10\/WhatsApp-Image-2023-10-05-at-9.43.40-PM-5.jpeg?resize=700%2C400&ssl=1 2x, https:\/\/i0.wp.com\/lasprimeras.com.do\/wp-content\/uploads\/2023\/10\/WhatsApp-Image-2023-10-05-at-9.43.40-PM-5.jpeg?resize=1050%2C600&ssl=1 3x, https:\/\/i0.wp.com\/lasprimeras.com.do\/wp-content\/uploads\/2023\/10\/WhatsApp-Image-2023-10-05-at-9.43.40-PM-5.jpeg?resize=1400%2C800&ssl=1 4x"},"classes":[]},{"id":88834,"url":"https:\/\/lasprimeras.com.do\/index.php\/2024\/09\/08\/oea-acusa-a-maduro-de-forzar-el-exilio-del-opositor-venezolano-edmundo-gonzalez-urrutia\/","url_meta":{"origin":48840,"position":1},"title":"OEA acusa a Maduro de forzar el exilio del opositor venezolano Edmundo Gonz\u00e1lez Urrutia","author":"Nelson Feliz","date":"8 de septiembre de 2024","format":false,"excerpt":"Washington, (EFE).- La Organizaci\u00f3n de los Estados Americanos (OEA) acus\u00f3 este domingo al \"r\u00e9gimen autoritario\" venezolano de haber \"forzado el exilio\" del opositor Edmundo Gonz\u00e1lez Urrutia, al que el organismo considera el ganador de las elecciones presidenciales que se celebraron en el pa\u00eds suramericano el pasado 28 de julio. \"El\u2026","rel":"","context":"En \u00abSin categor\u00eda\u00bb","block_context":{"text":"Sin categor\u00eda","link":"https:\/\/lasprimeras.com.do\/index.php\/category\/sin-categoria\/"},"img":{"alt_text":"ANTONIO GUTERRES","src":"https:\/\/i0.wp.com\/lasprimeras.com.do\/wp-content\/uploads\/2024\/09\/ANTONIO-GUTERRES.jpg?resize=350%2C200&ssl=1","width":350,"height":200,"srcset":"https:\/\/i0.wp.com\/lasprimeras.com.do\/wp-content\/uploads\/2024\/09\/ANTONIO-GUTERRES.jpg?resize=350%2C200&ssl=1 1x, https:\/\/i0.wp.com\/lasprimeras.com.do\/wp-content\/uploads\/2024\/09\/ANTONIO-GUTERRES.jpg?resize=525%2C300&ssl=1 1.5x"},"classes":[]},{"id":123824,"url":"https:\/\/lasprimeras.com.do\/index.php\/2026\/03\/05\/estados-unidos-y-venezuela-acuerdan-restablecer-relaciones-diplomaticas\/","url_meta":{"origin":48840,"position":2},"title":"Estados Unidos y Venezuela acuerdan restablecer relaciones diplom\u00e1ticas","author":"Nelson Feliz","date":"5 de marzo de 2026","format":false,"excerpt":"CARACAS (AP) \u2014 Estados Unidos y Venezuela acordaron restablecer relaciones diplom\u00e1ticas, lo que representa un cambio importante en una relaci\u00f3n hist\u00f3ricamente adversa, inform\u00f3 el jueves el Departamento de Estado. La decisi\u00f3n se produce despu\u00e9s de que funcionarios de la administraci\u00f3n del presidente Donald Trump visitaran la naci\u00f3n sudamericana tras una\u2026","rel":"","context":"En \u00abINTERNACIONALES\u00bb","block_context":{"text":"INTERNACIONALES","link":"https:\/\/lasprimeras.com.do\/index.php\/category\/sin-categoria\/internacionales\/"},"img":{"alt_text":"","src":"https:\/\/i0.wp.com\/lasprimeras.com.do\/wp-content\/uploads\/2026\/03\/relaciones.jpg?resize=350%2C200&ssl=1","width":350,"height":200,"srcset":"https:\/\/i0.wp.com\/lasprimeras.com.do\/wp-content\/uploads\/2026\/03\/relaciones.jpg?resize=350%2C200&ssl=1 1x, https:\/\/i0.wp.com\/lasprimeras.com.do\/wp-content\/uploads\/2026\/03\/relaciones.jpg?resize=525%2C300&ssl=1 1.5x, https:\/\/i0.wp.com\/lasprimeras.com.do\/wp-content\/uploads\/2026\/03\/relaciones.jpg?resize=700%2C400&ssl=1 2x"},"classes":[]},{"id":88837,"url":"https:\/\/lasprimeras.com.do\/index.php\/2024\/09\/08\/edmundo-gonzalez-llega-a-espana-tras-recibir-asilo-politico-del-gobierno-espanol\/","url_meta":{"origin":48840,"position":3},"title":"Edmundo Gonz\u00e1lez llega a Espa\u00f1a tras recibir asilo pol\u00edtico del gobierno espa\u00f1ol","author":"Nelson Feliz","date":"8 de septiembre de 2024","format":false,"excerpt":"El candidato opositor en las elecciones del pasado 28 de julio en Venezuela, Edmundo Gonz\u00e1lez, sali\u00f3 de su pa\u00eds el s\u00e1bado en la noche y lleg\u00f3 el domingo a Espa\u00f1a, donde se le otorg\u00f3 asilo pol\u00edtico. El s\u00e1bado, a trav\u00e9s de su cuenta de Instagram, la vicepresidenta, Delcy Rodr\u00edguez, inform\u00f3\u2026","rel":"","context":"En \u00abSin categor\u00eda\u00bb","block_context":{"text":"Sin categor\u00eda","link":"https:\/\/lasprimeras.com.do\/index.php\/category\/sin-categoria\/"},"img":{"alt_text":"Edmundo Gonz\u00e1lez","src":"https:\/\/i0.wp.com\/lasprimeras.com.do\/wp-content\/uploads\/2024\/09\/Edmundo-Gonzalez.jpg?resize=350%2C200&ssl=1","width":350,"height":200,"srcset":"https:\/\/i0.wp.com\/lasprimeras.com.do\/wp-content\/uploads\/2024\/09\/Edmundo-Gonzalez.jpg?resize=350%2C200&ssl=1 1x, https:\/\/i0.wp.com\/lasprimeras.com.do\/wp-content\/uploads\/2024\/09\/Edmundo-Gonzalez.jpg?resize=525%2C300&ssl=1 1.5x, https:\/\/i0.wp.com\/lasprimeras.com.do\/wp-content\/uploads\/2024\/09\/Edmundo-Gonzalez.jpg?resize=700%2C400&ssl=1 2x"},"classes":[]},{"id":49961,"url":"https:\/\/lasprimeras.com.do\/index.php\/2023\/05\/15\/nos-fuimos-para-siempre-maduro-afirma-que-venezuela-no-volvera-a-la-oea\/","url_meta":{"origin":48840,"position":4},"title":"&#8220;Nos fuimos para siempre&#8221;: Maduro afirma que Venezuela no volver\u00e1 a la OEA","author":"prenxa100","date":"15 de mayo de 2023","format":false,"excerpt":"Caracas, Venezuela, AFP.-. El presidente de Venezuela, Nicol\u00e1s Maduro, afirm\u00f3 este lunes que su pa\u00eds no volver\u00e1 a ser parte de la Organizaci\u00f3n de Estados Americanos (OEA), organismo del que se deslind\u00f3 en 2019 por discrepancias. \"Nosotros nos fuimos de ah\u00ed, nos fuimos para siempre y no pensamos volver\", dijo\u2026","rel":"","context":"En \u00abSin categor\u00eda\u00bb","block_context":{"text":"Sin categor\u00eda","link":"https:\/\/lasprimeras.com.do\/index.php\/category\/sin-categoria\/"},"img":{"alt_text":"","src":"","width":0,"height":0},"classes":[]},{"id":53623,"url":"https:\/\/lasprimeras.com.do\/index.php\/2023\/06\/29\/lula-critica-la-intervencion-extranjera-en-venezuela-y-vuelve-a-defender-a-maduro\/","url_meta":{"origin":48840,"position":5},"title":"Lula critica la intervenci\u00f3n extranjera en Venezuela y vuelve a defender a Maduro","author":"Nelson Feliz","date":"29 de junio de 2023","format":false,"excerpt":"AGENCIA EFE El presidente de Brasil, Luiz In\u00e1cio Lula da Silva, critic\u00f3 este jueves la intervenci\u00f3n extranjera en Venezuela y compar\u00f3 la negativa de la oposici\u00f3n venezolana a aceptar la victoria de Nicol\u00e1s Maduro en las urnas con el intento de golpe de Estado del pasado 8 de enero en\u2026","rel":"","context":"En \u00abSin categor\u00eda\u00bb","block_context":{"text":"Sin categor\u00eda","link":"https:\/\/lasprimeras.com.do\/index.php\/category\/sin-categoria\/"},"img":{"alt_text":"El presidente brasile\u00f1o, Luiz In\u00e1cio Lula da Silva, saluda a su hom\u00f3logo venezolano, Nicol\u00e1s MaduroAFP","src":"https:\/\/i0.wp.com\/lasprimeras.com.do\/wp-content\/uploads\/2023\/06\/Luiz-Inacio-Lula-da-Silva-y-Nicolas-Maduro.jpeg?resize=350%2C200&ssl=1","width":350,"height":200,"srcset":"https:\/\/i0.wp.com\/lasprimeras.com.do\/wp-content\/uploads\/2023\/06\/Luiz-Inacio-Lula-da-Silva-y-Nicolas-Maduro.jpeg?resize=350%2C200&ssl=1 1x, https:\/\/i0.wp.com\/lasprimeras.com.do\/wp-content\/uploads\/2023\/06\/Luiz-Inacio-Lula-da-Silva-y-Nicolas-Maduro.jpeg?resize=525%2C300&ssl=1 1.5x, https:\/\/i0.wp.com\/lasprimeras.com.do\/wp-content\/uploads\/2023\/06\/Luiz-Inacio-Lula-da-Silva-y-Nicolas-Maduro.jpeg?resize=700%2C400&ssl=1 2x"},"classes":[]}],"jetpack_sharing_enabled":true,"_links":{"self":[{"href":"https:\/\/lasprimeras.com.do\/index.php\/wp-json\/wp\/v2\/posts\/48840","targetHints":{"allow":["GET"]}}],"collection":[{"href":"https:\/\/lasprimeras.com.do\/index.php\/wp-json\/wp\/v2\/posts"}],"about":[{"href":"https:\/\/lasprimeras.com.do\/index.php\/wp-json\/wp\/v2\/types\/post"}],"author":[{"embeddable":true,"href":"https:\/\/lasprimeras.com.do\/index.php\/wp-json\/wp\/v2\/users\/1"}],"replies":[{"embeddable":true,"href":"https:\/\/lasprimeras.com.do\/index.php\/wp-json\/wp\/v2\/comments?post=48840"}],"version-history":[{"count":0,"href":"https:\/\/lasprimeras.com.do\/index.php\/wp-json\/wp\/v2\/posts\/48840\/revisions"}],"wp:featuredmedia":[{"embeddable":true,"href":"https:\/\/lasprimeras.com.do\/index.php\/wp-json\/"}],"wp:attachment":[{"href":"https:\/\/lasprimeras.com.do\/index.php\/wp-json\/wp\/v2\/media?parent=48840"}],"wp:term":[{"taxonomy":"category","embeddable":true,"href":"https:\/\/lasprimeras.com.do\/index.php\/wp-json\/wp\/v2\/categories?post=48840"},{"taxonomy":"post_tag","embeddable":true,"href":"https:\/\/lasprimeras.com.do\/index.php\/wp-json\/wp\/v2\/tags?post=48840"}],"curies":[{"name":"wp","href":"https:\/\/api.w.org\/{rel}","templated":true}]}}