{"id":48843,"date":"2023-05-04T11:05:26","date_gmt":"2023-05-04T15:05:26","guid":{"rendered":"https:\/\/atento.com.do\/?p=48843"},"modified":"2023-05-04T11:05:26","modified_gmt":"2023-05-04T15:05:26","slug":"nuria-piera-dice-que-el-gobierno-actual-espio-su-telefono-con-pegasus-al-igual-que-danilo","status":"publish","type":"post","link":"https:\/\/lasprimeras.com.do\/index.php\/2023\/05\/04\/nuria-piera-dice-que-el-gobierno-actual-espio-su-telefono-con-pegasus-al-igual-que-danilo\/","title":{"rendered":"Nuria Piera dice gobierno actual espi\u00f3 su tel\u00e9fono con Pegasus al igual que Danilo"},"content":{"rendered":"\n<p>La periodista&nbsp;<strong>Nuria Piera<\/strong>&nbsp;manifest\u00f3 este jueves que recibi\u00f3 la informaci\u00f3n de una fuente confiable de que habr\u00eda sido supuestamente el presidente&nbsp;<strong>Danilo Medina quien autorizo la intervenci\u00f3n a su tel\u00e9fono con el software Pegasus.<\/strong> Pero &#8220;<strong>Que si le sorprendi\u00f3 un poco que este gobierno lo estuvieran haciendo tambi\u00e9n<\/strong><em>\u201d&nbsp;<\/em>.<\/p>\n\n\n\n<p>&#8220;Yo cheque\u00e9 las fechas que me estableci\u00f3 el an\u00e1lisis que se hizo y en ese momento estaba precisamente investigado al presidente de la C\u00e1mara de Cuentas por la denuncia de acoso sexual y su declaraci\u00f3n jurada de bienes&#8221;, sostuvo.<\/p>\n\n\n\n<p>&#8220;Hace un tiempo hab\u00eda recibido la informaci\u00f3n de una fuente muy confiable que en el gobierno de Danilo se me hab\u00eda intervenido el tel\u00e9fono precisamente para el caso de Ad\u00e1n C\u00e1ceres y seg\u00fan esa fuente dijo una persona que estaba en la reuni\u00f3n donde se dec\u00eda que el mismo presidente de ese entonces hab\u00eda autorizado la intervenci\u00f3n con el&nbsp;<strong>Pegasus<\/strong>&#8220;, dijo.<\/p>\n\n\n\n<p>Indic\u00f3 que habr\u00eda ocurrido una reuni\u00f3n en la que habr\u00edan participado adem\u00e1s del entonces presidente Medina, un general y un coronel.<\/p>\n\n\n\n<p><strong>&#8220;Hay que agregar la palabra exacta: no le hagan da\u00f1o&#8230; no le hagan da\u00f1o, pero interv\u00e9nganla&#8221;<\/strong>, asegur\u00f3&nbsp;<strong>Nuria Piera<\/strong>&nbsp;que habr\u00eda expresado el entonces mandatario de acuerdo a su fuente confiable.<\/p>\n\n\n\n<p>Dijo que en esa primera intervenci\u00f3n de su tel\u00e9fono, de las tres que le reportaron,&nbsp;<strong>estaba investigando el caso de Ad\u00e1n C\u00e1ceres<\/strong>.<\/p>\n\n\n\n<p>Piera consider\u00f3 que quienes entraron a su tel\u00e9fono lo habr\u00edan hecho para para buscar quien era su fuente.<\/p>\n\n\n\n<p>&#8220;Cuando me lo dijo esa fuente, que yo la creo, pues, entonces tuve esa primera informaci\u00f3n, pero oficialmente de que no hay dudas, fue a trav\u00e9s de Amnist\u00eda Internacional donde hablaba justo de la fecha que me hab\u00edan establecido a m\u00ed que era para la investigaci\u00f3n de Ad\u00e1n C\u00e1ceres y dos de este gobierno&#8221;, indic\u00f3 Piera en una entrevista en el programa El D\u00eda, de Telesistema, canal 11.<\/p>\n\n\n\n<p>Agreg\u00f3 que&nbsp;<strong>hab\u00eda recibido tambi\u00e9n de Apple muchas alertas que dec\u00edan que observara su tel\u00e9fono porque hab\u00edan tratado de intervenirlo<\/strong>, aunque no mencionaba a&nbsp;<strong>Pegasus<\/strong>.<\/p>\n\n\n\n<p>Un an\u00e1lisis del Laboratorio sobre Seguridad de Amnist\u00eda Internacional (AI) confirm\u00f3 que un dispositivo m\u00f3vil perteneciente a la periodista&nbsp;<strong>Nuria Piera<\/strong>&nbsp;hab\u00eda sido marcado como objetivo e infectado con&nbsp;<strong>Pegasus<\/strong>&nbsp;en tres ocasiones entre 2020 y 2021, siendo este el primer caso confirmado en el pa\u00eds.<\/p>\n\n\n\n<p>La investigaci\u00f3n encontr\u00f3 indicios de que el dispositivo de Piera se hab\u00eda infectado con Pegasus por primera vez sobre el 20 de julio de 2020. Tambi\u00e9n se descubrieron indicios similares en torno al 8 de septiembre de 2021 y el 1 de octubre de 2021.<\/p>\n\n\n\n<p>Piera dijo que en las otras dos intervenciones estaba investigando el caso de Donald Guerrero, a un coronel de la polic\u00eda y un caso de la C\u00e1mara de Cuentas.<\/p>\n\n\n\n<p>Ayer, el vocero de la Presidencia de Rep\u00fablica Dominicana, Homero Figueroa, garantiz\u00f3 una investigaci\u00f3n sobre el espionaje del que fue v\u00edctima Piera y asegur\u00f3 que el gobierno dominicano, establecido desde el 2020, no tiene acuerdo de ning\u00fan tipo con la empresa israel\u00ed NSO Group, creadora del software&nbsp;<strong>Pegasus<\/strong>.<\/p>\n\n\n\n<p>Sobre la posici\u00f3n del Gobierno de Abinader,&nbsp;<strong>Nuria Piera<\/strong>&nbsp;respondi\u00f3: &#8220;Yo creo que por una cuesti\u00f3n de seguridad nacional, entiendo, presumo, sospecho, puedo pensar de que&nbsp;<strong>ellos no quieren admitir el uso de Pegasus porque han hecho buen trabajo con Pegasus en otras \u00e1reas de la seguridad nacional<\/strong>&#8220;.<\/p>\n","protected":false},"excerpt":{"rendered":"<p>La periodista&nbsp;Nuria Piera&nbsp;manifest\u00f3 este jueves que recibi\u00f3 la informaci\u00f3n de una fuente confiable de que habr\u00eda sido supuestamente el presidente&nbsp;Danilo Medina quien autorizo la intervenci\u00f3n a su tel\u00e9fono con el&hellip;<\/p>\n","protected":false},"author":1,"featured_media":48844,"comment_status":"open","ping_status":"open","sticky":false,"template":"","format":"standard","meta":{"content-type":"","jetpack_post_was_ever_published":false,"_jetpack_newsletter_access":"","_jetpack_dont_email_post_to_subs":false,"_jetpack_newsletter_tier_id":0,"_jetpack_memberships_contains_paywalled_content":false,"_jetpack_memberships_contains_paid_content":false,"footnotes":""},"categories":[35,25],"tags":[62,501,67,379,380],"class_list":["post-48843","post","type-post","status-publish","format-standard","has-post-thumbnail","hentry","category-nacionales","category-portada","tag-atentord","tag-danilo-medina","tag-luis-abinader","tag-nuria-piera","tag-pegasus"],"jetpack_featured_media_url":"","jetpack-related-posts":[{"id":48726,"url":"https:\/\/lasprimeras.com.do\/index.php\/2023\/05\/03\/nuria-piera-luego-de-ser-espiada-dijo-que-no-es-una-sorpresa\/","url_meta":{"origin":48843,"position":0},"title":"Nuria Piera luego de ser espiada dijo que \u00abno es una sorpresa\u00bb","author":"prenxa100","date":"3 de mayo de 2023","format":false,"excerpt":"El tel\u00e9fono de Nuria Piera fue atacado con el software esp\u00eda Pegasus de NSO Group, siendo este el primer caso confirmado en el pa\u00eds, denunci\u00f3 este mi\u00e9rcoles Amnist\u00eda Internacional (AI). Luego de lo sucedido, en declaraciones a EFE la periodista dijo: \"Uno se siente molesto, indignado, pero no es una\u2026","rel":"","context":"En \u00abSin categor\u00eda\u00bb","block_context":{"text":"Sin categor\u00eda","link":"https:\/\/lasprimeras.com.do\/index.php\/category\/sin-categoria\/"},"img":{"alt_text":"","src":"","width":0,"height":0},"classes":[]},{"id":66048,"url":"https:\/\/lasprimeras.com.do\/index.php\/2023\/11\/02\/pegasus-dirigentes-politicos-y-periodistas-denuncian-intento-de-pinchar-sus-celulares\/","url_meta":{"origin":48843,"position":1},"title":"Pegasus: Dirigentes pol\u00edticos y periodistas denuncian intento de \u00abpinchar\u00bb sus celulares","author":"BIMARY DE JES\u00daS Matos","date":"2 de noviembre de 2023","format":false,"excerpt":"Santo Domingo.- En los \u00faltimos d\u00edas varios dirigentes pol\u00edticos de la oposici\u00f3n y comunicadores denunciaron que han intentado hackear sus celulares para \u00abinstalar Pegasus\u00bb, un software esp\u00eda utilizado para robar, exponer, alterar o destruir informaci\u00f3n. Los tel\u00e9fonos m\u00f3viles del diputado de Opci\u00f3n Democr\u00e1tica, Jos\u00e9 Horacio Rodr\u00edguez, el secretario jur\u00eddico del\u2026","rel":"","context":"En \u00abSin categor\u00eda\u00bb","block_context":{"text":"Sin categor\u00eda","link":"https:\/\/lasprimeras.com.do\/index.php\/category\/sin-categoria\/"},"img":{"alt_text":"","src":"https:\/\/i0.wp.com\/lasprimeras.com.do\/wp-content\/uploads\/2023\/11\/WhatsApp-Image-2023-11-01-at-8.19.34-PM-1.jpeg?resize=350%2C200&ssl=1","width":350,"height":200,"srcset":"https:\/\/i0.wp.com\/lasprimeras.com.do\/wp-content\/uploads\/2023\/11\/WhatsApp-Image-2023-11-01-at-8.19.34-PM-1.jpeg?resize=350%2C200&ssl=1 1x, https:\/\/i0.wp.com\/lasprimeras.com.do\/wp-content\/uploads\/2023\/11\/WhatsApp-Image-2023-11-01-at-8.19.34-PM-1.jpeg?resize=525%2C300&ssl=1 1.5x"},"classes":[]},{"id":94773,"url":"https:\/\/lasprimeras.com.do\/index.php\/2025\/03\/05\/danilo-medina-mis-familiares-son-victimas-de-ser-hermanos-de-danilo-medina-por-eso-estan-presos\/","url_meta":{"origin":48843,"position":2},"title":"Danilo Medina: \u201cMis familiares son v\u00edctimas de ser hermanos de Danilo Medina, por eso est\u00e1n presos\u201d","author":"Nelson Feliz","date":"5 de marzo de 2025","format":false,"excerpt":"Danilo revela lo que le dijo Mike Pompeo en la llamada de 2019 El exmandatario relat\u00f3 que a inicios de su segundo gobierno se crearon im\u00e1genes en las que aparec\u00eda detr\u00e1s de las rejas de la c\u00e1rcel junto al expresidente Leonel Fern\u00e1ndez. \u201cMis familiares son v\u00edctimas de ser hermanos de\u2026","rel":"","context":"En \u00abPOLITICA\u00bb","block_context":{"text":"POLITICA","link":"https:\/\/lasprimeras.com.do\/index.php\/category\/politica\/"},"img":{"alt_text":"","src":"https:\/\/i0.wp.com\/lasprimeras.com.do\/wp-content\/uploads\/2025\/03\/DANILO-MEDINA.png?resize=350%2C200&ssl=1","width":350,"height":200,"srcset":"https:\/\/i0.wp.com\/lasprimeras.com.do\/wp-content\/uploads\/2025\/03\/DANILO-MEDINA.png?resize=350%2C200&ssl=1 1x, https:\/\/i0.wp.com\/lasprimeras.com.do\/wp-content\/uploads\/2025\/03\/DANILO-MEDINA.png?resize=525%2C300&ssl=1 1.5x, https:\/\/i0.wp.com\/lasprimeras.com.do\/wp-content\/uploads\/2025\/03\/DANILO-MEDINA.png?resize=700%2C400&ssl=1 2x"},"classes":[]},{"id":106648,"url":"https:\/\/lasprimeras.com.do\/index.php\/2025\/08\/17\/danilo-medina-no-hay-punto-de-comparacion-entre-la-gestion-de-abinader-y-la-del-pld\/","url_meta":{"origin":48843,"position":3},"title":"Danilo Medina: \u201cNo hay punto de comparaci\u00f3n entre la gesti\u00f3n de Abinader y la del PLD\u201d","author":"Nelson Feliz","date":"17 de agosto de 2025","format":false,"excerpt":"Los apagones se deben al descuido del gobierno, porque no siguieron el plan indicador que dej\u00f3 el PLD para seguir construyendo plantas para suplir la demanda adicional que surge cada a\u00f1o, afirm\u00f3 Danilo Medina. El expresidente de la Rep\u00fablica y actual presidente del Partido de la Liberaci\u00f3n Dominicana (PLD), Danilo\u2026","rel":"","context":"En \u00abPOLITICA\u00bb","block_context":{"text":"POLITICA","link":"https:\/\/lasprimeras.com.do\/index.php\/category\/politica\/"},"img":{"alt_text":"","src":"https:\/\/i0.wp.com\/lasprimeras.com.do\/wp-content\/uploads\/2025\/08\/Danilo-V.1.jpg?resize=350%2C200&ssl=1","width":350,"height":200,"srcset":"https:\/\/i0.wp.com\/lasprimeras.com.do\/wp-content\/uploads\/2025\/08\/Danilo-V.1.jpg?resize=350%2C200&ssl=1 1x, https:\/\/i0.wp.com\/lasprimeras.com.do\/wp-content\/uploads\/2025\/08\/Danilo-V.1.jpg?resize=525%2C300&ssl=1 1.5x, https:\/\/i0.wp.com\/lasprimeras.com.do\/wp-content\/uploads\/2025\/08\/Danilo-V.1.jpg?resize=700%2C400&ssl=1 2x"},"classes":[]},{"id":106068,"url":"https:\/\/lasprimeras.com.do\/index.php\/2025\/08\/10\/danilo-denuncia-el-abandono-de-hospitales-y-de-la-salud-de-la-gente\/","url_meta":{"origin":48843,"position":4},"title":"Danilo denuncia el abandono de hospitales y de la salud de la gente","author":"Nelson Feliz","date":"10 de agosto de 2025","format":false,"excerpt":"\u201cLas cifras que yo doy\u2026 Ese es el legado del PLD al desarrollo del pa\u00eds\u201d, afirma el expresidente Danilo Medina. El expresidente de la Rep\u00fablica y Presidente del Partido de la Liberaci\u00f3n Dominicana (PLD), Danilo Medina, denunci\u00f3 el abandono generalizado en que se encuentran los hospitales del pa\u00eds, incluyendo centros\u2026","rel":"","context":"En \u00abPOLITICA\u00bb","block_context":{"text":"POLITICA","link":"https:\/\/lasprimeras.com.do\/index.php\/category\/politica\/"},"img":{"alt_text":"","src":"https:\/\/i0.wp.com\/lasprimeras.com.do\/wp-content\/uploads\/2025\/08\/Danilo-Medina.jpg?resize=350%2C200&ssl=1","width":350,"height":200,"srcset":"https:\/\/i0.wp.com\/lasprimeras.com.do\/wp-content\/uploads\/2025\/08\/Danilo-Medina.jpg?resize=350%2C200&ssl=1 1x, https:\/\/i0.wp.com\/lasprimeras.com.do\/wp-content\/uploads\/2025\/08\/Danilo-Medina.jpg?resize=525%2C300&ssl=1 1.5x, https:\/\/i0.wp.com\/lasprimeras.com.do\/wp-content\/uploads\/2025\/08\/Danilo-Medina.jpg?resize=700%2C400&ssl=1 2x"},"classes":[]},{"id":107340,"url":"https:\/\/lasprimeras.com.do\/index.php\/2025\/08\/26\/centro-agroforestal-fue-inaugurado-en-gestion-de-danilo-medina\/","url_meta":{"origin":48843,"position":5},"title":"Centro Agroforestal fue inaugurado en gesti\u00f3n de Danilo Medina","author":"Nelson Feliz","date":"26 de agosto de 2025","format":false,"excerpt":"El PLD le responde al Presidente Abinader. Ratifica el Centro de Capacitaci\u00f3n Agroforestal en Bohech\u00edo fue entregado por Danilo Medina en 2018 El Partido de la Liberaci\u00f3n Dominicana (PLD) ratific\u00f3 las declaraciones del pasado domingo de su Presidente, Danilo Medina, quien aclar\u00f3 que el Centro Regional de Capacitaci\u00f3n Agroforestal en\u2026","rel":"","context":"En \u00abPOLITICA\u00bb","block_context":{"text":"POLITICA","link":"https:\/\/lasprimeras.com.do\/index.php\/category\/politica\/"},"img":{"alt_text":"","src":"https:\/\/i0.wp.com\/lasprimeras.com.do\/wp-content\/uploads\/2025\/08\/Danilo-Medina-1.jpg?resize=350%2C200&ssl=1","width":350,"height":200,"srcset":"https:\/\/i0.wp.com\/lasprimeras.com.do\/wp-content\/uploads\/2025\/08\/Danilo-Medina-1.jpg?resize=350%2C200&ssl=1 1x, https:\/\/i0.wp.com\/lasprimeras.com.do\/wp-content\/uploads\/2025\/08\/Danilo-Medina-1.jpg?resize=525%2C300&ssl=1 1.5x, https:\/\/i0.wp.com\/lasprimeras.com.do\/wp-content\/uploads\/2025\/08\/Danilo-Medina-1.jpg?resize=700%2C400&ssl=1 2x"},"classes":[]}],"jetpack_sharing_enabled":true,"_links":{"self":[{"href":"https:\/\/lasprimeras.com.do\/index.php\/wp-json\/wp\/v2\/posts\/48843","targetHints":{"allow":["GET"]}}],"collection":[{"href":"https:\/\/lasprimeras.com.do\/index.php\/wp-json\/wp\/v2\/posts"}],"about":[{"href":"https:\/\/lasprimeras.com.do\/index.php\/wp-json\/wp\/v2\/types\/post"}],"author":[{"embeddable":true,"href":"https:\/\/lasprimeras.com.do\/index.php\/wp-json\/wp\/v2\/users\/1"}],"replies":[{"embeddable":true,"href":"https:\/\/lasprimeras.com.do\/index.php\/wp-json\/wp\/v2\/comments?post=48843"}],"version-history":[{"count":0,"href":"https:\/\/lasprimeras.com.do\/index.php\/wp-json\/wp\/v2\/posts\/48843\/revisions"}],"wp:featuredmedia":[{"embeddable":true,"href":"https:\/\/lasprimeras.com.do\/index.php\/wp-json\/"}],"wp:attachment":[{"href":"https:\/\/lasprimeras.com.do\/index.php\/wp-json\/wp\/v2\/media?parent=48843"}],"wp:term":[{"taxonomy":"category","embeddable":true,"href":"https:\/\/lasprimeras.com.do\/index.php\/wp-json\/wp\/v2\/categories?post=48843"},{"taxonomy":"post_tag","embeddable":true,"href":"https:\/\/lasprimeras.com.do\/index.php\/wp-json\/wp\/v2\/tags?post=48843"}],"curies":[{"name":"wp","href":"https:\/\/api.w.org\/{rel}","templated":true}]}}