{"id":48849,"date":"2023-05-04T19:43:00","date_gmt":"2023-05-04T23:43:00","guid":{"rendered":"https:\/\/atento.com.do\/?p=48849"},"modified":"2023-05-04T19:43:00","modified_gmt":"2023-05-04T23:43:00","slug":"gobierno-prometio-20-parqueos-y-hasta-ahora-solo-hay-1-construido","status":"publish","type":"post","link":"https:\/\/lasprimeras.com.do\/index.php\/2023\/05\/04\/gobierno-prometio-20-parqueos-y-hasta-ahora-solo-hay-1-construido\/","title":{"rendered":"Gobierno prometi\u00f3 20 parqueos y hasta ahora solo hay 1 construido"},"content":{"rendered":"\n<p><strong>Santo Domingo. \u2013<\/strong> El 12 de enero de 2021 -hace m\u00e1s de dos a\u00f1os-,<strong>\u00a0el Gobierno anunci\u00f3 20 parqueos p\u00fablicos para el pa\u00eds<\/strong>. Diecis\u00e9is para el Gran Santo Domingo y cuatro para la provincia Santiago. Esto como parte del Plan Nacional de Parqueo\u00a0<strong>\u201cParqu\u00e9aTRD\u201d<\/strong>, que la Direcci\u00f3n General de Alianzas P\u00fablico Privadas (Dgapp) present\u00f3 junto al Ministerio de Obras P\u00fablicas y Comunicaciones (MOPC), en un evento encabezado por el presidente\u00a0<strong>Luis Abinader<\/strong>.<\/p>\n\n\n\n<p>Hasta el momento, de estos diecis\u00e9is parqueos solo uno est\u00e1 en funcionamiento, mientras que otro se halla en fase inicial de construcci\u00f3n.<\/p>\n\n\n\n<p>El primero corresponde al&nbsp;<strong>\u201cParqueo Las Atarazanas\u201d<\/strong>, ubicado en la calle Restauraci\u00f3n, en la Ciudad Colonial, y se inaugur\u00f3 el 6 de agosto del 2021, con una inversi\u00f3n de m\u00e1s de&nbsp;<strong>RD$300 millones<\/strong>. La obra tiene 196 estacionamientos, cuatro para veh\u00edculos el\u00e9ctricos, 10 para motocicletas y el restante para veh\u00edculos de motor. Adem\u00e1s, tiene un costo de RD$50 por hora e igual cantidad por fracci\u00f3n adicional.<\/p>\n\n\n\n<p>El segundo es el denominado&nbsp;<strong>\u201cCentro de los H\u00e9roes 1\u201d<\/strong>, en el antiguo parqueo del Instituto Nacional de Recursos Hidr\u00e1ulicos (INDRHI).&nbsp;<strong>Su construcci\u00f3n fue iniciada el 6 de enero del 2022<\/strong>, luego de que el presidente Abinader diera el primer palazo acompa\u00f1ado del ministro de Obras P\u00fablicas, Deligne Ascensi\u00f3n, y de otros funcionarios p\u00fablicos.<\/p>\n\n\n\n<p>Este \u00faltimo estacionamiento p\u00fablico se proyect\u00f3 con siete niveles, para que albergara un total de 463 veh\u00edculos. Cada nivel tendr\u00e1 93 parqueos. Sin embargo,&nbsp;<strong>la obra de 4,000 metros cuadrados est\u00e1 en fase inicial y, apenas, ha comenzado a levantarse<\/strong>.<\/p>\n\n\n\n<p>El ministro de Obras P\u00fablicas asegur\u00f3 el 7 de enero del 2021, cuando dej\u00f3 iniciado Parqu\u00e9aTRD junto al presidente Abinader, que esa obra estar\u00eda concluida en no menos de un a\u00f1o y medio.<\/p>\n\n\n\n<p>El parqueo supera en inversi\u00f3n los&nbsp;<strong>RD$400 millones<\/strong>, de acuerdo a declaraciones de Ascensi\u00f3n.<\/p>\n\n\n\n<p><strong>En la p\u00e1gina web del fideicomiso Parqu\u00e9aTRD aparecen ocho proyectos de los diecis\u00e9is<\/strong>&nbsp;que el Estado propuso en aquel entonces, donde hay seis en estado de \u201cpropuesta de parqueo\u201d. El de Las Atarazanas aparece como \u201cinaugurado\u201d y, el de Centro de los H\u00e9roes como \u201cen proceso\u201d.<\/p>\n\n\n\n<p>Los estacionamientos en etapa de \u201cpropuestas\u201d son el&nbsp;<strong>\u201cCentro de los H\u00e9roes 2<\/strong>\u201d con 2,575 metros cuadrados de terreno para cinco niveles y 298 parqueos en total; el&nbsp;<strong>\u201cJos\u00e9 Mar\u00eda Cabral y B\u00e1ez\u201d<\/strong>&nbsp;con 20,848.37 metros cuadrados para siete niveles y un espacio para 592 parqueos; el de la&nbsp;<strong>provincia &#8220;San Crist\u00f3bal&#8221;<\/strong>, que ocupar\u00eda 13,069.98 metros cuadrados de \u00e1rea de construcci\u00f3n para seis niveles y 397 parqueos. Tambi\u00e9n, el parqueo&nbsp;<strong>\u201cDirecci\u00f3n General de Impuestos Internos (DGII)\u201d<\/strong>&nbsp;de 4,000 metros cuadrados, que levantar\u00e1 siete niveles para 786 parqueos.<\/p>\n\n\n\n<h3 class=\"wp-block-heading\"><strong>METROPARQUEOS<\/strong><\/h3>\n\n\n\n<p>El metroparqueo corresponde al mismo plan, pero en algunas estaciones del Metro de Santo Domingo, como la&nbsp;<strong>Eduardo Brito&nbsp;<\/strong>con 46 parqueos p\u00fablicos y la&nbsp;<strong>Ercilia Pep\u00edn<\/strong>&nbsp;con cinco estacionamientos. Tambi\u00e9n, en la&nbsp;<strong>Horacio V\u00e1squez<\/strong>, aunque no se refleja en el apartado de obras de la p\u00e1gina Parqu\u00e9aTRD.<\/p>\n\n\n\n<p>En esa estaci\u00f3n, detr\u00e1s del terreno ocupado, descansa un cartel anunciado la construcci\u00f3n de un metroparqueo.<\/p>\n\n\n\n<p>Fuente: Diario Libre<\/p>\n","protected":false},"excerpt":{"rendered":"<p>Santo Domingo. \u2013 El 12 de enero de 2021 -hace m\u00e1s de dos a\u00f1os-,\u00a0el Gobierno anunci\u00f3 20 parqueos p\u00fablicos para el pa\u00eds. Diecis\u00e9is para el Gran Santo Domingo y cuatro&hellip;<\/p>\n","protected":false},"author":1,"featured_media":42784,"comment_status":"open","ping_status":"open","sticky":false,"template":"","format":"standard","meta":{"content-type":"","jetpack_post_was_ever_published":false,"_jetpack_newsletter_access":"","_jetpack_dont_email_post_to_subs":false,"_jetpack_newsletter_tier_id":0,"_jetpack_memberships_contains_paywalled_content":false,"_jetpack_memberships_contains_paid_content":false,"footnotes":""},"categories":[1],"tags":[62,504,67,505],"class_list":["post-48849","post","type-post","status-publish","format-standard","has-post-thumbnail","hentry","category-sin-categoria","tag-atentord","tag-falta-de-parqueo","tag-luis-abinader","tag-promesas-incumplidas"],"jetpack_featured_media_url":"","jetpack-related-posts":[{"id":102991,"url":"https:\/\/lasprimeras.com.do\/index.php\/2025\/07\/10\/abinader-inaugura-parqueo-plaza-zona-colonial\/","url_meta":{"origin":48849,"position":0},"title":"Abinader inaugura parqueo Plaza Zona Colonial","author":"Nelson Feliz","date":"10 de julio de 2025","format":false,"excerpt":"Una infraestructura moderna que mejora la movilidad, dinamiza la econom\u00eda y proyecta un nuevo modelo de desarrollo urbano. Con una inversi\u00f3n de US$ 16 millones de d\u00f3lares, el presidente Luis Abinader inaugur\u00f3 este jueves el edificio mixto de parqueo Plaza Zona Colonial, como parte del programa nacional Parqu\u00e9ate RD, una\u2026","rel":"","context":"En \u00abECONOM\u00cdA\u00bb","block_context":{"text":"ECONOM\u00cdA","link":"https:\/\/lasprimeras.com.do\/index.php\/category\/economia\/"},"img":{"alt_text":"","src":"https:\/\/i0.wp.com\/lasprimeras.com.do\/wp-content\/uploads\/2025\/07\/Luis-Abinader-c-1.jpg?resize=350%2C200&ssl=1","width":350,"height":200,"srcset":"https:\/\/i0.wp.com\/lasprimeras.com.do\/wp-content\/uploads\/2025\/07\/Luis-Abinader-c-1.jpg?resize=350%2C200&ssl=1 1x, https:\/\/i0.wp.com\/lasprimeras.com.do\/wp-content\/uploads\/2025\/07\/Luis-Abinader-c-1.jpg?resize=525%2C300&ssl=1 1.5x, https:\/\/i0.wp.com\/lasprimeras.com.do\/wp-content\/uploads\/2025\/07\/Luis-Abinader-c-1.jpg?resize=700%2C400&ssl=1 2x"},"classes":[]},{"id":109828,"url":"https:\/\/lasprimeras.com.do\/index.php\/2025\/09\/22\/un-tiroteo-se-habria-registrado-en-el-parqueo-de-la-torre-donde-vive-el-alfa\/","url_meta":{"origin":48849,"position":1},"title":"Un tiroteo se habr\u00eda registrado en el parqueo de la torre donde vive El Alfa","author":"Nelson Feliz","date":"22 de septiembre de 2025","format":false,"excerpt":"Por L\u00e1zaro Medina Familia Un tiroteo, cuyas causas a\u00fan se desconocen, se registr\u00f3 la tarde de este lunes en el parqueo de la torre de apartamentos donde supuestamente reside el cantante dominicano El Alfa, en la ciudad de Santo Domingo y hasta el momento no se han reportado personas heridas.\u2026","rel":"","context":"En \u00abNACIONALES\u00bb","block_context":{"text":"NACIONALES","link":"https:\/\/lasprimeras.com.do\/index.php\/category\/nacionales\/"},"img":{"alt_text":"","src":"https:\/\/i0.wp.com\/lasprimeras.com.do\/wp-content\/uploads\/2025\/09\/Alfa.jpg?resize=350%2C200&ssl=1","width":350,"height":200},"classes":[]},{"id":114431,"url":"https:\/\/lasprimeras.com.do\/index.php\/2025\/11\/13\/afi-reservas-otorgara-tarifas-preferenciales-a-comerciantes-usuarios-del-parqueo-plaza-zona-colonial\/","url_meta":{"origin":48849,"position":2},"title":"AFI Reservas otorgar\u00e1 tarifas preferenciales a comerciantes usuarios del Parqueo Plaza Zona Colonial","author":"Nelson Feliz","date":"13 de noviembre de 2025","format":false,"excerpt":"La entidad firm\u00f3 un acuerdo que contempla tarifarios diferenciados para clientes, colaboradores y organizadores de eventos. La Administradora de Fondos de Inversi\u00f3n Reservas (AFI Reservas) firm\u00f3 este jueves un acuerdo para ofrecer tarifas preferenciales a los comercios integrantes de los Grupos Unidos por la Zona Colonial que usan los servicios\u2026","rel":"","context":"En \u00abECONOM\u00cdA\u00bb","block_context":{"text":"ECONOM\u00cdA","link":"https:\/\/lasprimeras.com.do\/index.php\/category\/economia\/"},"img":{"alt_text":"","src":"https:\/\/i0.wp.com\/lasprimeras.com.do\/wp-content\/uploads\/2025\/11\/AFI-Reservas.jpg?resize=350%2C200&ssl=1","width":350,"height":200,"srcset":"https:\/\/i0.wp.com\/lasprimeras.com.do\/wp-content\/uploads\/2025\/11\/AFI-Reservas.jpg?resize=350%2C200&ssl=1 1x, https:\/\/i0.wp.com\/lasprimeras.com.do\/wp-content\/uploads\/2025\/11\/AFI-Reservas.jpg?resize=525%2C300&ssl=1 1.5x, https:\/\/i0.wp.com\/lasprimeras.com.do\/wp-content\/uploads\/2025\/11\/AFI-Reservas.jpg?resize=700%2C400&ssl=1 2x"},"classes":[]},{"id":82748,"url":"https:\/\/lasprimeras.com.do\/index.php\/2024\/05\/07\/abinader-revela-gobierno-construira-dos-parqueos-uno-en-el-palacio-nacional\/","url_meta":{"origin":48849,"position":3},"title":"Abinader revela Gobierno construir\u00e1 dos parqueos, uno en el Palacio Nacional","author":"BIMARY DE JES\u00daS Matos","date":"7 de mayo de 2024","format":false,"excerpt":"La dificultad para obtener un parqueo en los alrededores del\u00a0Palacio Nacional\u00a0es algo de lo cual el\u00a0presidente\u00a0de la Rep\u00fablica, Luis\u00a0Abinader, dijo estar consciente y por ello revel\u00f3 este lunes que el\u00a0Gobierno\u00a0trabaja en la\u00a0construcci\u00f3n\u00a0de dos\u00a0edificios\u00a0de\u00a0estacionamientos\u00a0en la zona para ayudar en la soluci\u00f3n a esta problem\u00e1tica, que aclar\u00f3 tiene sus a\u00f1os. Una de\u2026","rel":"","context":"En \u00abNACIONALES\u00bb","block_context":{"text":"NACIONALES","link":"https:\/\/lasprimeras.com.do\/index.php\/category\/nacionales\/"},"img":{"alt_text":"","src":"https:\/\/i0.wp.com\/lasprimeras.com.do\/wp-content\/uploads\/2024\/05\/edv22886-focus-0-0-375-240.jpg?resize=350%2C200&ssl=1","width":350,"height":200},"classes":[]},{"id":126838,"url":"https:\/\/lasprimeras.com.do\/index.php\/2026\/04\/06\/video-muestra-patrulla-de-la-pn-llevandose-dos-motores-de-un-parqueo-en-moca\/","url_meta":{"origin":48849,"position":4},"title":"Video muestra patrulla de la PN llev\u00e1ndose dos motores de un parqueo en Moca","author":"Nelson Feliz","date":"6 de abril de 2026","format":false,"excerpt":"Moca, Espaillat.\u00a0\u2014 Una situaci\u00f3n que genera preocupaci\u00f3n ocurri\u00f3 en\u00a0Cayetano Germos\u00e9n, cuando una patrulla de la\u00a0Polic\u00eda Nacional\u00a0retir\u00f3 una motocicleta que se encontraba estacionada en el parqueo de su propietario. El due\u00f1o del veh\u00edculo denunci\u00f3 el hecho y asegur\u00f3 que el incidente qued\u00f3 registrado por una c\u00e1mara de seguridad instalada en el\u2026","rel":"","context":"En \u00abNACIONALES\u00bb","block_context":{"text":"NACIONALES","link":"https:\/\/lasprimeras.com.do\/index.php\/category\/nacionales\/"},"img":{"alt_text":"Patrulla PN","src":"https:\/\/i0.wp.com\/lasprimeras.com.do\/wp-content\/uploads\/2024\/04\/Patrulla-PN.jpg?resize=350%2C200&ssl=1","width":350,"height":200,"srcset":"https:\/\/i0.wp.com\/lasprimeras.com.do\/wp-content\/uploads\/2024\/04\/Patrulla-PN.jpg?resize=350%2C200&ssl=1 1x, https:\/\/i0.wp.com\/lasprimeras.com.do\/wp-content\/uploads\/2024\/04\/Patrulla-PN.jpg?resize=525%2C300&ssl=1 1.5x, https:\/\/i0.wp.com\/lasprimeras.com.do\/wp-content\/uploads\/2024\/04\/Patrulla-PN.jpg?resize=700%2C400&ssl=1 2x"},"classes":[]},{"id":105233,"url":"https:\/\/lasprimeras.com.do\/index.php\/2025\/07\/31\/usuarios-del-parqueo-plaza-colonial-tendran-hasta-dos-horas-gratis-al-consumir-en-restaurantes-o-bar\/","url_meta":{"origin":48849,"position":5},"title":"Usuarios del Parqueo Plaza Colonial tendr\u00e1n hasta dos horas gratis al consumir en restaurantes o bar","author":"Nelson Feliz","date":"31 de julio de 2025","format":false,"excerpt":"En cuanto a las motocicletas, este aparcamiento limitar\u00e1 su acceso al interior por razones de seguridad. Solo se permitir\u00e1 la entrada de motocicletas de lujo, mientras que el resto deber\u00e1 utilizar un espacio habilitado de manera externa. El nuevo Parqueo Plaza Colonial, ubicado en el Distrito Nacional, ofrecer\u00e1 hasta dos\u2026","rel":"","context":"En \u00abECONOM\u00cdA\u00bb","block_context":{"text":"ECONOM\u00cdA","link":"https:\/\/lasprimeras.com.do\/index.php\/category\/economia\/"},"img":{"alt_text":"","src":"https:\/\/i0.wp.com\/lasprimeras.com.do\/wp-content\/uploads\/2025\/07\/unaa.jpg?resize=350%2C200&ssl=1","width":350,"height":200},"classes":[]}],"jetpack_sharing_enabled":true,"_links":{"self":[{"href":"https:\/\/lasprimeras.com.do\/index.php\/wp-json\/wp\/v2\/posts\/48849","targetHints":{"allow":["GET"]}}],"collection":[{"href":"https:\/\/lasprimeras.com.do\/index.php\/wp-json\/wp\/v2\/posts"}],"about":[{"href":"https:\/\/lasprimeras.com.do\/index.php\/wp-json\/wp\/v2\/types\/post"}],"author":[{"embeddable":true,"href":"https:\/\/lasprimeras.com.do\/index.php\/wp-json\/wp\/v2\/users\/1"}],"replies":[{"embeddable":true,"href":"https:\/\/lasprimeras.com.do\/index.php\/wp-json\/wp\/v2\/comments?post=48849"}],"version-history":[{"count":0,"href":"https:\/\/lasprimeras.com.do\/index.php\/wp-json\/wp\/v2\/posts\/48849\/revisions"}],"wp:featuredmedia":[{"embeddable":true,"href":"https:\/\/lasprimeras.com.do\/index.php\/wp-json\/"}],"wp:attachment":[{"href":"https:\/\/lasprimeras.com.do\/index.php\/wp-json\/wp\/v2\/media?parent=48849"}],"wp:term":[{"taxonomy":"category","embeddable":true,"href":"https:\/\/lasprimeras.com.do\/index.php\/wp-json\/wp\/v2\/categories?post=48849"},{"taxonomy":"post_tag","embeddable":true,"href":"https:\/\/lasprimeras.com.do\/index.php\/wp-json\/wp\/v2\/tags?post=48849"}],"curies":[{"name":"wp","href":"https:\/\/api.w.org\/{rel}","templated":true}]}}