{"id":48872,"date":"2023-05-04T17:21:22","date_gmt":"2023-05-04T21:21:22","guid":{"rendered":"https:\/\/atento.com.do\/?p=48872"},"modified":"2023-05-04T17:21:22","modified_gmt":"2023-05-04T21:21:22","slug":"inespre-inicia-este-fin-de-semana-cinco-grandes-ferias-para-las-madres","status":"publish","type":"post","link":"https:\/\/lasprimeras.com.do\/index.php\/2023\/05\/04\/inespre-inicia-este-fin-de-semana-cinco-grandes-ferias-para-las-madres\/","title":{"rendered":"Inespre inicia este fin de semana cinco grandes ferias para las madres"},"content":{"rendered":"\n<p>Las ferias iniciar\u00e1n en San Crist\u00f3bal de 9 de la ma\u00f1ana a 6 de la tarde<\/p>\n\n\n\n<p><strong>SANTO DOMINGO. \u2013<\/strong> El Instituto de Estabilizaci\u00f3n de Precios (Inespre) iniciar\u00e1 este fin de semana cinco grandes Ferias Agropecuarias llamadas &#8220;Inespre Est\u00e1 de Madre&#8221;, qu\u00e9 ser\u00e1n realizadas todos los fines de semana de mayo y el primer fin de semana de junio en varias localidades.<\/p>\n\n\n\n<p>Una gran variedad y cantidad de productos agropecuarios ser\u00e1n comercializados a bajos costos en dichas ferias qu\u00e9 iniciar\u00e1n este s\u00e1bado 6 y domingo 7 de mayo en el parqueo del Estadio Tem\u00edstocles Metz en San Crist\u00f3bal.<\/p>\n\n\n\n<p>Iv\u00e1n Hern\u00e1ndez Guzm\u00e1n, director del Inespre, inform\u00f3 que la segunda actividad se efectuar\u00e1 el s\u00e1bado 13 y domingo 14 de mayo en el parqueo del Estadio Cibao en Santiago; la tercera el s\u00e1bado 20 y el domingo 21 en el play La Zafra de Los Mina en Santo Domingo Este; la cuarta el jueves 25, viernes 26 y s\u00e1bado 27 de mayo en la Feria Ganadera y culminar\u00e1 el s\u00e1bado 3 y domingo 4 de junio en el Polideportivo de Azua.<\/p>\n\n\n\n<p>Explic\u00f3 que las ferias &#8220;Inespre Est\u00e1 de Madre&#8221; son realizadas por disposici\u00f3n de la Presidencia de la Rep\u00fablica con el objetivo de honrar a ese ser tan especial de la casa, que es mam\u00e1.<\/p>\n\n\n\n<p>Dichos eventos ser\u00e1n realizados de 9 de la ma\u00f1ana a 6 de la tarde y tendr\u00e1n disponible para el p\u00fablico paquetes de arroz tipo B de 25 libras a 500 pesos, 800 gramos de habichuelas a 50 pesos, pollo entero a 150 pesos, el cart\u00f3n de huevos de 30 unidades a 150, pl\u00e1tanos a 5 pesos, guineitos a 3 pesos y mallas de papas de 2.5 libras a tan s\u00f3lo 40 pesos.<\/p>\n\n\n\n<p>Tambi\u00e9n comercializar\u00e1 mallas de 2.5 libras de cebolla por 60 pesos, la libra de ajo a 60, dos libras de az\u00facar crema por 45 pesos, 400 gramos de espaguetis por 30 y caf\u00e9 de 8.8 onzas a 95 pesos.<\/p>\n\n\n\n<p>El Inespre tambi\u00e9n vender\u00e1 un s\u00faper combo alimenticio que contiene 5 libras de arroz selecto tipo b, habichuelas gira de 800 gramos, salami especial de 2 libras, aceite de 16 onzas, casabe natural, 10 unidades de chocolate en barra, espaguetis de 400 gramos, guandules de 15 onzas, harina de ma\u00edz 14 onzas, lata de ma\u00edz de 15 onzas, sal molida, sardina, saz\u00f3n de polvo de 8 onzas y un vinagre dorado de 16 onzas por tan s\u00f3lo 650 pesos.<\/p>\n\n\n\n<p>En las Ferias Inespre Est\u00e1 de Madre ser\u00e1n realizados concursos, rifas, animaciones, ventas de productos de empresas invitadas y ofrecer\u00e1n transporte gratis por algunas rutas cortes\u00eda de la Omsa.<\/p>\n\n\n\n<p>La instituci\u00f3n exhorta a la poblaci\u00f3n a que aproveche las grandes ofertas qu\u00e9 trae el Inespre y a obtener mayor informaci\u00f3n de dicha actividad en las redes sociales @inesprerd y en la p\u00e1gina institucional&nbsp;<a href=\"http:\/\/www.inespre.gob.do\/\" target=\"_blank\" rel=\"noreferrer noopener\">www.inespre.gob.do<\/a>.<\/p>\n","protected":false},"excerpt":{"rendered":"<p>Las ferias iniciar\u00e1n en San Crist\u00f3bal de 9 de la ma\u00f1ana a 6 de la tarde SANTO DOMINGO. \u2013 El Instituto de Estabilizaci\u00f3n de Precios (Inespre) iniciar\u00e1 este fin de&hellip;<\/p>\n","protected":false},"author":1,"featured_media":48873,"comment_status":"open","ping_status":"open","sticky":false,"template":"","format":"standard","meta":{"content-type":"","jetpack_post_was_ever_published":false,"_jetpack_newsletter_access":"","_jetpack_dont_email_post_to_subs":false,"_jetpack_newsletter_tier_id":0,"_jetpack_memberships_contains_paywalled_content":false,"_jetpack_memberships_contains_paid_content":false,"footnotes":""},"categories":[39,25],"tags":[533,534,535,536],"class_list":["post-48872","post","type-post","status-publish","format-standard","has-post-thumbnail","hentry","category-economia","category-portada","tag-ferias","tag-fin-de-semana","tag-inespre","tag-madres"],"jetpack_featured_media_url":"","jetpack-related-posts":[{"id":50810,"url":"https:\/\/lasprimeras.com.do\/index.php\/2023\/05\/24\/inespre-esta-de-madre-llega-a-la-ciudad-ganadera-este-jueves-viernes-y-sabado\/","url_meta":{"origin":48872,"position":0},"title":"&#8220;Inespre est\u00e1 de Madre&#8221; llega a la Ciudad Ganadera este\u00a0 jueves, viernes y s\u00e1bado","author":"prenxa100","date":"24 de mayo de 2023","format":false,"excerpt":"M\u00e1s de 60 mil personas han sido beneficiadas con dichas ferias. SANTO DOMINGO.-La feria\u00a0 \u00abInespre Est\u00e1 de Madre\u00bb llega a la Ciudad\u00a0 Ganadera este jueves 25, viernes 26 y s\u00e1bado 27\u00a0 de mayo, en el pabell\u00f3n II, de 9 de la ma\u00f1ana a 6 de la tarde, all\u00ed se ofertar\u00e1n\u2026","rel":"","context":"En \u00abECONOM\u00cdA\u00bb","block_context":{"text":"ECONOM\u00cdA","link":"https:\/\/lasprimeras.com.do\/index.php\/category\/economia\/"},"img":{"alt_text":"","src":"","width":0,"height":0},"classes":[]},{"id":51887,"url":"https:\/\/lasprimeras.com.do\/index.php\/2023\/06\/04\/las-ferias-inespre-esta-de-madre-impactan-a-mas-120-mil-personas\/","url_meta":{"origin":48872,"position":1},"title":"Las ferias \u201cInespre Est\u00e1 de Madre\u201d impactan a m\u00e1s 120 mil personas","author":"prenxa100","date":"4 de junio de 2023","format":false,"excerpt":"Las ferias culminaron este fin de semana Azua con las ventas de miles de productos frescos y a bajos costos. M\u00e1s 120 mil personas compraron alimentos a bajos costos en las ferias \u201cInespre Est\u00e1 de Madre\u201d que fueron realizadas en San Crist\u00f3bal, Santiago, Santo Domingo Este, el Distrito Nacional todos\u2026","rel":"","context":"En \u00abECONOM\u00cdA\u00bb","block_context":{"text":"ECONOM\u00cdA","link":"https:\/\/lasprimeras.com.do\/index.php\/category\/economia\/"},"img":{"alt_text":"","src":"","width":0,"height":0},"classes":[]},{"id":51138,"url":"https:\/\/lasprimeras.com.do\/index.php\/2023\/05\/28\/mas-de-90-mil-personas-se-abastecen-de-alimentos-en-ferias-inespre-esta-de-madre\/","url_meta":{"origin":48872,"position":2},"title":"M\u00e1s de 90 mil personas se abastecen de alimentos en ferias \u201cInespre Est\u00e1 de Madre\u201d","author":"prenxa100","date":"28 de mayo de 2023","format":false,"excerpt":"El Director agradeci\u00f3 la confianza depositada por miles de dominicanos Santo Domingo, RD. M\u00e1s de 90 mil personas de diversas clases sociales se beneficiaron adquiriendo alimentos a bajos costos en las ferias \u201cInespre Est\u00e1 de Madre\u201d que fueron realizadas en San Crist\u00f3bal, Santiago, Santo Domingo Este y el Distrito Nacional\u2026","rel":"","context":"En \u00abECONOM\u00cdA\u00bb","block_context":{"text":"ECONOM\u00cdA","link":"https:\/\/lasprimeras.com.do\/index.php\/category\/economia\/"},"img":{"alt_text":"","src":"","width":0,"height":0},"classes":[]},{"id":50986,"url":"https:\/\/lasprimeras.com.do\/index.php\/2023\/05\/25\/inicia-con-exito-feria-inespre-esta-de-madre-en-la-ciudad-ganadera\/","url_meta":{"origin":48872,"position":3},"title":"Inicia con \u00e9xito feria \u201cInespre est\u00e1 de Madre\u201d en la Ciudad Ganadera","author":"prenxa100","date":"25 de mayo de 2023","format":false,"excerpt":"El organismo tendr\u00e1 disponible grandes ofertas el jueves 25, viernes 26 y s\u00e1bado 27 de mayo SANTO DOMINGO.- El Instituto de Estabilizaci\u00f3n de Precios inici\u00f3 con \u00e9xito la feria \u00abInespre Est\u00e1 de Madre\u00bb en el pabell\u00f3n II de la Ciudad Ganadera, desde las 9 des ma\u00f1ana hasta las 6 de\u2026","rel":"","context":"En \u00abECONOM\u00cdA\u00bb","block_context":{"text":"ECONOM\u00cdA","link":"https:\/\/lasprimeras.com.do\/index.php\/category\/economia\/"},"img":{"alt_text":"","src":"","width":0,"height":0},"classes":[]},{"id":49745,"url":"https:\/\/lasprimeras.com.do\/index.php\/2023\/05\/14\/mas-de-45-mil-personas-se-benefician-con-las-ferias-inespre-esta-de-madre-en-santiago-y-san-cristobal\/","url_meta":{"origin":48872,"position":4},"title":"M\u00e1s de 45 mil personas se benefician con las ferias \u201cInespre Est\u00e1 de Madre\u201d en Santiago y San Crist\u00f3bal","author":"prenxa100","date":"14 de mayo de 2023","format":false,"excerpt":"Iv\u00e1n Hern\u00e1ndez Guzm\u00e1n anuncia el relanzamiento del programa \u201cCompra a Precio de INESPRE en el Supermercado\u201d SANTIAGO, RD. M\u00e1s de 45 mil personas se han beneficiado comprando productos a bajos costos en las ferias \u201cInespre Est\u00e1 de Madre\u201d realizadas en Santiago y San Crist\u00f3bal. As\u00ed lo inform\u00f3 el director del\u2026","rel":"","context":"En \u00abECONOM\u00cdA\u00bb","block_context":{"text":"ECONOM\u00cdA","link":"https:\/\/lasprimeras.com.do\/index.php\/category\/economia\/"},"img":{"alt_text":"","src":"","width":0,"height":0},"classes":[]},{"id":91690,"url":"https:\/\/lasprimeras.com.do\/index.php\/2024\/12\/01\/inespre-beneficia-a-mas-de-70-mil-personas-en-feria-la-navidad-del-cambio-en-azua\/","url_meta":{"origin":48872,"position":5},"title":"Inespre beneficia a m\u00e1s de 70 mil personas en Feria \u201cLa Navidad del Cambio\u201d en Azua","author":"Nelson Feliz","date":"1 de diciembre de 2024","format":false,"excerpt":"M\u00e1s de 70 mil personas de la regi\u00f3n sur del pa\u00eds fueron beneficiadas con ventas de alimentos a bajos costos a trav\u00e9s de la Feria Navidad del Cambio con el Inespre que se llev\u00f3 a cabo este fin de semana en el Polideportivo de Azua, seg\u00fan inform\u00f3 la instituci\u00f3n. Fueron\u2026","rel":"","context":"En \u00abECONOM\u00cdA\u00bb","block_context":{"text":"ECONOM\u00cdA","link":"https:\/\/lasprimeras.com.do\/index.php\/category\/economia\/"},"img":{"alt_text":"","src":"https:\/\/i0.wp.com\/lasprimeras.com.do\/wp-content\/uploads\/2024\/12\/inespre.jpg?resize=350%2C200&ssl=1","width":350,"height":200,"srcset":"https:\/\/i0.wp.com\/lasprimeras.com.do\/wp-content\/uploads\/2024\/12\/inespre.jpg?resize=350%2C200&ssl=1 1x, https:\/\/i0.wp.com\/lasprimeras.com.do\/wp-content\/uploads\/2024\/12\/inespre.jpg?resize=525%2C300&ssl=1 1.5x, https:\/\/i0.wp.com\/lasprimeras.com.do\/wp-content\/uploads\/2024\/12\/inespre.jpg?resize=700%2C400&ssl=1 2x"},"classes":[]}],"jetpack_sharing_enabled":true,"_links":{"self":[{"href":"https:\/\/lasprimeras.com.do\/index.php\/wp-json\/wp\/v2\/posts\/48872","targetHints":{"allow":["GET"]}}],"collection":[{"href":"https:\/\/lasprimeras.com.do\/index.php\/wp-json\/wp\/v2\/posts"}],"about":[{"href":"https:\/\/lasprimeras.com.do\/index.php\/wp-json\/wp\/v2\/types\/post"}],"author":[{"embeddable":true,"href":"https:\/\/lasprimeras.com.do\/index.php\/wp-json\/wp\/v2\/users\/1"}],"replies":[{"embeddable":true,"href":"https:\/\/lasprimeras.com.do\/index.php\/wp-json\/wp\/v2\/comments?post=48872"}],"version-history":[{"count":0,"href":"https:\/\/lasprimeras.com.do\/index.php\/wp-json\/wp\/v2\/posts\/48872\/revisions"}],"wp:featuredmedia":[{"embeddable":true,"href":"https:\/\/lasprimeras.com.do\/index.php\/wp-json\/"}],"wp:attachment":[{"href":"https:\/\/lasprimeras.com.do\/index.php\/wp-json\/wp\/v2\/media?parent=48872"}],"wp:term":[{"taxonomy":"category","embeddable":true,"href":"https:\/\/lasprimeras.com.do\/index.php\/wp-json\/wp\/v2\/categories?post=48872"},{"taxonomy":"post_tag","embeddable":true,"href":"https:\/\/lasprimeras.com.do\/index.php\/wp-json\/wp\/v2\/tags?post=48872"}],"curies":[{"name":"wp","href":"https:\/\/api.w.org\/{rel}","templated":true}]}}