{"id":48877,"date":"2023-05-04T22:49:25","date_gmt":"2023-05-05T02:49:25","guid":{"rendered":"https:\/\/atento.com.do\/?p=48877"},"modified":"2023-05-04T22:49:25","modified_gmt":"2023-05-05T02:49:25","slug":"indrhi-y-ajocine-premian-audiovisuales-enfocados-en-la-preservacion-del-agua","status":"publish","type":"post","link":"https:\/\/lasprimeras.com.do\/index.php\/2023\/05\/04\/indrhi-y-ajocine-premian-audiovisuales-enfocados-en-la-preservacion-del-agua\/","title":{"rendered":"INDRHI y AJOCINE premian audiovisuales enfocados en la\u00a0preservaci\u00f3n del agua\u00a0 \u00a0 \u00a0 \u00a0"},"content":{"rendered":"\n<p><strong>SANTO DOMINGO. \u2013<\/strong>&nbsp;El Instituto Nacional de Recursos Hidr\u00e1ulicos (INDRHI) y la Asociaci\u00f3n Dominicana de J\u00f3venes Cineastas (AJOCINE) entregaron los premios a los ganadores del concurso de cortometrajes \u201cEl Sabor del Agua\u201d, iniciativa que forma parte de las acciones institucionales enfocadas en el cuidado y preservaci\u00f3n del preciado l\u00edquido para la vida, en una gala efectuada en el Centro&nbsp;Cultural de las Telecomunicaciones.&nbsp; &nbsp; &nbsp; &nbsp; &nbsp;<\/p>\n\n\n\n<p>En la categor\u00eda Estudiante, el ganador del primer lugar fue Hidekel Franco, con su cortometraje titulado \u201cBlue la gota de la Conciencia\u201d; el segundo lugar, Joshua Binet, Ciprian de Jes\u00fas y Carlos Santos, con \u201cNing\u00fan tiempo est\u00e1 lejos\u201d; el tercer puesto lo recibi\u00f3 Hemil Del Orbe, con su audiovisual \u201cTrueque\u201d, y el cuarto lugar se le otorg\u00f3 a Aneury Ulloa, con \u201cUn chin de Agua\u201d.<\/p>\n\n\n\n<p>En el rengl\u00f3n Aficionado, el primer lugar lo obtuvo Alberlin Smith Reynoso, con \u201cTierra Moj\u00e1&#8221;, y el segundo lugar, Albania G\u00f3mez, con \u201cFlorecer\u201d.<\/p>\n\n\n\n<p>El director ejecutivo del INDRHI, Olmedo Caba Romano, felicit\u00f3 a todos los participantes y recalc\u00f3 que los materiales audiovisuales recibidos gozan de talento y creatividad y poseen enfoque directo al tema de gesti\u00f3n de los recursos h\u00eddricos y sobre riesgos asociados al agua, por lo que ser\u00e1n utilizados en charlas de sensibilizaci\u00f3n que desarrollan en escuelas y en la Sala del Agua.<\/p>\n\n\n\n<p>Tambi\u00e9n se dirigieron al p\u00fablico Yolden De la Cruz, presidente de AJOCINE, y Natalia Freites, encargada del Concurso P\u00fablico de la Direcci\u00f3n General de Cine (DGCINE) y coordinadora del jurado seleccionador.<\/p>\n\n\n\n<figure class=\"wp-block-image size-full\"><img decoding=\"async\" src=\"https:\/\/atento.com.do\/wp-content\/uploads\/2023\/05\/FOTO-4.jpg\" alt=\"\" class=\"wp-image-48879\"\/><\/figure>\n\n\n\n<p>Los dem\u00e1s miembros del jurado fueron Anne Lemaistre, directora de la Oficina Regional de Cultura para Am\u00e9rica Latina y el Caribe de la Organizaci\u00f3n de las Naciones Unidas para la Educaci\u00f3n, la Ciencia y la Cultura (UNESCO) en La Habana, Cuba, y Miguel Doria, hidr\u00f3logo regional del Programa Hidrol\u00f3gico Intergubernamental de la UNESCO en Montevideo, Uruguay; H\u00e9ctor Garibaldi P\u00e9rez, del Ministerio de Medio Ambiente y Recursos Naturales; Dahiana Grull\u00f3n Acosta, de la Asociaci\u00f3n Dominicana de Prensa y Cr\u00edtica Cinematogr\u00e1fica (ADOPRESCI), y Fidel P\u00e9rez, especialista en Hidrolog\u00eda.<\/p>\n\n\n\n<p>El concurso se enmarca en un convenio de cooperaci\u00f3n t\u00e9cnica entre INDRHI y AJOCINE firmado el 6 de septiembre del pasado a\u00f1o bajo el inter\u00e9s conjunto de promover a trav\u00e9s de las artes visuales la protecci\u00f3n y conservaci\u00f3n de los recursos h\u00eddricos, involucrando a j\u00f3venes artistas en la pasi\u00f3n por el agua.<\/p>\n","protected":false},"excerpt":{"rendered":"<p>SANTO DOMINGO. \u2013&nbsp;El Instituto Nacional de Recursos Hidr\u00e1ulicos (INDRHI) y la Asociaci\u00f3n Dominicana de J\u00f3venes Cineastas (AJOCINE) entregaron los premios a los ganadores del concurso de cortometrajes \u201cEl Sabor del&hellip;<\/p>\n","protected":false},"author":1,"featured_media":48878,"comment_status":"open","ping_status":"open","sticky":false,"template":"","format":"standard","meta":{"content-type":"","jetpack_post_was_ever_published":false,"_jetpack_newsletter_access":"","_jetpack_dont_email_post_to_subs":false,"_jetpack_newsletter_tier_id":0,"_jetpack_memberships_contains_paywalled_content":false,"_jetpack_memberships_contains_paid_content":false,"footnotes":""},"categories":[84],"tags":[537,538,539,540,541,542,543],"class_list":["post-48877","post","type-post","status-publish","format-standard","has-post-thumbnail","hentry","category-entretenimiento","tag-agua","tag-ajocine","tag-audiovisuales","tag-enfocados","tag-indrhi","tag-premian","tag-preservacion"],"jetpack_featured_media_url":"","jetpack-related-posts":[{"id":110288,"url":"https:\/\/lasprimeras.com.do\/index.php\/2025\/09\/27\/indrhi-vigila-embalses-estan-los-reservorios-listos-ante-las-proximas-lluvias\/","url_meta":{"origin":48877,"position":0},"title":"INDRHI vigila embalses: \u00bfest\u00e1n los reservorios listos ante las pr\u00f3ximas lluvias?","author":"Nelson Feliz","date":"27 de septiembre de 2025","format":false,"excerpt":"El Instituto Nacional de Recursos Hidr\u00e1ulicos (INDRHI) inform\u00f3 que mantiene una vigilancia permanente sobre los embalses del pa\u00eds, al tiempo de precisar que el volumen nacional de agua en las presas ronda el 60%, encontr\u00e1ndose \u00e9stas en condiciones de recibir las precipitaciones que caen sobre el territorio nacional y las\u2026","rel":"","context":"En \u00abCLIMA\u00bb","block_context":{"text":"CLIMA","link":"https:\/\/lasprimeras.com.do\/index.php\/category\/clima\/"},"img":{"alt_text":"","src":"","width":0,"height":0},"classes":[]},{"id":105492,"url":"https:\/\/lasprimeras.com.do\/index.php\/2025\/08\/04\/supervision-en-montecristi-un-estado-presente-escuchando-y-protegiendo-su-territorio\/","url_meta":{"origin":48877,"position":1},"title":"Supervisi\u00f3n en Montecristi: Un Estado Presente, Escuchando y Protegiendo su Territorio","author":"Nelson Feliz","date":"4 de agosto de 2025","format":false,"excerpt":"Autoridades del Ministerio de Medio Ambiente y Recursos Naturales, la Procuradur\u00eda Especializada para la Defensa del Medio Ambiente y los Recursos Naturales, el Servicio Nacional de Protecci\u00f3n Ambiental (SENPA), el Instituto Nacional de Recursos Hidr\u00e1ulicos (INDRHI), la Comisi\u00f3n de Medio Ambiente de la Universidad Aut\u00f3noma de Santo Domingo (UASD), la\u2026","rel":"","context":"En \u00abNACIONALES\u00bb","block_context":{"text":"NACIONALES","link":"https:\/\/lasprimeras.com.do\/index.php\/category\/nacionales\/"},"img":{"alt_text":"","src":"https:\/\/i0.wp.com\/lasprimeras.com.do\/wp-content\/uploads\/2025\/08\/Ministerio-de-Medio-Ambiente-1.jpg?resize=350%2C200&ssl=1","width":350,"height":200,"srcset":"https:\/\/i0.wp.com\/lasprimeras.com.do\/wp-content\/uploads\/2025\/08\/Ministerio-de-Medio-Ambiente-1.jpg?resize=350%2C200&ssl=1 1x, https:\/\/i0.wp.com\/lasprimeras.com.do\/wp-content\/uploads\/2025\/08\/Ministerio-de-Medio-Ambiente-1.jpg?resize=525%2C300&ssl=1 1.5x, https:\/\/i0.wp.com\/lasprimeras.com.do\/wp-content\/uploads\/2025\/08\/Ministerio-de-Medio-Ambiente-1.jpg?resize=700%2C400&ssl=1 2x"},"classes":[]},{"id":62448,"url":"https:\/\/lasprimeras.com.do\/index.php\/2023\/10\/05\/indrhi-dice-canal-vigia-esta-listo-para-operar\/","url_meta":{"origin":48877,"position":2},"title":"Indrhi dice Canal Vig\u00eda est\u00e1 listo para operar","author":"BIMARY DE JES\u00daS Matos","date":"5 de octubre de 2023","format":false,"excerpt":"Santo Domingo.-El Instituto Nacional de Recursos Hidr\u00e1ulicos (Indrhi) asegur\u00f3 ayer que el canal La Aduana-La Vig\u00eda, en el r\u00edo Dajab\u00f3n o Masacre, est\u00e1 listo para operar y present\u00f3 el trayecto de agua por el conducto, tras culminar las pruebas de las tres motobombas instaladas en la obra de toma. La\u2026","rel":"","context":"En \u00abNACIONALES\u00bb","block_context":{"text":"NACIONALES","link":"https:\/\/lasprimeras.com.do\/index.php\/category\/nacionales\/"},"img":{"alt_text":"","src":"https:\/\/i0.wp.com\/lasprimeras.com.do\/wp-content\/uploads\/2023\/10\/WhatsApp-Image-2023-10-04-at-5.20.12-PM-3.webp?resize=350%2C200&ssl=1","width":350,"height":200,"srcset":"https:\/\/i0.wp.com\/lasprimeras.com.do\/wp-content\/uploads\/2023\/10\/WhatsApp-Image-2023-10-04-at-5.20.12-PM-3.webp?resize=350%2C200&ssl=1 1x, https:\/\/i0.wp.com\/lasprimeras.com.do\/wp-content\/uploads\/2023\/10\/WhatsApp-Image-2023-10-04-at-5.20.12-PM-3.webp?resize=525%2C300&ssl=1 1.5x, https:\/\/i0.wp.com\/lasprimeras.com.do\/wp-content\/uploads\/2023\/10\/WhatsApp-Image-2023-10-04-at-5.20.12-PM-3.webp?resize=700%2C400&ssl=1 2x, https:\/\/i0.wp.com\/lasprimeras.com.do\/wp-content\/uploads\/2023\/10\/WhatsApp-Image-2023-10-04-at-5.20.12-PM-3.webp?resize=1050%2C600&ssl=1 3x"},"classes":[]},{"id":64334,"url":"https:\/\/lasprimeras.com.do\/index.php\/2023\/10\/19\/indrhi-presas-operan-con-racionalidad-se-espera-que-vaguada-favorezca-embalses\/","url_meta":{"origin":48877,"position":3},"title":"INDRHI: Presas operan con racionalidad; se espera que vaguada favorezca embalses","author":"BIMARY DE JES\u00daS Matos","date":"19 de octubre de 2023","format":false,"excerpt":"SANTO DOMINGO.- El Instituto Nacional de Recursos Hidr\u00e1ulicos (INDRHI) indic\u00f3 este jueves que los embalses a nivel nacional operan con racionalidad para satisfacer la demanda de acueductos, el riego agr\u00edcola, la producci\u00f3n de energ\u00eda, entre otros usos, pese al ligero descenso que presentan por las faltas de lluvias en las\u2026","rel":"","context":"En \u00abPORTADA\u00bb","block_context":{"text":"PORTADA","link":"https:\/\/lasprimeras.com.do\/index.php\/category\/portada\/"},"img":{"alt_text":"","src":"https:\/\/i0.wp.com\/lasprimeras.com.do\/wp-content\/uploads\/2023\/10\/WhatsApp-Image-2023-10-18-at-9.33.42-PM.webp?resize=350%2C200&ssl=1","width":350,"height":200,"srcset":"https:\/\/i0.wp.com\/lasprimeras.com.do\/wp-content\/uploads\/2023\/10\/WhatsApp-Image-2023-10-18-at-9.33.42-PM.webp?resize=350%2C200&ssl=1 1x, https:\/\/i0.wp.com\/lasprimeras.com.do\/wp-content\/uploads\/2023\/10\/WhatsApp-Image-2023-10-18-at-9.33.42-PM.webp?resize=525%2C300&ssl=1 1.5x, https:\/\/i0.wp.com\/lasprimeras.com.do\/wp-content\/uploads\/2023\/10\/WhatsApp-Image-2023-10-18-at-9.33.42-PM.webp?resize=700%2C400&ssl=1 2x"},"classes":[]},{"id":71796,"url":"https:\/\/lasprimeras.com.do\/index.php\/2023\/12\/23\/indrhi-asegura-canal-la-vigia-esta-listo-para-garantizar-reguio\/","url_meta":{"origin":48877,"position":4},"title":"INDRHI asegura canal La Vig\u00eda est\u00e1 listo para garantizar reguio","author":"BIMARY DE JES\u00daS Matos","date":"23 de diciembre de 2023","format":false,"excerpt":"SANTO DOMINGO.- El director ejecutivo del Instituto Nacional de Recursos Hidr\u00e1ulicos (INDRHI), Olmedo Caba Romano, asegur\u00f3 hoy que el canal La Vig\u00eda, rehabilitado en Dajab\u00f3n, est\u00e1 operativo. Aclar\u00f3 que los usuarios de La Vig\u00eda tienen el riego asegurado con dos electrobombas que existen desde la d\u00e9cada del 2000. Explic\u00f3 que\u2026","rel":"","context":"En \u00abPORTADA\u00bb","block_context":{"text":"PORTADA","link":"https:\/\/lasprimeras.com.do\/index.php\/category\/portada\/"},"img":{"alt_text":"","src":"https:\/\/i0.wp.com\/lasprimeras.com.do\/wp-content\/uploads\/2023\/12\/Noticias-de-energia-55.jpg?resize=350%2C200&ssl=1","width":350,"height":200,"srcset":"https:\/\/i0.wp.com\/lasprimeras.com.do\/wp-content\/uploads\/2023\/12\/Noticias-de-energia-55.jpg?resize=350%2C200&ssl=1 1x, https:\/\/i0.wp.com\/lasprimeras.com.do\/wp-content\/uploads\/2023\/12\/Noticias-de-energia-55.jpg?resize=525%2C300&ssl=1 1.5x"},"classes":[]},{"id":123674,"url":"https:\/\/lasprimeras.com.do\/index.php\/2026\/03\/04\/indrhi-rehabilita-estaciones-de-bombeo-y-asegura-riego-en-san-juan\/","url_meta":{"origin":48877,"position":5},"title":"INDRHI rehabilita estaciones de bombeo y asegura riego en San Juan","author":"Nelson Feliz","date":"4 de marzo de 2026","format":false,"excerpt":"El Instituto Nacional de Recursos Hidr\u00e1ulicos (INDRHI) dej\u00f3 en funcionamiento dos estaciones de bombeo en esta provincia, tras una inversi\u00f3n superior a los RD$2.8 millones, reafirmando el compromiso de la gesti\u00f3n que encabeza el presidente Luis Abinader con el fortalecimiento de la producci\u00f3n agr\u00edcola en la regi\u00f3n Suroeste del pa\u00eds.\u2026","rel":"","context":"En \u00abNACIONALES\u00bb","block_context":{"text":"NACIONALES","link":"https:\/\/lasprimeras.com.do\/index.php\/category\/nacionales\/"},"img":{"alt_text":"","src":"https:\/\/i0.wp.com\/lasprimeras.com.do\/wp-content\/uploads\/2026\/03\/WhatsApp-Image-2026-03-03-at-2.24.39-PM.jpeg?resize=350%2C200&ssl=1","width":350,"height":200,"srcset":"https:\/\/i0.wp.com\/lasprimeras.com.do\/wp-content\/uploads\/2026\/03\/WhatsApp-Image-2026-03-03-at-2.24.39-PM.jpeg?resize=350%2C200&ssl=1 1x, https:\/\/i0.wp.com\/lasprimeras.com.do\/wp-content\/uploads\/2026\/03\/WhatsApp-Image-2026-03-03-at-2.24.39-PM.jpeg?resize=525%2C300&ssl=1 1.5x, https:\/\/i0.wp.com\/lasprimeras.com.do\/wp-content\/uploads\/2026\/03\/WhatsApp-Image-2026-03-03-at-2.24.39-PM.jpeg?resize=700%2C400&ssl=1 2x, https:\/\/i0.wp.com\/lasprimeras.com.do\/wp-content\/uploads\/2026\/03\/WhatsApp-Image-2026-03-03-at-2.24.39-PM.jpeg?resize=1050%2C600&ssl=1 3x"},"classes":[]}],"jetpack_sharing_enabled":true,"_links":{"self":[{"href":"https:\/\/lasprimeras.com.do\/index.php\/wp-json\/wp\/v2\/posts\/48877","targetHints":{"allow":["GET"]}}],"collection":[{"href":"https:\/\/lasprimeras.com.do\/index.php\/wp-json\/wp\/v2\/posts"}],"about":[{"href":"https:\/\/lasprimeras.com.do\/index.php\/wp-json\/wp\/v2\/types\/post"}],"author":[{"embeddable":true,"href":"https:\/\/lasprimeras.com.do\/index.php\/wp-json\/wp\/v2\/users\/1"}],"replies":[{"embeddable":true,"href":"https:\/\/lasprimeras.com.do\/index.php\/wp-json\/wp\/v2\/comments?post=48877"}],"version-history":[{"count":0,"href":"https:\/\/lasprimeras.com.do\/index.php\/wp-json\/wp\/v2\/posts\/48877\/revisions"}],"wp:featuredmedia":[{"embeddable":true,"href":"https:\/\/lasprimeras.com.do\/index.php\/wp-json\/"}],"wp:attachment":[{"href":"https:\/\/lasprimeras.com.do\/index.php\/wp-json\/wp\/v2\/media?parent=48877"}],"wp:term":[{"taxonomy":"category","embeddable":true,"href":"https:\/\/lasprimeras.com.do\/index.php\/wp-json\/wp\/v2\/categories?post=48877"},{"taxonomy":"post_tag","embeddable":true,"href":"https:\/\/lasprimeras.com.do\/index.php\/wp-json\/wp\/v2\/tags?post=48877"}],"curies":[{"name":"wp","href":"https:\/\/api.w.org\/{rel}","templated":true}]}}