{"id":48881,"date":"2023-05-04T23:09:52","date_gmt":"2023-05-05T03:09:52","guid":{"rendered":"https:\/\/atento.com.do\/?p=48881"},"modified":"2023-05-04T23:09:52","modified_gmt":"2023-05-05T03:09:52","slug":"comandante-de-la-ard-y-el-inspector-de-las-ffaa-felicitan-director-de-la-digesett","status":"publish","type":"post","link":"https:\/\/lasprimeras.com.do\/index.php\/2023\/05\/04\/comandante-de-la-ard-y-el-inspector-de-las-ffaa-felicitan-director-de-la-digesett\/","title":{"rendered":"Comandante de la ARD y el inspector de las FFAA felicitan director de la DIGESETT"},"content":{"rendered":"\n<p>Por Wilson Perez<\/p>\n\n\n\n<p><strong>Santo Domingo.-. <\/strong>El director de la Direcci\u00f3n General de Seguridad de Tr\u00e1nsito y Transporte Terrestre (DIGESETT),\u00a0general Ram\u00f3n Antonio Guzm\u00e1n Peralta, P.N., recibi\u00f3 la visita del comandante general de la Armada de Rep\u00fablica Dominicana, el vicealmirante Francisco Sosa Castillo y del inspector general de las Fuerzas Armadas, el mayor general Rubio B\u00e1ez.<\/p>\n\n\n\n<p>Estos altos oficiales se reunieron en la sede de la DIGESETT para coordinar acciones y mantener una colaboraci\u00f3n constante entre las entidades que dirigen.<\/p>\n\n\n\n<p>El vicealmirante Sosa Castillo y el mayor general Rubio B\u00e1ez aprovecharon el encuentro para reconocer y felicitar al general Guzm\u00e1n Peralta por los programas que ha ejecutado en la DIGESETT desde que fue designado en el cargo por el presidente Luis Abinader.<\/p>\n\n\n\n<p>Guzm\u00e1n Peralta fue felicitado por estos altos oficiales, luego que realiz\u00f3 un recorrido por la sede de la DIGESETT mostr\u00e1ndoles las innovaciones y gestiones que ha logrado a favor de los agentes y civiles que trabajan en la entidad.<\/p>\n\n\n\n<p>Les mostr\u00f3 la sala de lactancia que est\u00e1 destinada a asistir a las agentes, pero tambi\u00e9n les explic\u00f3 que esta asiste a las madres de entorno a la sede de la DIGESETT, la cual est\u00e1 ubicada en el sector de Villa Juana, en el Distrito Nacional.<\/p>\n\n\n\n<p>Otro de los lugares que visitaron son las nuevas instalaciones del denominado Centro de Mando y Control (CEMACO), la cual ha sido redise\u00f1ado para un trabajo conjunto con el Instituto Nacional de Tr\u00e1nsito y Transporte Terrestre (INTRANT) y el Sistema Nacional de Emergencia, 9-1-1.&nbsp;<\/p>\n\n\n\n<p>Igualmente, el general Guzm\u00e1n Peralta invit\u00f3 al jefe de la Armada Dominicana y al inspector de las Fuerzas Armadas a firmar el libro de visitantes distinguidos a la DIGESETT.<\/p>\n\n\n\n<p>En los mensajes que escribieron en el libro, los dos funcionarios, cada uno por separado, reconocieron la buena labor que realiza Guzm\u00e1n Peralta para hacer cada vez m\u00e1s eficiente la labor de los agentes de tr\u00e1nsito a favor de la ciudadan\u00eda.<\/p>\n\n\n\n<p>Dijeron que se han sentido gratamente sorprendidos con todos los cambios e innovaciones para la mejor\u00eda del funcionamiento de la DIGESETT en todo el pa\u00eds.<\/p>\n","protected":false},"excerpt":{"rendered":"<p>Por Wilson Perez Santo Domingo.-. El director de la Direcci\u00f3n General de Seguridad de Tr\u00e1nsito y Transporte Terrestre (DIGESETT),\u00a0general Ram\u00f3n Antonio Guzm\u00e1n Peralta, P.N., recibi\u00f3 la visita del comandante general&hellip;<\/p>\n","protected":false},"author":1,"featured_media":48882,"comment_status":"open","ping_status":"open","sticky":false,"template":"","format":"standard","meta":{"content-type":"","jetpack_post_was_ever_published":false,"_jetpack_newsletter_access":"","_jetpack_dont_email_post_to_subs":false,"_jetpack_newsletter_tier_id":0,"_jetpack_memberships_contains_paywalled_content":false,"_jetpack_memberships_contains_paid_content":false,"footnotes":""},"categories":[35],"tags":[544,72,244,247,545,546,547],"class_list":["post-48881","post","type-post","status-publish","format-standard","has-post-thumbnail","hentry","category-nacionales","tag-ard","tag-comandante","tag-digesett","tag-director","tag-felicitan","tag-ffaa","tag-inspector"],"jetpack_featured_media_url":"","jetpack-related-posts":[{"id":55692,"url":"https:\/\/lasprimeras.com.do\/index.php\/2023\/07\/24\/abinader-encabeza-reunion-de-seguimiento-de-la-seguridad-ciudadana-en-la-pn\/","url_meta":{"origin":48881,"position":0},"title":"Abinader encabeza reuni\u00f3n de seguimiento de la seguridad ciudadana en la PN","author":"Nelson Feliz","date":"24 de julio de 2023","format":false,"excerpt":"En estos momentos el presidente Luis Abinader encabeza la reuni\u00f3n de seguimiento al Plan de Seguridad Ciudadana en el Palacio de la Polic\u00eda Nacional. La reuni\u00f3n inicio pasada las 10 de la ma\u00f1ana en el Sal\u00f3n Club de Oficiales del Palacio de la Polic\u00eda Nacional. En compa\u00f1\u00eda del presidente Luis\u2026","rel":"","context":"En \u00abPORTADA\u00bb","block_context":{"text":"PORTADA","link":"https:\/\/lasprimeras.com.do\/index.php\/category\/portada\/"},"img":{"alt_text":"Ministerio Administrativo de la Presidencia","src":"https:\/\/i0.wp.com\/lasprimeras.com.do\/wp-content\/uploads\/2023\/06\/Presidencia-1.jpg?resize=350%2C200&ssl=1","width":350,"height":200,"srcset":"https:\/\/i0.wp.com\/lasprimeras.com.do\/wp-content\/uploads\/2023\/06\/Presidencia-1.jpg?resize=350%2C200&ssl=1 1x, https:\/\/i0.wp.com\/lasprimeras.com.do\/wp-content\/uploads\/2023\/06\/Presidencia-1.jpg?resize=525%2C300&ssl=1 1.5x, https:\/\/i0.wp.com\/lasprimeras.com.do\/wp-content\/uploads\/2023\/06\/Presidencia-1.jpg?resize=700%2C400&ssl=1 2x"},"classes":[]},{"id":58191,"url":"https:\/\/lasprimeras.com.do\/index.php\/2023\/08\/21\/el-presidente-abinader-encabeza-reunion-de-seguridad-ciudadana\/","url_meta":{"origin":48881,"position":1},"title":"El presidente Abinader encabeza reuni\u00f3n de seguridad ciudadana","author":"Nelson Feliz","date":"21 de agosto de 2023","format":false,"excerpt":"Por Martin Restituyo El presidente Luis Abinader encabeza en estos momentos el 9no encuentro para dar seguimiento al Plan de Seguridad. La reuni\u00f3n inici\u00f3 pasadas alrededor de las 10:30 de esta ma\u00f1ana en el Palacio de la Polic\u00eda y tiene por objetivos pasar revista a las responsabilidades asignadas, las metas\u2026","rel":"","context":"En \u00abNACIONALES\u00bb","block_context":{"text":"NACIONALES","link":"https:\/\/lasprimeras.com.do\/index.php\/category\/nacionales\/"},"img":{"alt_text":"Luis Abinader","src":"https:\/\/i0.wp.com\/lasprimeras.com.do\/wp-content\/uploads\/2023\/08\/Luis-Abinader-9.jpg?resize=350%2C200&ssl=1","width":350,"height":200,"srcset":"https:\/\/i0.wp.com\/lasprimeras.com.do\/wp-content\/uploads\/2023\/08\/Luis-Abinader-9.jpg?resize=350%2C200&ssl=1 1x, https:\/\/i0.wp.com\/lasprimeras.com.do\/wp-content\/uploads\/2023\/08\/Luis-Abinader-9.jpg?resize=525%2C300&ssl=1 1.5x, https:\/\/i0.wp.com\/lasprimeras.com.do\/wp-content\/uploads\/2023\/08\/Luis-Abinader-9.jpg?resize=700%2C400&ssl=1 2x"},"classes":[]},{"id":98946,"url":"https:\/\/lasprimeras.com.do\/index.php\/2025\/05\/14\/ejercito-dominicano-despliega-otros-800-soldados-en-la-frontera-para-reforzar-la-seguridad-nacional\/","url_meta":{"origin":48881,"position":2},"title":"Ej\u00e9rcito Dominicano despliega otros 800 soldados en la frontera para reforzar la seguridad nacional","author":"Nelson Feliz","date":"14 de mayo de 2025","format":false,"excerpt":"El Ej\u00e9rcito de Rep\u00fablica Dominicana inici\u00f3 el env\u00edo de otros 800 soldados que ser\u00e1n desplegados en la l\u00ednea fronteriza como parte del reforzamiento de las operaciones de seguridad en esa zona del pa\u00eds. Este despliegue tiene como objetivo fortalecer los esfuerzos de vigilancia, patrullaje y control en la frontera, garantizando\u2026","rel":"","context":"En \u00abMILITARES\u00bb","block_context":{"text":"MILITARES","link":"https:\/\/lasprimeras.com.do\/index.php\/category\/militares\/"},"img":{"alt_text":"","src":"https:\/\/i0.wp.com\/lasprimeras.com.do\/wp-content\/uploads\/2025\/05\/Carlos-Antonio-Fernandez-Onofre.jpg?resize=350%2C200&ssl=1","width":350,"height":200,"srcset":"https:\/\/i0.wp.com\/lasprimeras.com.do\/wp-content\/uploads\/2025\/05\/Carlos-Antonio-Fernandez-Onofre.jpg?resize=350%2C200&ssl=1 1x, https:\/\/i0.wp.com\/lasprimeras.com.do\/wp-content\/uploads\/2025\/05\/Carlos-Antonio-Fernandez-Onofre.jpg?resize=525%2C300&ssl=1 1.5x, https:\/\/i0.wp.com\/lasprimeras.com.do\/wp-content\/uploads\/2025\/05\/Carlos-Antonio-Fernandez-Onofre.jpg?resize=700%2C400&ssl=1 2x"},"classes":[]},{"id":57718,"url":"https:\/\/lasprimeras.com.do\/index.php\/2023\/08\/14\/presidente-abinader-encabeza-reunion-sobre-seguridad-ciudadana-2\/","url_meta":{"origin":48881,"position":3},"title":"Presidente Abinader encabeza reuni\u00f3n sobre seguridad ciudadana","author":"Nelson Feliz","date":"14 de agosto de 2023","format":false,"excerpt":"Como parte del seguimiento al Plan de Seguridad Ciudadana, el presidente Luis Abinader encabeza en estos momentos la reuni\u00f3n que se lleva a cabo en el Sal\u00f3n Club de Oficiales del Palacio de la Polic\u00eda Nacional. La acostumbrada reuni\u00f3n de todos los lunes inici\u00f3 pasada las 10 de la ma\u00f1ana.\u2026","rel":"","context":"En \u00abNACIONALES\u00bb","block_context":{"text":"NACIONALES","link":"https:\/\/lasprimeras.com.do\/index.php\/category\/nacionales\/"},"img":{"alt_text":"seguridad ciudadana","src":"https:\/\/i0.wp.com\/lasprimeras.com.do\/wp-content\/uploads\/2023\/08\/seguridad-ciudadana.jpg?resize=350%2C200&ssl=1","width":350,"height":200,"srcset":"https:\/\/i0.wp.com\/lasprimeras.com.do\/wp-content\/uploads\/2023\/08\/seguridad-ciudadana.jpg?resize=350%2C200&ssl=1 1x, https:\/\/i0.wp.com\/lasprimeras.com.do\/wp-content\/uploads\/2023\/08\/seguridad-ciudadana.jpg?resize=525%2C300&ssl=1 1.5x, https:\/\/i0.wp.com\/lasprimeras.com.do\/wp-content\/uploads\/2023\/08\/seguridad-ciudadana.jpg?resize=700%2C400&ssl=1 2x"},"classes":[]},{"id":81223,"url":"https:\/\/lasprimeras.com.do\/index.php\/2024\/04\/18\/director-de-la-policia-nacional-recibe-condecoracion-orden-al-merito-naval-2\/","url_meta":{"origin":48881,"position":4},"title":"Director de la Polic\u00eda Nacional recibe condecoraci\u00f3n \u201cOrden al M\u00e9rito Naval\u201d","author":"BIMARY DE JES\u00daS Matos","date":"18 de abril de 2024","format":false,"excerpt":"Santo Domingo.-El reconocimiento forma parte de las actividades conmemorativas por el 180 aniversario de la fundaci\u00f3n de la Armada de Rep\u00fablica Dominicana. El director general de la Polic\u00eda Nacional, mayor general Ram\u00f3n Antonio Guzm\u00e1n Peralta, fue condecorado por la Armada de Rep\u00fablica Dominicana (ARD) con la \u201cMedalla al M\u00e9rito Naval\u201d,\u2026","rel":"","context":"En \u00abNACIONALES\u00bb","block_context":{"text":"NACIONALES","link":"https:\/\/lasprimeras.com.do\/index.php\/category\/nacionales\/"},"img":{"alt_text":"","src":"https:\/\/i0.wp.com\/lasprimeras.com.do\/wp-content\/uploads\/2024\/04\/IMG-20240417-WA0016-1.jpg?resize=350%2C200&ssl=1","width":350,"height":200,"srcset":"https:\/\/i0.wp.com\/lasprimeras.com.do\/wp-content\/uploads\/2024\/04\/IMG-20240417-WA0016-1.jpg?resize=350%2C200&ssl=1 1x, https:\/\/i0.wp.com\/lasprimeras.com.do\/wp-content\/uploads\/2024\/04\/IMG-20240417-WA0016-1.jpg?resize=525%2C300&ssl=1 1.5x, https:\/\/i0.wp.com\/lasprimeras.com.do\/wp-content\/uploads\/2024\/04\/IMG-20240417-WA0016-1.jpg?resize=700%2C400&ssl=1 2x, https:\/\/i0.wp.com\/lasprimeras.com.do\/wp-content\/uploads\/2024\/04\/IMG-20240417-WA0016-1.jpg?resize=1050%2C600&ssl=1 3x, https:\/\/i0.wp.com\/lasprimeras.com.do\/wp-content\/uploads\/2024\/04\/IMG-20240417-WA0016-1.jpg?resize=1400%2C800&ssl=1 4x"},"classes":[]},{"id":81135,"url":"https:\/\/lasprimeras.com.do\/index.php\/2024\/04\/17\/director-de-la-policia-nacional-recibe-condecoracion-orden-al-merito-naval\/","url_meta":{"origin":48881,"position":5},"title":"Director de la Polic\u00eda Nacional recibe condecoraci\u00f3n \u201cOrden al M\u00e9rito Naval\u201d","author":"BIMARY DE JES\u00daS Matos","date":"17 de abril de 2024","format":false,"excerpt":"Santo Domingo.-El director general de la Polic\u00eda Nacional, mayor general Ram\u00f3n Antonio Guzm\u00e1n Peralta, fue condecorado por la Armada de Rep\u00fablica Dominicana (ARD) con la \u201cMedalla al M\u00e9rito Naval\u201d, en Primera Categor\u00eda, en un acto celebrado en el sal\u00f3n de eventos \u201cLa Marina\u201d de la base naval \u201c27 de Febrero\u201d,\u2026","rel":"","context":"En \u00abNACIONALES\u00bb","block_context":{"text":"NACIONALES","link":"https:\/\/lasprimeras.com.do\/index.php\/category\/nacionales\/"},"img":{"alt_text":"","src":"https:\/\/i0.wp.com\/lasprimeras.com.do\/wp-content\/uploads\/2024\/04\/IMG-20240417-WA0016.jpg?resize=350%2C200&ssl=1","width":350,"height":200,"srcset":"https:\/\/i0.wp.com\/lasprimeras.com.do\/wp-content\/uploads\/2024\/04\/IMG-20240417-WA0016.jpg?resize=350%2C200&ssl=1 1x, https:\/\/i0.wp.com\/lasprimeras.com.do\/wp-content\/uploads\/2024\/04\/IMG-20240417-WA0016.jpg?resize=525%2C300&ssl=1 1.5x, https:\/\/i0.wp.com\/lasprimeras.com.do\/wp-content\/uploads\/2024\/04\/IMG-20240417-WA0016.jpg?resize=700%2C400&ssl=1 2x, https:\/\/i0.wp.com\/lasprimeras.com.do\/wp-content\/uploads\/2024\/04\/IMG-20240417-WA0016.jpg?resize=1050%2C600&ssl=1 3x, https:\/\/i0.wp.com\/lasprimeras.com.do\/wp-content\/uploads\/2024\/04\/IMG-20240417-WA0016.jpg?resize=1400%2C800&ssl=1 4x"},"classes":[]}],"jetpack_sharing_enabled":true,"_links":{"self":[{"href":"https:\/\/lasprimeras.com.do\/index.php\/wp-json\/wp\/v2\/posts\/48881","targetHints":{"allow":["GET"]}}],"collection":[{"href":"https:\/\/lasprimeras.com.do\/index.php\/wp-json\/wp\/v2\/posts"}],"about":[{"href":"https:\/\/lasprimeras.com.do\/index.php\/wp-json\/wp\/v2\/types\/post"}],"author":[{"embeddable":true,"href":"https:\/\/lasprimeras.com.do\/index.php\/wp-json\/wp\/v2\/users\/1"}],"replies":[{"embeddable":true,"href":"https:\/\/lasprimeras.com.do\/index.php\/wp-json\/wp\/v2\/comments?post=48881"}],"version-history":[{"count":0,"href":"https:\/\/lasprimeras.com.do\/index.php\/wp-json\/wp\/v2\/posts\/48881\/revisions"}],"wp:featuredmedia":[{"embeddable":true,"href":"https:\/\/lasprimeras.com.do\/index.php\/wp-json\/"}],"wp:attachment":[{"href":"https:\/\/lasprimeras.com.do\/index.php\/wp-json\/wp\/v2\/media?parent=48881"}],"wp:term":[{"taxonomy":"category","embeddable":true,"href":"https:\/\/lasprimeras.com.do\/index.php\/wp-json\/wp\/v2\/categories?post=48881"},{"taxonomy":"post_tag","embeddable":true,"href":"https:\/\/lasprimeras.com.do\/index.php\/wp-json\/wp\/v2\/tags?post=48881"}],"curies":[{"name":"wp","href":"https:\/\/api.w.org\/{rel}","templated":true}]}}