{"id":48884,"date":"2023-05-04T23:19:40","date_gmt":"2023-05-05T03:19:40","guid":{"rendered":"https:\/\/atento.com.do\/?p=48884"},"modified":"2023-05-04T23:19:40","modified_gmt":"2023-05-05T03:19:40","slug":"presidente-abinader-sorprende-dominicana-residente-en-londres-y-le-entrega-pedido-de-cafe","status":"publish","type":"post","link":"https:\/\/lasprimeras.com.do\/index.php\/2023\/05\/04\/presidente-abinader-sorprende-dominicana-residente-en-londres-y-le-entrega-pedido-de-cafe\/","title":{"rendered":"Presidente Abinader sorprende dominicana residente en Londres y le entrega pedido de Caf\u00e9"},"content":{"rendered":"\n<p>Por Wilson P\u00e9rez <\/p>\n\n\n\n<p><strong>Londres. &#8211;<\/strong> Luego que la dominicana Alexandra Morel, residente en Londres, Inglaterra, manifestara a trav\u00e9s de las redes sociales que se \u00a0deseaba que el mandatario, en su viaje a esta ciudad, le trajera dos o tres paquetes de Caf\u00e9, se coordin\u00f3 el encuentro en el que el jefe de Estado dominicano cumpli\u00f3 la petici\u00f3n.<\/p>\n\n\n\n<p>\u201cBuenas noches, bueno aqu\u00ed es de noche. Mire, yo acabo de ver que usted viene para ac\u00e1, para Londres. Yo vivo aqu\u00ed y sucede que se me est\u00e1 acabando el Caf\u00e9 Santo Domingo que yo me traje el otro d\u00eda. Yo me estaba preguntando si de casualidad usted me puede traer dos o tres paqueticos de Caf\u00e9 Santo Domingo antes que se me acabe, por favor, si no es mucho pedir.<\/p>\n\n\n\n<p>Usted me avisa cuando usted llegue y yo voy y lo busco donde sea que usted se vaya a quedar, no hay ning\u00fan problema con eso, muchas gracias\u201d, expres\u00f3 Morel en un audio, dirigi\u00e9ndose al presidente Abinader y que se hizo viral.<\/p>\n\n\n\n<p>Cuando la joven vio al presidente Abinader en persona con el bolso conteniendo los paquetes de caf\u00e9 exclam\u00f3, no me lo puedo creer. \u201cHice eso como un juego, no era mi prop\u00f3sito sito que usted se pusiera a eso, presidente\u201d, exclam\u00f3 Morel.<\/p>\n\n\n\n<p>Por su parte, el mandatario dijo sentirse muy satisfecho y feliz con traerle su caf\u00e9. Junto al presidente estuvo la Primera Dama, Raquel Arbaje, quien felicit\u00f3 a los j\u00f3venes por sus deseos de superaci\u00f3n y por llevar en su interior los sentimientos dominicanos, a pesar de estar viviendo en Londres.<\/p>\n\n\n\n<p>Alexandra dijo que no se imaginaba a un presidente tan humilde, sencillo y amable, como Luis Abinader.<\/p>\n\n\n\n<p>La dominicana lleva dos a\u00f1os residiendo en Londres junto a su esposo Luis Manuel Mart\u00ednez, quien fue contratado por una empresa inglesa y se desempe\u00f1a como dise\u00f1ador de software.<\/p>\n\n\n\n<p>Mart\u00ednez estudi\u00f3 en el Instituto Tecnol\u00f3gico de Las Am\u00e9ricas, ITLA. Los familiares de ambos residen en Herrera, municipio Santo Domingo Oeste.<\/p>\n","protected":false},"excerpt":{"rendered":"<p>Por Wilson P\u00e9rez Londres. &#8211; Luego que la dominicana Alexandra Morel, residente en Londres, Inglaterra, manifestara a trav\u00e9s de las redes sociales que se \u00a0deseaba que el mandatario, en su&hellip;<\/p>\n","protected":false},"author":1,"featured_media":48885,"comment_status":"open","ping_status":"open","sticky":false,"template":"","format":"standard","meta":{"content-type":"","jetpack_post_was_ever_published":false,"_jetpack_newsletter_access":"","_jetpack_dont_email_post_to_subs":false,"_jetpack_newsletter_tier_id":0,"_jetpack_memberships_contains_paywalled_content":false,"_jetpack_memberships_contains_paid_content":false,"footnotes":""},"categories":[25],"tags":[548,549,278,67,550],"class_list":["post-48884","post","type-post","status-publish","format-standard","has-post-thumbnail","hentry","category-portada","tag-cafe-2","tag-dominicana","tag-londres","tag-luis-abinader","tag-sorprende"],"jetpack_featured_media_url":"","jetpack-related-posts":[{"id":49144,"url":"https:\/\/lasprimeras.com.do\/index.php\/2023\/05\/08\/presidente-abinader-regresa-al-pais-tras-participar-en-coronacion-del-rey-de-carlos-iii\/","url_meta":{"origin":48884,"position":0},"title":"Presidente Abinader regresa al pa\u00eds tras participar en coronaci\u00f3n del rey de Carlos III","author":"prenxa100","date":"8 de mayo de 2023","format":false,"excerpt":"Por Wilson P\u00e9rez Santo Domingo.- El Presidente Luis Abinader retorn\u00f3 al pa\u00eds la noche de este domingo luego de su participaci\u00f3n en la coronaci\u00f3n de sus majestades, el rey Carlos III y la reina consorte Camila como monarca del Reino Unido y soberano de los otros catorce reinos que forman\u2026","rel":"","context":"En \u00abNACIONALES\u00bb","block_context":{"text":"NACIONALES","link":"https:\/\/lasprimeras.com.do\/index.php\/category\/nacionales\/"},"img":{"alt_text":"","src":"","width":0,"height":0},"classes":[]},{"id":71247,"url":"https:\/\/lasprimeras.com.do\/index.php\/2023\/12\/18\/zeo-munoz-en-una-complicidad-romantica-con-su-publico-en-hard-rock-cafe\/","url_meta":{"origin":48884,"position":1},"title":"Zeo Mu\u00f1oz en una complicidad rom\u00e1ntica con su p\u00fablico en Hard Rock Caf\u00e9","author":"BIMARY DE JES\u00daS Matos","date":"18 de diciembre de 2023","format":false,"excerpt":"Santo Domingo.-El cantautor dominicano Zeo M\u00fa\u00f1oz repas\u00f3 su historia musical en Hard Rock Caf\u00e9 durante un concierto en el que mantuvo una conexi\u00f3n con sus seguidores entre an\u00e9cdotas, canciones y chistes que la fanaticada acogi\u00f3 con agrado. Durante aproximadamente dos horas, Zeo se hizo acompa\u00f1ar de seis m\u00fasicos y, en\u2026","rel":"","context":"En \u00abENTRETENIMIENTO\u00bb","block_context":{"text":"ENTRETENIMIENTO","link":"https:\/\/lasprimeras.com.do\/index.php\/category\/entretenimiento\/"},"img":{"alt_text":"","src":"https:\/\/i0.wp.com\/lasprimeras.com.do\/wp-content\/uploads\/2023\/12\/s-3-5.jpg?resize=350%2C200&ssl=1","width":350,"height":200,"srcset":"https:\/\/i0.wp.com\/lasprimeras.com.do\/wp-content\/uploads\/2023\/12\/s-3-5.jpg?resize=350%2C200&ssl=1 1x, https:\/\/i0.wp.com\/lasprimeras.com.do\/wp-content\/uploads\/2023\/12\/s-3-5.jpg?resize=525%2C300&ssl=1 1.5x, https:\/\/i0.wp.com\/lasprimeras.com.do\/wp-content\/uploads\/2023\/12\/s-3-5.jpg?resize=700%2C400&ssl=1 2x"},"classes":[]},{"id":48635,"url":"https:\/\/lasprimeras.com.do\/index.php\/2023\/05\/02\/presidente-abinader-viaja-este-miercoles-a-londres\/","url_meta":{"origin":48884,"position":2},"title":"Presidente Abinader viaja este mi\u00e9rcoles a Londres","author":"prenxa100","date":"2 de mayo de 2023","format":false,"excerpt":"Mandatario fue invitado a Coronaci\u00f3n del Rey Carlos III, y la Reina Consorte Camila. Por Wilson P\u00e9rrez SANTO DOMINGO.-.El presidente Luis Abinader viajar\u00e1 este mi\u00e9rcoles a Londres, Inglaterra, para participar de los actos donde ser\u00e1n coronados el Rey Carlos III y la Reina Consorte Camila. El mandatario saldr\u00e1 al mediod\u00eda\u2026","rel":"","context":"En \u00abNACIONALES\u00bb","block_context":{"text":"NACIONALES","link":"https:\/\/lasprimeras.com.do\/index.php\/category\/nacionales\/"},"img":{"alt_text":"","src":"","width":0,"height":0},"classes":[]},{"id":48805,"url":"https:\/\/lasprimeras.com.do\/index.php\/2023\/05\/03\/presidente-abinader-viaja-este-miercoles-a-londres-2\/","url_meta":{"origin":48884,"position":3},"title":"Presidente Abinader viaja este mi\u00e9rcoles a Londres","author":"prenxa100","date":"3 de mayo de 2023","format":false,"excerpt":"Por Wilson P\u00e9rez Santo Domingo.- El presidente Luis Abinader viajar\u00e1 este mi\u00e9rcoles a Londres, Inglaterra, para participar de los actos donde ser\u00e1n coronados el rey Carlos III y la reina consorte Camila. El mandatario saldr\u00e1 al mediod\u00eda en compa\u00f1\u00eda de la primera dama, Raquel Arbaje, v\u00eda Miami, para tomar un\u2026","rel":"","context":"En \u00abNACIONALES\u00bb","block_context":{"text":"NACIONALES","link":"https:\/\/lasprimeras.com.do\/index.php\/category\/nacionales\/"},"img":{"alt_text":"","src":"","width":0,"height":0},"classes":[]},{"id":48802,"url":"https:\/\/lasprimeras.com.do\/index.php\/2023\/05\/04\/abinader-llega-a-londres-para-participar-en-actos-de-coronacion-del-rey-carlos-iii\/","url_meta":{"origin":48884,"position":4},"title":"Abinader llega a Londres para participar en actos de coronaci\u00f3n del rey Carlos III","author":"prenxa100","date":"4 de mayo de 2023","format":false,"excerpt":"Por Wilson P\u00e9rez Londres. - El presidente Luis Abinader lleg\u00f3 a Londres, Inglaterra, alrededor de las 9 de la ma\u00f1ana de este jueves para participar de los actos donde ser\u00e1n coronados el rey Carlos III y la reina consorte Camila. El mandatario viaj\u00f3 en compa\u00f1\u00eda de la primera dama, Raquel\u2026","rel":"","context":"En \u00abPORTADA\u00bb","block_context":{"text":"PORTADA","link":"https:\/\/lasprimeras.com.do\/index.php\/category\/portada\/"},"img":{"alt_text":"","src":"","width":0,"height":0},"classes":[]},{"id":81114,"url":"https:\/\/lasprimeras.com.do\/index.php\/2024\/04\/17\/policia-arresta-a-tres-mujeres-sorprendidas-en-flagrante-delito-mientras-realizaban-compras-fraudulentas-en-negocio\/","url_meta":{"origin":48884,"position":5},"title":"Polic\u00eda arresta a tres mujeres sorprendidas en flagrante delito mientras realizaban compras fraudulentas en negocio","author":"BIMARY DE JES\u00daS Matos","date":"17 de abril de 2024","format":false,"excerpt":"Santo Domingo.-Agentes policiales capturaron el mediod\u00eda de hoy en flagrante delito a tres mujeres cuando realizaban compras masivas de manera fraudulenta, utilizando 80 tarjetas de los programas de ayuda social Sup\u00e9rate y ADESS, en un establecimiento comercial ubicado en el kil\u00f3metro 17 de la autopista Duarte, municipio Santo Domingo Oeste.\u2026","rel":"","context":"En \u00abNACIONALES\u00bb","block_context":{"text":"NACIONALES","link":"https:\/\/lasprimeras.com.do\/index.php\/category\/nacionales\/"},"img":{"alt_text":"","src":"https:\/\/i0.wp.com\/lasprimeras.com.do\/wp-content\/uploads\/2024\/04\/IMG-20240417-WA0008.jpg?resize=350%2C200&ssl=1","width":350,"height":200,"srcset":"https:\/\/i0.wp.com\/lasprimeras.com.do\/wp-content\/uploads\/2024\/04\/IMG-20240417-WA0008.jpg?resize=350%2C200&ssl=1 1x, https:\/\/i0.wp.com\/lasprimeras.com.do\/wp-content\/uploads\/2024\/04\/IMG-20240417-WA0008.jpg?resize=525%2C300&ssl=1 1.5x, https:\/\/i0.wp.com\/lasprimeras.com.do\/wp-content\/uploads\/2024\/04\/IMG-20240417-WA0008.jpg?resize=700%2C400&ssl=1 2x"},"classes":[]}],"jetpack_sharing_enabled":true,"_links":{"self":[{"href":"https:\/\/lasprimeras.com.do\/index.php\/wp-json\/wp\/v2\/posts\/48884","targetHints":{"allow":["GET"]}}],"collection":[{"href":"https:\/\/lasprimeras.com.do\/index.php\/wp-json\/wp\/v2\/posts"}],"about":[{"href":"https:\/\/lasprimeras.com.do\/index.php\/wp-json\/wp\/v2\/types\/post"}],"author":[{"embeddable":true,"href":"https:\/\/lasprimeras.com.do\/index.php\/wp-json\/wp\/v2\/users\/1"}],"replies":[{"embeddable":true,"href":"https:\/\/lasprimeras.com.do\/index.php\/wp-json\/wp\/v2\/comments?post=48884"}],"version-history":[{"count":0,"href":"https:\/\/lasprimeras.com.do\/index.php\/wp-json\/wp\/v2\/posts\/48884\/revisions"}],"wp:featuredmedia":[{"embeddable":true,"href":"https:\/\/lasprimeras.com.do\/index.php\/wp-json\/"}],"wp:attachment":[{"href":"https:\/\/lasprimeras.com.do\/index.php\/wp-json\/wp\/v2\/media?parent=48884"}],"wp:term":[{"taxonomy":"category","embeddable":true,"href":"https:\/\/lasprimeras.com.do\/index.php\/wp-json\/wp\/v2\/categories?post=48884"},{"taxonomy":"post_tag","embeddable":true,"href":"https:\/\/lasprimeras.com.do\/index.php\/wp-json\/wp\/v2\/tags?post=48884"}],"curies":[{"name":"wp","href":"https:\/\/api.w.org\/{rel}","templated":true}]}}