{"id":48887,"date":"2023-05-04T23:30:29","date_gmt":"2023-05-05T03:30:29","guid":{"rendered":"https:\/\/atento.com.do\/?p=48887"},"modified":"2023-05-04T23:30:29","modified_gmt":"2023-05-05T03:30:29","slug":"leonel-fernandez-juramentara-cientos-de-ex-dirigentes-del-prm-en-espana","status":"publish","type":"post","link":"https:\/\/lasprimeras.com.do\/index.php\/2023\/05\/04\/leonel-fernandez-juramentara-cientos-de-ex-dirigentes-del-prm-en-espana\/","title":{"rendered":"Leonel Fern\u00e1ndez juramentar\u00e1 cientos de ex dirigentes del PRM en Espa\u00f1a"},"content":{"rendered":"\n<p><strong>Madrid, Espa\u00f1a.-.<\/strong> El presidente de la Fuerza del Pueblo, Leonel Fern\u00e1ndez, lleg\u00f3 hoy a Madrid para celebrar diversos encuentros y tres juramentaciones en el campo intelectual y con dirigentes europeos.<\/p>\n\n\n\n<p>El primer evento, al que asistir\u00e1n miembros dirigentes de toda Europa, donde se juramentaran dirigentes del PRSC, del PRM y del PLD, el segundo encuentro se juramentaran m\u00e1s de 100 mujeres del Partido Revolucionario Moderno (PRM), que se unen a la Fuerza del Pueblo.<\/p>\n\n\n\n<p>Finalmente, se reunir\u00e1 con un grupo de profesionales dominicanos y espa\u00f1oles con los cuales intercambiar\u00e1 ideas en relaci\u00f3n al futuro de la Republica Dominicana.<\/p>\n\n\n\n<figure class=\"wp-block-image size-full\"><img decoding=\"async\" src=\"https:\/\/atento.com.do\/wp-content\/uploads\/2023\/05\/Leonel-Fernandez-1-1.jpg\" alt=\"\" class=\"wp-image-48890\"\/><\/figure>\n\n\n\n<p>Durante su estancia en Espa\u00f1a, el expresidente dominicano sostendr\u00e1 una reuni\u00f3n con su Majestad el Rey Felipe VI, y participar\u00e1 como conferencistas en una importante universidad espa\u00f1ola, donde disertar\u00e1 sobre inteligencia artificial y compartir\u00e1 su visi\u00f3n sobre el futuro de esta tecnolog\u00eda y su impacto en la sociedad en sentido general.<\/p>\n\n\n\n<p>Fern\u00e1ndez tambi\u00e9n participar\u00e1 de un coctel con el empresariado espa\u00f1ol en la fundaci\u00f3n Pons, donde conversar\u00e1 sobre futuros proyectos empresariales beneficios para el pa\u00eds a ser gestionado en un eventual gobierno de la Fuerza del Pueblo.<\/p>\n\n\n\n<p>Con estas actividades, Leonel Fern\u00e1ndez busca estrechar los lazos con l\u00edderes pol\u00edticos y empresarios, para seguir avanzando en la construcci\u00f3n de un pa\u00eds m\u00e1s pr\u00f3spero y justo para todos los dominicanos.<\/p>\n\n\n\n<p>La visita del presidente Fern\u00e1ndez a Espa\u00f1a es una muestra m\u00e1s del compromiso de la Fuerza del Pueblo de fortalecer su presencia en Europa y de trabajar incansablemente para mejorar la vida de todos los dominicanos residentes en el exterior y en el territorio nacional.<\/p>\n\n\n\n<p>El l\u00edder de la Fuerza del Pueblo fue recibido en el aeropuerto de Madrid Barajas, por decenas de dirigentes pol\u00edticos encabezado por Marcos Cross presidente de Europa de la Fuerza del Pueblo.<\/p>\n","protected":false},"excerpt":{"rendered":"<p>Madrid, Espa\u00f1a.-. El presidente de la Fuerza del Pueblo, Leonel Fern\u00e1ndez, lleg\u00f3 hoy a Madrid para celebrar diversos encuentros y tres juramentaciones en el campo intelectual y con dirigentes europeos.&hellip;<\/p>\n","protected":false},"author":1,"featured_media":48889,"comment_status":"open","ping_status":"open","sticky":false,"template":"","format":"standard","meta":{"content-type":"","jetpack_post_was_ever_published":false,"_jetpack_newsletter_access":"","_jetpack_dont_email_post_to_subs":false,"_jetpack_newsletter_tier_id":0,"_jetpack_memberships_contains_paywalled_content":false,"_jetpack_memberships_contains_paid_content":false,"footnotes":""},"categories":[25],"tags":[551,28,552,553,51,31],"class_list":["post-48887","post","type-post","status-publish","format-standard","has-post-thumbnail","hentry","category-portada","tag-cientos","tag-espana","tag-ex-dirigentes","tag-juramentara","tag-leonel-fernandez","tag-prm"],"jetpack_featured_media_url":"","jetpack-related-posts":[{"id":103989,"url":"https:\/\/lasprimeras.com.do\/index.php\/2025\/07\/21\/leonel-juramenta-2-regidores-y-mas-dirigentes-del-pld-prm-y-otras-organizaciones-en-san-cristobal\/","url_meta":{"origin":48887,"position":0},"title":"Leonel juramenta 2 regidores y m\u00e1s dirigentes del PLD, PRM y otras organizaciones en San Crist\u00f3bal","author":"Nelson Feliz","date":"21 de julio de 2025","format":false,"excerpt":"En un acto multitudinario celebrado este domingo 20 de julio en el Club Deportivo Ciro P\u00e9rez, el presidente de la Fuerza del Pueblo (FP), Leonel Fern\u00e1ndez, jurament\u00f3 a dos regidores y decenas de dirigentes provenientes del Partido de la Liberaci\u00f3n Dominicana (PLD), del Partido Revolucionario Moderno (PRM) y de otras\u2026","rel":"","context":"En \u00abPOLITICA\u00bb","block_context":{"text":"POLITICA","link":"https:\/\/lasprimeras.com.do\/index.php\/category\/politica\/"},"img":{"alt_text":"Leonel Fern\u00e1ndez","src":"https:\/\/i0.wp.com\/lasprimeras.com.do\/wp-content\/uploads\/2025\/07\/Leonel-Fernandez-4.jpg?resize=350%2C200&ssl=1","width":350,"height":200,"srcset":"https:\/\/i0.wp.com\/lasprimeras.com.do\/wp-content\/uploads\/2025\/07\/Leonel-Fernandez-4.jpg?resize=350%2C200&ssl=1 1x, https:\/\/i0.wp.com\/lasprimeras.com.do\/wp-content\/uploads\/2025\/07\/Leonel-Fernandez-4.jpg?resize=525%2C300&ssl=1 1.5x, https:\/\/i0.wp.com\/lasprimeras.com.do\/wp-content\/uploads\/2025\/07\/Leonel-Fernandez-4.jpg?resize=700%2C400&ssl=1 2x"},"classes":[]},{"id":98125,"url":"https:\/\/lasprimeras.com.do\/index.php\/2025\/05\/01\/leonel-juramenta-en-la-fuerza-del-pueblo-a-dirigentes-del-prm-y-del-pld-en-espana-2\/","url_meta":{"origin":48887,"position":1},"title":"Leonel juramenta en la Fuerza del Pueblo a dirigentes del PRM y del PLD en Espa\u00f1a","author":"Nelson Feliz","date":"1 de mayo de 2025","format":false,"excerpt":"Madrid, Espa\u00f1a.- El presidente del partido Fuerza del Pueblo (FP), Leonel Fern\u00e1ndez, jurament\u00f3 en esa organizaci\u00f3n a importantes dirigentes provenientes de las filas del Partido Revolucionario Moderno (PRM) y del Partido de la Liberaci\u00f3n Dominicana (PLD), residentes en Espa\u00f1a. El acto, que tuvo lugar este s\u00e1bado 26 de abril en\u2026","rel":"","context":"En \u00abPOLITICA\u00bb","block_context":{"text":"POLITICA","link":"https:\/\/lasprimeras.com.do\/index.php\/category\/politica\/"},"img":{"alt_text":"","src":"https:\/\/i0.wp.com\/lasprimeras.com.do\/wp-content\/uploads\/2025\/05\/Leonel-Fernandez.jpg?resize=350%2C200&ssl=1","width":350,"height":200,"srcset":"https:\/\/i0.wp.com\/lasprimeras.com.do\/wp-content\/uploads\/2025\/05\/Leonel-Fernandez.jpg?resize=350%2C200&ssl=1 1x, https:\/\/i0.wp.com\/lasprimeras.com.do\/wp-content\/uploads\/2025\/05\/Leonel-Fernandez.jpg?resize=525%2C300&ssl=1 1.5x, https:\/\/i0.wp.com\/lasprimeras.com.do\/wp-content\/uploads\/2025\/05\/Leonel-Fernandez.jpg?resize=700%2C400&ssl=1 2x"},"classes":[]},{"id":97757,"url":"https:\/\/lasprimeras.com.do\/index.php\/2025\/04\/27\/leonel-juramenta-en-la-fuerza-del-pueblo-a-dirigentes-del-prm-y-del-pld-en-espana\/","url_meta":{"origin":48887,"position":2},"title":"Leonel juramenta en la Fuerza del Pueblo a dirigentes del PRM y del PLD en Espa\u00f1a","author":"Nelson Feliz","date":"27 de abril de 2025","format":false,"excerpt":"Madrid, Espa\u00f1a.- El presidente del partido Fuerza del Pueblo (FP), Leonel Fern\u00e1ndez, jurament\u00f3 en esa organizaci\u00f3n a importantes dirigentes provenientes de las filas del Partido Revolucionario Moderno (PRM) y del Partido de la Liberaci\u00f3n Dominicana (PLD), residentes en Espa\u00f1a. El acto, que tuvo lugar este s\u00e1bado 26 de abril en\u2026","rel":"","context":"En \u00abPOLITICA\u00bb","block_context":{"text":"POLITICA","link":"https:\/\/lasprimeras.com.do\/index.php\/category\/politica\/"},"img":{"alt_text":"","src":"https:\/\/i0.wp.com\/lasprimeras.com.do\/wp-content\/uploads\/2025\/04\/Leonel-Fernandez-1.jpg?resize=350%2C200&ssl=1","width":350,"height":200,"srcset":"https:\/\/i0.wp.com\/lasprimeras.com.do\/wp-content\/uploads\/2025\/04\/Leonel-Fernandez-1.jpg?resize=350%2C200&ssl=1 1x, https:\/\/i0.wp.com\/lasprimeras.com.do\/wp-content\/uploads\/2025\/04\/Leonel-Fernandez-1.jpg?resize=525%2C300&ssl=1 1.5x, https:\/\/i0.wp.com\/lasprimeras.com.do\/wp-content\/uploads\/2025\/04\/Leonel-Fernandez-1.jpg?resize=700%2C400&ssl=1 2x"},"classes":[]},{"id":107171,"url":"https:\/\/lasprimeras.com.do\/index.php\/2025\/08\/24\/leonel-juramentara-este-domingo-nuevos-miembros-de-la-fp-en-spm\/","url_meta":{"origin":48887,"position":3},"title":"Leonel jurament\u00f3 este domingo nuevos miembros de la FP en SPM","author":"Nelson Feliz","date":"24 de agosto de 2025","format":false,"excerpt":"El presidente del partido Fuerza del Pueblo (FP), Leonel Fern\u00e1ndez, jurament\u00f3 nuevos dirigentes y personalidades en la provincia San Pedro de Macor\u00eds, provenientes del Partido Revolucionario Moderno (PRM) como del Partido de la Liberaci\u00f3n Dominicana (PLD), lo que evidencia el creciente fortalecimiento de esa organizaci\u00f3n. La primera actividad se llev\u00f3\u2026","rel":"","context":"En \u00abPOLITICA\u00bb","block_context":{"text":"POLITICA","link":"https:\/\/lasprimeras.com.do\/index.php\/category\/politica\/"},"img":{"alt_text":"","src":"https:\/\/i0.wp.com\/lasprimeras.com.do\/wp-content\/uploads\/2025\/08\/Leonel-Fernandez.jpg?resize=350%2C200&ssl=1","width":350,"height":200,"srcset":"https:\/\/i0.wp.com\/lasprimeras.com.do\/wp-content\/uploads\/2025\/08\/Leonel-Fernandez.jpg?resize=350%2C200&ssl=1 1x, https:\/\/i0.wp.com\/lasprimeras.com.do\/wp-content\/uploads\/2025\/08\/Leonel-Fernandez.jpg?resize=525%2C300&ssl=1 1.5x, https:\/\/i0.wp.com\/lasprimeras.com.do\/wp-content\/uploads\/2025\/08\/Leonel-Fernandez.jpg?resize=700%2C400&ssl=1 2x"},"classes":[]},{"id":125863,"url":"https:\/\/lasprimeras.com.do\/index.php\/2026\/03\/26\/fp-se-fortalece-leonel-juramenta-exgobernador-y-dirigentes-del-prm-pld\/","url_meta":{"origin":48887,"position":4},"title":"FP se fortalece: Leonel juramenta exgobernador y dirigentes del PRM-PLD","author":"Nelson Feliz","date":"26 de marzo de 2026","format":false,"excerpt":"La incorporaci\u00f3n de l\u00edderes comunitarios, profesionales y dirigentes pol\u00edticos fortalece la estructura de la Fuerza del Pueblo en la provincia. El presidente del partido Fuerza del Pueblo (FP) y expresidente de la Rep\u00fablica, Leonel Fern\u00e1ndez, jurament\u00f3 en esa organizaci\u00f3n a decenas de nuevos miembros en la provincia Hermanas Mirabal, en\u2026","rel":"","context":"En \u00abPOLITICA\u00bb","block_context":{"text":"POLITICA","link":"https:\/\/lasprimeras.com.do\/index.php\/category\/politica\/"},"img":{"alt_text":"Leonel Fern\u00e1ndez","src":"https:\/\/i0.wp.com\/lasprimeras.com.do\/wp-content\/uploads\/2026\/03\/Leonel-Fernandez-3.jpg?resize=350%2C200&ssl=1","width":350,"height":200,"srcset":"https:\/\/i0.wp.com\/lasprimeras.com.do\/wp-content\/uploads\/2026\/03\/Leonel-Fernandez-3.jpg?resize=350%2C200&ssl=1 1x, https:\/\/i0.wp.com\/lasprimeras.com.do\/wp-content\/uploads\/2026\/03\/Leonel-Fernandez-3.jpg?resize=525%2C300&ssl=1 1.5x, https:\/\/i0.wp.com\/lasprimeras.com.do\/wp-content\/uploads\/2026\/03\/Leonel-Fernandez-3.jpg?resize=700%2C400&ssl=1 2x"},"classes":[]},{"id":49153,"url":"https:\/\/lasprimeras.com.do\/index.php\/2023\/05\/08\/leonel-fernandez-juramenta-mas-de-150-mujeres-del-prm-en-madrid\/","url_meta":{"origin":48887,"position":5},"title":"Leonel Fern\u00e1ndez juramenta m\u00e1s de 150 mujeres del PRM en Madrid","author":"prenxa100","date":"8 de mayo de 2023","format":false,"excerpt":"Madrid, Espa\u00f1a \u2013 El presidente de la Fuerza del Pueblo doctor Leonel Fern\u00e1ndez, jurament\u00f3 m\u00e1s de 150 mujeres en Madrid, provenientes del Partido Revolucionario Moderno (PRM), quienes se unieron oficialmente a la organizaci\u00f3n pol\u00edtica. Este evento marca el inicio del movimiento \u201cMujeres con Leonel en Europa\u201d, liderado por Corcia Moreno\u2026","rel":"","context":"En \u00abPORTADA\u00bb","block_context":{"text":"PORTADA","link":"https:\/\/lasprimeras.com.do\/index.php\/category\/portada\/"},"img":{"alt_text":"","src":"","width":0,"height":0},"classes":[]}],"jetpack_sharing_enabled":true,"_links":{"self":[{"href":"https:\/\/lasprimeras.com.do\/index.php\/wp-json\/wp\/v2\/posts\/48887","targetHints":{"allow":["GET"]}}],"collection":[{"href":"https:\/\/lasprimeras.com.do\/index.php\/wp-json\/wp\/v2\/posts"}],"about":[{"href":"https:\/\/lasprimeras.com.do\/index.php\/wp-json\/wp\/v2\/types\/post"}],"author":[{"embeddable":true,"href":"https:\/\/lasprimeras.com.do\/index.php\/wp-json\/wp\/v2\/users\/1"}],"replies":[{"embeddable":true,"href":"https:\/\/lasprimeras.com.do\/index.php\/wp-json\/wp\/v2\/comments?post=48887"}],"version-history":[{"count":0,"href":"https:\/\/lasprimeras.com.do\/index.php\/wp-json\/wp\/v2\/posts\/48887\/revisions"}],"wp:featuredmedia":[{"embeddable":true,"href":"https:\/\/lasprimeras.com.do\/index.php\/wp-json\/"}],"wp:attachment":[{"href":"https:\/\/lasprimeras.com.do\/index.php\/wp-json\/wp\/v2\/media?parent=48887"}],"wp:term":[{"taxonomy":"category","embeddable":true,"href":"https:\/\/lasprimeras.com.do\/index.php\/wp-json\/wp\/v2\/categories?post=48887"},{"taxonomy":"post_tag","embeddable":true,"href":"https:\/\/lasprimeras.com.do\/index.php\/wp-json\/wp\/v2\/tags?post=48887"}],"curies":[{"name":"wp","href":"https:\/\/api.w.org\/{rel}","templated":true}]}}