{"id":48895,"date":"2023-05-04T23:55:52","date_gmt":"2023-05-05T03:55:52","guid":{"rendered":"https:\/\/atento.com.do\/?p=48895"},"modified":"2023-05-04T23:55:52","modified_gmt":"2023-05-05T03:55:52","slug":"luis-el-gallo-pide-abinader-una-canasta-alimenticia-de-emergencia","status":"publish","type":"post","link":"https:\/\/lasprimeras.com.do\/index.php\/2023\/05\/04\/luis-el-gallo-pide-abinader-una-canasta-alimenticia-de-emergencia\/","title":{"rendered":"Luis \u201cEl Gallo\u201d pide Abinader una canasta alimenticia de emergencia"},"content":{"rendered":"\n<p><strong>SANTO DOMINGO.-. <\/strong>El presidente de la Uni\u00f3n Dem\u00f3crata Cristiana -UDC-, Luis Acosta Moreta, Luis \u201cEl Gallo\u201d, pidi\u00f3 hoy al presidente Luis Abinader que disponga la creaci\u00f3n de una canasta popular de emergencia alimenticia, para que ning\u00fan dominicano se acueste sin comer.<\/p>\n\n\n\n<p>Asimismo, recomend\u00f3 que los Comedores Econ\u00f3micos extiendan su horario de trabajo hasta las once de la noche, para de esa forma garantizar la comida a los m\u00e1s pobres de la poblaci\u00f3n.<\/p>\n\n\n\n<p>Afirm\u00f3 que ning\u00fan dominicano se debe acostar sin comer, y eso se puede lograr entregando a la poblaci\u00f3n productos de una canasta alimenticia de emergencia, que se vender\u00eda al detalle en colmados, y en paquetes en supermercados y puestos especiales.<\/p>\n\n\n\n<p>Agreg\u00f3 que ese listado podr\u00eda estar integrado por alimentos b\u00e1sicos y de primera necesidad como el arroz, las habichuelas, la carne de pollo el salam\u00ed, el pan, los pl\u00e1tanos, la pica-pica y la leche, entre otros.<\/p>\n\n\n\n<p>Ese programa de emergencia incluir\u00eda que los Comedores Econ\u00f3micos trabajen hasta las once de la noche, para suministrar alimentos preparados a los m\u00e1s necesitados de la poblaci\u00f3n, que as\u00ed podr\u00edan conseguir la comida y el desayuno del otro d\u00eda.<\/p>\n\n\n\n<p>Mientras se busca la soluci\u00f3n a los altos precios de los alimentos, con esta canasta popular se estar\u00e1 garantizando la alimentaci\u00f3n elemental para los cuadros m\u00e1s sensibles de la poblaci\u00f3n nacional.<\/p>\n\n\n\n<p>Para implementar este programa hay que concertar con los colmaderos, los due\u00f1os de supermercados y los almacenistas para garantizar que los art\u00edculos lleguen a los precios previamente establecidos.<\/p>\n","protected":false},"excerpt":{"rendered":"<p>SANTO DOMINGO.-. El presidente de la Uni\u00f3n Dem\u00f3crata Cristiana -UDC-, Luis Acosta Moreta, Luis \u201cEl Gallo\u201d, pidi\u00f3 hoy al presidente Luis Abinader que disponga la creaci\u00f3n de una canasta popular&hellip;<\/p>\n","protected":false},"author":1,"featured_media":48896,"comment_status":"open","ping_status":"open","sticky":false,"template":"","format":"standard","meta":{"content-type":"","jetpack_post_was_ever_published":false,"_jetpack_newsletter_access":"","_jetpack_dont_email_post_to_subs":false,"_jetpack_newsletter_tier_id":0,"_jetpack_memberships_contains_paywalled_content":false,"_jetpack_memberships_contains_paid_content":false,"footnotes":""},"categories":[1],"tags":[558,258,559,560,67,561],"class_list":["post-48895","post","type-post","status-publish","format-standard","has-post-thumbnail","hentry","category-sin-categoria","tag-alimenticia","tag-canasta","tag-el-gallo","tag-emergencia","tag-luis-abinader","tag-luis-acosta-moreta"],"jetpack_featured_media_url":"","jetpack-related-posts":[{"id":84903,"url":"https:\/\/lasprimeras.com.do\/index.php\/2024\/06\/17\/luis-el-gallo-demanda-gobierno-detenga-alto-al-aumento-de-precio-en-la-canasta-familiar\/","url_meta":{"origin":48895,"position":0},"title":"Luis \u201cEl Gallo\u201d demanda: \u00a1gobierno detenga alto al aumento de precio en la canasta familiar!","author":"Nelson Feliz","date":"17 de junio de 2024","format":false,"excerpt":"Acosta Moreta pide al gobierno proh\u00edba el reajuste de los pasajes y los servicios. El presidente de la Uni\u00f3n Dem\u00f3crata Cristiana \u2013UDC-, Luis Acosta Moreta, Luis \u201cEl Gallo\u201d, demand\u00f3 hoy una gran unidad\u00a0 c\u00edvica\u00a0 nacional, para hacer frente al alto costo de la\u00a0 canasta alimenticia, y los aumentos en los\u2026","rel":"","context":"En \u00abPORTADA\u00bb","block_context":{"text":"PORTADA","link":"https:\/\/lasprimeras.com.do\/index.php\/category\/portada\/"},"img":{"alt_text":"LUIS ACOSTA MORETA","src":"https:\/\/i0.wp.com\/lasprimeras.com.do\/wp-content\/uploads\/2024\/06\/LUIS-ACOSTA-MORETA-4.jpg?resize=350%2C200&ssl=1","width":350,"height":200,"srcset":"https:\/\/i0.wp.com\/lasprimeras.com.do\/wp-content\/uploads\/2024\/06\/LUIS-ACOSTA-MORETA-4.jpg?resize=350%2C200&ssl=1 1x, https:\/\/i0.wp.com\/lasprimeras.com.do\/wp-content\/uploads\/2024\/06\/LUIS-ACOSTA-MORETA-4.jpg?resize=525%2C300&ssl=1 1.5x, https:\/\/i0.wp.com\/lasprimeras.com.do\/wp-content\/uploads\/2024\/06\/LUIS-ACOSTA-MORETA-4.jpg?resize=700%2C400&ssl=1 2x"},"classes":[]},{"id":67380,"url":"https:\/\/lasprimeras.com.do\/index.php\/2023\/11\/15\/luis-el-gallo-pide-rebaja-de-precio-de-los-comestibles-y-ejecutar-el-macuto-alimenticio-popular\/","url_meta":{"origin":48895,"position":1},"title":"Luis \u201cEl Gallo\u201d pide rebaja de precio de los comestibles y ejecutar el \u201cMacuto Alimenticio Popular\u201d","author":"Nelson Feliz","date":"15 de noviembre de 2023","format":false,"excerpt":"El presidente de la Uni\u00f3n Dem\u00f3crata Cristiana \u2013UDC-, Luis Acosta Moreta, Luis \u201cEl Gallo\u201d, pidi\u00f3 hoy que de inmediato se congelen los precios de los art\u00edculos de primera necesidad, para que los dominicanos puedan tener una navidad feliz, llevando la comida a la mesa. Los comestibles b\u00e1sicos en la canasta\u2026","rel":"","context":"En \u00abECONOM\u00cdA\u00bb","block_context":{"text":"ECONOM\u00cdA","link":"https:\/\/lasprimeras.com.do\/index.php\/category\/economia\/"},"img":{"alt_text":"Macuto Alimenticio Popular","src":"https:\/\/i0.wp.com\/lasprimeras.com.do\/wp-content\/uploads\/2023\/11\/Macuto-Alimenticio-Popular.jpg?resize=350%2C200&ssl=1","width":350,"height":200,"srcset":"https:\/\/i0.wp.com\/lasprimeras.com.do\/wp-content\/uploads\/2023\/11\/Macuto-Alimenticio-Popular.jpg?resize=350%2C200&ssl=1 1x, https:\/\/i0.wp.com\/lasprimeras.com.do\/wp-content\/uploads\/2023\/11\/Macuto-Alimenticio-Popular.jpg?resize=525%2C300&ssl=1 1.5x, https:\/\/i0.wp.com\/lasprimeras.com.do\/wp-content\/uploads\/2023\/11\/Macuto-Alimenticio-Popular.jpg?resize=700%2C400&ssl=1 2x"},"classes":[]},{"id":128108,"url":"https:\/\/lasprimeras.com.do\/index.php\/2026\/04\/19\/luis-el-gallo-pide-unidad-para-controlar-precios-de-alimentos\/","url_meta":{"origin":48895,"position":2},"title":"Luis \u201cEl Gallo\u201d pide unidad para controlar precios de alimentos","author":"Nelson Feliz","date":"19 de abril de 2026","format":false,"excerpt":"El presidente de la Uni\u00f3n Dem\u00f3crata Cristiana -UDC-, Luis Acosta Moreta, Luis \u201cEl Gallo\u201d, pidi\u00f3 hoy al sector empresarial que una sus esfuerzos con el gobierno, para establecer precios asequibles a los comestibles de la canasta familiar. A\u00f1adi\u00f3 que los precios de los art\u00edculos se mantienen por las nubes, alejando\u2026","rel":"","context":"En \u00abPOLITICA\u00bb","block_context":{"text":"POLITICA","link":"https:\/\/lasprimeras.com.do\/index.php\/category\/politica\/"},"img":{"alt_text":"Luis Acosta Moreta","src":"https:\/\/i0.wp.com\/lasprimeras.com.do\/wp-content\/uploads\/2026\/04\/Luis-Acosta-Moreta.jpg?resize=350%2C200&ssl=1","width":350,"height":200,"srcset":"https:\/\/i0.wp.com\/lasprimeras.com.do\/wp-content\/uploads\/2026\/04\/Luis-Acosta-Moreta.jpg?resize=350%2C200&ssl=1 1x, https:\/\/i0.wp.com\/lasprimeras.com.do\/wp-content\/uploads\/2026\/04\/Luis-Acosta-Moreta.jpg?resize=525%2C300&ssl=1 1.5x, https:\/\/i0.wp.com\/lasprimeras.com.do\/wp-content\/uploads\/2026\/04\/Luis-Acosta-Moreta.jpg?resize=700%2C400&ssl=1 2x"},"classes":[]},{"id":54579,"url":"https:\/\/lasprimeras.com.do\/index.php\/2023\/07\/12\/luis-el-gallo-pide-funcionarios-ayuden-a-abinader-trabajando-y-resolviendo-los-problemas\/","url_meta":{"origin":48895,"position":3},"title":"Luis \u201cEl Gallo\u201d pide funcionarios ayuden a Abinader, trabajando y resolviendo los problemas","author":"Nelson Feliz","date":"12 de julio de 2023","format":false,"excerpt":"El presidente de la Uni\u00f3n Dem\u00f3crata Cristiana \u2013-UDC-, Luis Acosta Moreta, Luis \u201cEl Gallo\u201d, consider\u00f3 que el presidente Luis Abinader trabaja las 24 horas del d\u00eda para mantener controlados los precios de los alimentos de la canasta familiar, y espera el comercio elimine los aumentos especulativos. Resalt\u00f3 que el presidente\u2026","rel":"","context":"En \u00abPORTADA\u00bb","block_context":{"text":"PORTADA","link":"https:\/\/lasprimeras.com.do\/index.php\/category\/portada\/"},"img":{"alt_text":"Luis Acosta Moreta","src":"https:\/\/i0.wp.com\/lasprimeras.com.do\/wp-content\/uploads\/2023\/07\/Luis-Acosta-Moreta-2.jpg?resize=350%2C200&ssl=1","width":350,"height":200,"srcset":"https:\/\/i0.wp.com\/lasprimeras.com.do\/wp-content\/uploads\/2023\/07\/Luis-Acosta-Moreta-2.jpg?resize=350%2C200&ssl=1 1x, https:\/\/i0.wp.com\/lasprimeras.com.do\/wp-content\/uploads\/2023\/07\/Luis-Acosta-Moreta-2.jpg?resize=525%2C300&ssl=1 1.5x, https:\/\/i0.wp.com\/lasprimeras.com.do\/wp-content\/uploads\/2023\/07\/Luis-Acosta-Moreta-2.jpg?resize=700%2C400&ssl=1 2x"},"classes":[]},{"id":109595,"url":"https:\/\/lasprimeras.com.do\/index.php\/2025\/09\/19\/udc-pide-encuentro-gobierno-y-empresarios-para-rebajar-precios-de-comestibles\/","url_meta":{"origin":48895,"position":4},"title":"UDC pide encuentro gobierno y empresarios, para rebajar precios de comestibles","author":"Nelson Feliz","date":"19 de septiembre de 2025","format":false,"excerpt":"El presidente de la Uni\u00f3n Dem\u00f3crata Cristiana -UDC-, Luis Acosta Moreta, Luis \u201cEl Gallo\u201d, consider\u00f3 hoy de urgencia una reuni\u00f3n entre el gobierno y los empresarios de la rama alimenticia, para controlar los precios de los comestibles de primera necesidad. Destac\u00f3 que se debe llegar a acuerdos que detengan los\u2026","rel":"","context":"En \u00abPOLITICA\u00bb","block_context":{"text":"POLITICA","link":"https:\/\/lasprimeras.com.do\/index.php\/category\/politica\/"},"img":{"alt_text":"Luis Acosta Moreta","src":"https:\/\/i0.wp.com\/lasprimeras.com.do\/wp-content\/uploads\/2025\/02\/WhatsApp-Image-2025-02-14-at-7.13.23-AM.jpeg?resize=350%2C200&ssl=1","width":350,"height":200,"srcset":"https:\/\/i0.wp.com\/lasprimeras.com.do\/wp-content\/uploads\/2025\/02\/WhatsApp-Image-2025-02-14-at-7.13.23-AM.jpeg?resize=350%2C200&ssl=1 1x, https:\/\/i0.wp.com\/lasprimeras.com.do\/wp-content\/uploads\/2025\/02\/WhatsApp-Image-2025-02-14-at-7.13.23-AM.jpeg?resize=525%2C300&ssl=1 1.5x, https:\/\/i0.wp.com\/lasprimeras.com.do\/wp-content\/uploads\/2025\/02\/WhatsApp-Image-2025-02-14-at-7.13.23-AM.jpeg?resize=700%2C400&ssl=1 2x, https:\/\/i0.wp.com\/lasprimeras.com.do\/wp-content\/uploads\/2025\/02\/WhatsApp-Image-2025-02-14-at-7.13.23-AM.jpeg?resize=1050%2C600&ssl=1 3x"},"classes":[]},{"id":94530,"url":"https:\/\/lasprimeras.com.do\/index.php\/2025\/03\/03\/luis-el-gallo-pide-programa-de-emergencia-para-proteger-la-canasta-familiar-popular\/","url_meta":{"origin":48895,"position":5},"title":"Luis \u201cEl Gallo\u201d pide programa de emergencia para proteger la canasta familiar popular","author":"Nelson Feliz","date":"3 de marzo de 2025","format":false,"excerpt":"El presidente de la Uni\u00f3n Dem\u00f3crata Cristiana -UDC-, Luis Acosta Moreta, Luis \u201cEl Gallo\u201d, consider\u00f3 hoy pertinente que se inice un programa de emergencia de la canasta b\u00e1sica familiar, que pueda lograr la estabilidad de los precios. Indic\u00f3 que con un programa de emergencia, se podr\u00edan colocar en el mercado\u2026","rel":"","context":"En \u00abPOLITICA\u00bb","block_context":{"text":"POLITICA","link":"https:\/\/lasprimeras.com.do\/index.php\/category\/politica\/"},"img":{"alt_text":"Luis Acosta Moreta","src":"https:\/\/i0.wp.com\/lasprimeras.com.do\/wp-content\/uploads\/2025\/03\/WhatsApp-Image-2025-02-25-at-8.10.05-AM.jpeg?resize=350%2C200&ssl=1","width":350,"height":200,"srcset":"https:\/\/i0.wp.com\/lasprimeras.com.do\/wp-content\/uploads\/2025\/03\/WhatsApp-Image-2025-02-25-at-8.10.05-AM.jpeg?resize=350%2C200&ssl=1 1x, https:\/\/i0.wp.com\/lasprimeras.com.do\/wp-content\/uploads\/2025\/03\/WhatsApp-Image-2025-02-25-at-8.10.05-AM.jpeg?resize=525%2C300&ssl=1 1.5x, https:\/\/i0.wp.com\/lasprimeras.com.do\/wp-content\/uploads\/2025\/03\/WhatsApp-Image-2025-02-25-at-8.10.05-AM.jpeg?resize=700%2C400&ssl=1 2x, https:\/\/i0.wp.com\/lasprimeras.com.do\/wp-content\/uploads\/2025\/03\/WhatsApp-Image-2025-02-25-at-8.10.05-AM.jpeg?resize=1050%2C600&ssl=1 3x"},"classes":[]}],"jetpack_sharing_enabled":true,"_links":{"self":[{"href":"https:\/\/lasprimeras.com.do\/index.php\/wp-json\/wp\/v2\/posts\/48895","targetHints":{"allow":["GET"]}}],"collection":[{"href":"https:\/\/lasprimeras.com.do\/index.php\/wp-json\/wp\/v2\/posts"}],"about":[{"href":"https:\/\/lasprimeras.com.do\/index.php\/wp-json\/wp\/v2\/types\/post"}],"author":[{"embeddable":true,"href":"https:\/\/lasprimeras.com.do\/index.php\/wp-json\/wp\/v2\/users\/1"}],"replies":[{"embeddable":true,"href":"https:\/\/lasprimeras.com.do\/index.php\/wp-json\/wp\/v2\/comments?post=48895"}],"version-history":[{"count":0,"href":"https:\/\/lasprimeras.com.do\/index.php\/wp-json\/wp\/v2\/posts\/48895\/revisions"}],"wp:featuredmedia":[{"embeddable":true,"href":"https:\/\/lasprimeras.com.do\/index.php\/wp-json\/"}],"wp:attachment":[{"href":"https:\/\/lasprimeras.com.do\/index.php\/wp-json\/wp\/v2\/media?parent=48895"}],"wp:term":[{"taxonomy":"category","embeddable":true,"href":"https:\/\/lasprimeras.com.do\/index.php\/wp-json\/wp\/v2\/categories?post=48895"},{"taxonomy":"post_tag","embeddable":true,"href":"https:\/\/lasprimeras.com.do\/index.php\/wp-json\/wp\/v2\/tags?post=48895"}],"curies":[{"name":"wp","href":"https:\/\/api.w.org\/{rel}","templated":true}]}}