{"id":48901,"date":"2023-05-05T06:08:52","date_gmt":"2023-05-05T10:08:52","guid":{"rendered":"https:\/\/atento.com.do\/?p=48901"},"modified":"2023-05-05T06:08:52","modified_gmt":"2023-05-05T10:08:52","slug":"dominicano-rafael-devers-pega-jonron-150-en-su-carrera-en-las-gl","status":"publish","type":"post","link":"https:\/\/lasprimeras.com.do\/index.php\/2023\/05\/05\/dominicano-rafael-devers-pega-jonron-150-en-su-carrera-en-las-gl\/","title":{"rendered":"Dominicano Rafael Devers pega jonr\u00f3n 150 en su carrera en las GL"},"content":{"rendered":"\n<p>Por ESPNDeportes.com<\/p>\n\n\n\n<p>BOSTON.- Rafael Devers y Masataka Yoshida sacudieron sendos jonrones, y los Medias Rojas de Boston completaron una barrida de cuatro juegos sobre los Azulejos de Toronto al vencerles por 11-5.<\/p>\n\n\n\n<p>Boston gan\u00f3 su sexto partido consecutivos y rebas\u00f3 a Toronto por el tercer puesto en el Este de la Liga Americana. Se trata de la primera vez que los Medias Rojas barren a los Azulejos en una serie de cuatro juegos desde 2002.<\/p>\n\n\n\n<p>El dominicano Devers totaliz\u00f3 cuatro impulsadas con su cuadrangular 150 en las Mayores.<\/p>\n\n\n\n<p>Por su parte, Jarren Duran dio tres hits y tuvo dos de las cinco bases robadas de los Medias Rojas.Brayan Bello (1-1) se apunt\u00f3 su primera victoria tras permitir cuatro carreras \u2013 dos limpias \u2013 y seis hits en cinco innings. Ponch\u00f3 a cinco y no dio boletos.<\/p>\n\n\n\n<p>El dominicano Vladimir Guerrero Jr. jonrone\u00f3 y remolc\u00f3 dos carreras para Toronto, que ha perdido cinco en fila.<\/p>\n\n\n\n<p>Por los Azulejos, Guerrero de 5-2, una anotada y una impulsada. El mexicano Alejandro Kirk de 2-0.<\/p>\n\n\n\n<p>Por los Medias Rojas, los dominicanos Devers de 5-3; y Ramiel Tapia de 4-1, tres anotadas y una impulsadas. El puertorrique\u00f1o Kike Hern\u00e1ndez de 4-0.<\/p>\n","protected":false},"excerpt":{"rendered":"<p>Por ESPNDeportes.com BOSTON.- Rafael Devers y Masataka Yoshida sacudieron sendos jonrones, y los Medias Rojas de Boston completaron una barrida de cuatro juegos sobre los Azulejos de Toronto al vencerles&hellip;<\/p>\n","protected":false},"author":1,"featured_media":48902,"comment_status":"open","ping_status":"open","sticky":false,"template":"","format":"standard","meta":{"content-type":"","jetpack_post_was_ever_published":false,"_jetpack_newsletter_access":"","_jetpack_dont_email_post_to_subs":false,"_jetpack_newsletter_tier_id":0,"_jetpack_memberships_contains_paywalled_content":false,"_jetpack_memberships_contains_paid_content":false,"footnotes":""},"categories":[1],"tags":[566,364,567,568,569,570],"class_list":["post-48901","post","type-post","status-publish","format-standard","has-post-thumbnail","hentry","category-sin-categoria","tag-carrera","tag-dominicano","tag-grandes-ligas","tag-jonron","tag-pega","tag-rafael-devers"],"jetpack_featured_media_url":"","jetpack-related-posts":[{"id":60604,"url":"https:\/\/lasprimeras.com.do\/index.php\/2023\/09\/16\/merrifield-logra-hit-decisivo-en-la-13ra-azulejos-ganan-guerrero-jr-y-devers-cuadrangulares\/","url_meta":{"origin":48901,"position":0},"title":"Merrifield logra hit decisivo en la 13ra.; Azulejos ganan, Guerrero Jr. y Devers, cuadrangulares","author":"Nelson Feliz","date":"16 de septiembre de 2023","format":false,"excerpt":"Whit Merrifield conect\u00f3 un sencillo decisivo en la 13ra entrada, y los Azulejos de Toronto remontaron para superar el s\u00e1bado 4-3 a los Medias Rojas de Boston. El sencillo de Merrifield dentro del cuadro ante el venezolano Mauricio Llovera (1-3) empuj\u00f3 al dominicano Vladimir Guerrero Jr. desde la antesala. Chad\u2026","rel":"","context":"En \u00abSin categor\u00eda\u00bb","block_context":{"text":"Sin categor\u00eda","link":"https:\/\/lasprimeras.com.do\/index.php\/category\/sin-categoria\/"},"img":{"alt_text":"Daulton Varsho, de los Azulejos de Toronto, festeja tras conectar un triple en el juego del s\u00e1bado ante los Medias Rojas de Boston.AP","src":"https:\/\/i0.wp.com\/lasprimeras.com.do\/wp-content\/uploads\/2023\/09\/Daulton-Varsho.jpeg?resize=350%2C200&ssl=1","width":350,"height":200,"srcset":"https:\/\/i0.wp.com\/lasprimeras.com.do\/wp-content\/uploads\/2023\/09\/Daulton-Varsho.jpeg?resize=350%2C200&ssl=1 1x, https:\/\/i0.wp.com\/lasprimeras.com.do\/wp-content\/uploads\/2023\/09\/Daulton-Varsho.jpeg?resize=525%2C300&ssl=1 1.5x, https:\/\/i0.wp.com\/lasprimeras.com.do\/wp-content\/uploads\/2023\/09\/Daulton-Varsho.jpeg?resize=700%2C400&ssl=1 2x"},"classes":[]},{"id":101271,"url":"https:\/\/lasprimeras.com.do\/index.php\/2025\/06\/18\/gabriel-arias-y-guardianes-arruinan-el-debut-de-rafael-devers-con-los-gigantes-al-imponerse-por-3-2\/","url_meta":{"origin":48901,"position":1},"title":"Gabriel Arias y Guardianes arruinan el debut de Rafael Devers con los Gigantes, al imponerse por 3-2","author":"Nelson Feliz","date":"18 de junio de 2025","format":false,"excerpt":"POR JANIE McCAULEY SAN FRANCISCO (AP) \u2014 El venezolano Gabriel Arias conect\u00f3 un jonr\u00f3n que signific\u00f3 la ventaja en la sexta entrada y a\u00f1adi\u00f3 un doble en la novena para que los Guardianes de Cleveland superaran el martes 3-2 a los Gigantes de San Francisco. Cleveland arruin\u00f3 as\u00ed el debut\u2026","rel":"","context":"En \u00abDEPORTES\u00bb","block_context":{"text":"DEPORTES","link":"https:\/\/lasprimeras.com.do\/index.php\/category\/deportes\/"},"img":{"alt_text":"","src":"https:\/\/i0.wp.com\/lasprimeras.com.do\/wp-content\/uploads\/2025\/06\/Gabriel-Arias-izquierda-recibe-la-felicitacion-del-dominicano-Angel-Martinez.jpg?resize=350%2C200&ssl=1","width":350,"height":200,"srcset":"https:\/\/i0.wp.com\/lasprimeras.com.do\/wp-content\/uploads\/2025\/06\/Gabriel-Arias-izquierda-recibe-la-felicitacion-del-dominicano-Angel-Martinez.jpg?resize=350%2C200&ssl=1 1x, https:\/\/i0.wp.com\/lasprimeras.com.do\/wp-content\/uploads\/2025\/06\/Gabriel-Arias-izquierda-recibe-la-felicitacion-del-dominicano-Angel-Martinez.jpg?resize=525%2C300&ssl=1 1.5x, https:\/\/i0.wp.com\/lasprimeras.com.do\/wp-content\/uploads\/2025\/06\/Gabriel-Arias-izquierda-recibe-la-felicitacion-del-dominicano-Angel-Martinez.jpg?resize=700%2C400&ssl=1 2x"},"classes":[]},{"id":99618,"url":"https:\/\/lasprimeras.com.do\/index.php\/2025\/05\/23\/devers-fija-record-personal-con-8-empujadas-en-paliza-de-medias-rojas-sobre-orioles\/","url_meta":{"origin":48901,"position":2},"title":"Devers fija r\u00e9cord personal con 8 empujadas en paliza de Medias Rojas sobre Orioles","author":"Nelson Feliz","date":"23 de mayo de 2025","format":false,"excerpt":"Por Ian Browne\/MLB.com @IanMBrowne Boston.-Cierta preocupaci\u00f3n crec\u00eda en el dugout local del Fenway Park cuando Alex Bregman, el jugador m\u00e1s consistente en lo que ha sido una temporada irregular para los Medias Rojas, tuvo que abandonar el encuentro en la parte baja de la quinta entrada por una molestia en\u2026","rel":"","context":"En \u00abDEPORTES\u00bb","block_context":{"text":"DEPORTES","link":"https:\/\/lasprimeras.com.do\/index.php\/category\/deportes\/"},"img":{"alt_text":"","src":"https:\/\/i0.wp.com\/lasprimeras.com.do\/wp-content\/uploads\/2025\/05\/Rafael-Devers.jpg?resize=350%2C200&ssl=1","width":350,"height":200,"srcset":"https:\/\/i0.wp.com\/lasprimeras.com.do\/wp-content\/uploads\/2025\/05\/Rafael-Devers.jpg?resize=350%2C200&ssl=1 1x, https:\/\/i0.wp.com\/lasprimeras.com.do\/wp-content\/uploads\/2025\/05\/Rafael-Devers.jpg?resize=525%2C300&ssl=1 1.5x, https:\/\/i0.wp.com\/lasprimeras.com.do\/wp-content\/uploads\/2025\/05\/Rafael-Devers.jpg?resize=700%2C400&ssl=1 2x"},"classes":[]},{"id":100009,"url":"https:\/\/lasprimeras.com.do\/index.php\/2025\/05\/30\/azulejos-conectan-4-jonrones-y-anotan-8-carreras-en-la-2da-entrada-para-aplastar-12-0-a-atleticos\/","url_meta":{"origin":48901,"position":3},"title":"Azulejos conectan 4 jonrones y anotan 8 carreras en la 2da entrada para aplastar 12-0 a Atl\u00e9ticos","author":"Nelson Feliz","date":"30 de mayo de 2025","format":false,"excerpt":"TORONTO (AP) \u2014 Ernie Clement conect\u00f3 un jonr\u00f3n e impuls\u00f3 cinco carreras, Bo Bichette aport\u00f3 tambi\u00e9n un cuadrangular y sum\u00f3 tres remolcadas, y los Azulejos de Toronto anotaron ocho veces en el segundo inning para aplastar el jueves 12-0 a los deca\u00eddos Atl\u00e9ticos. El boricua Jos\u00e9 Berr\u00edos (2-2) y dos\u2026","rel":"","context":"En \u00abDEPORTES\u00bb","block_context":{"text":"DEPORTES","link":"https:\/\/lasprimeras.com.do\/index.php\/category\/deportes\/"},"img":{"alt_text":"","src":"https:\/\/i0.wp.com\/lasprimeras.com.do\/wp-content\/uploads\/2025\/05\/Ernie-Clement.jpg?resize=350%2C200&ssl=1","width":350,"height":200,"srcset":"https:\/\/i0.wp.com\/lasprimeras.com.do\/wp-content\/uploads\/2025\/05\/Ernie-Clement.jpg?resize=350%2C200&ssl=1 1x, https:\/\/i0.wp.com\/lasprimeras.com.do\/wp-content\/uploads\/2025\/05\/Ernie-Clement.jpg?resize=525%2C300&ssl=1 1.5x, https:\/\/i0.wp.com\/lasprimeras.com.do\/wp-content\/uploads\/2025\/05\/Ernie-Clement.jpg?resize=700%2C400&ssl=1 2x"},"classes":[]},{"id":100817,"url":"https:\/\/lasprimeras.com.do\/index.php\/2025\/06\/12\/marcelo-mayer-conecta-sus-2-primeros-jonrones-en-fenway-park-y-ayuda-en-triunfo-de-medias-rojas\/","url_meta":{"origin":48901,"position":4},"title":"Marcelo Mayer conecta sus 2 primeros jonrones en Fenway Park y ayuda en triunfo de Medias Rojas","author":"Nelson Feliz","date":"12 de junio de 2025","format":false,"excerpt":"POR KYLE HIGHTOWER BOSTON (AP) \u2014 La banda sonora del primer jonr\u00f3n de Marcelo Mayer en las Grandes Ligas fue un coro de abucheos mientras recorr\u00eda las bases en el Yankee Stadium de Nueva York la semana pasada. El novato de los Medias Rojas a\u00f1adi\u00f3 otros dos vuelacercas en un\u2026","rel":"","context":"En \u00abDEPORTES\u00bb","block_context":{"text":"DEPORTES","link":"https:\/\/lasprimeras.com.do\/index.php\/category\/deportes\/"},"img":{"alt_text":"","src":"https:\/\/i0.wp.com\/lasprimeras.com.do\/wp-content\/uploads\/2025\/06\/Marcelo-Mayer.jpg?resize=350%2C200&ssl=1","width":350,"height":200,"srcset":"https:\/\/i0.wp.com\/lasprimeras.com.do\/wp-content\/uploads\/2025\/06\/Marcelo-Mayer.jpg?resize=350%2C200&ssl=1 1x, https:\/\/i0.wp.com\/lasprimeras.com.do\/wp-content\/uploads\/2025\/06\/Marcelo-Mayer.jpg?resize=525%2C300&ssl=1 1.5x, https:\/\/i0.wp.com\/lasprimeras.com.do\/wp-content\/uploads\/2025\/06\/Marcelo-Mayer.jpg?resize=700%2C400&ssl=1 2x"},"classes":[]},{"id":94662,"url":"https:\/\/lasprimeras.com.do\/index.php\/2025\/03\/04\/rafael-devers-sera-designado-hoy-ante-rays\/","url_meta":{"origin":48901,"position":5},"title":"Rafael Devers ser\u00e1 designado hoy ante Rays","author":"Nelson Feliz","date":"4 de marzo de 2025","format":false,"excerpt":"El estelar toletero dominicano de los Medias Rojas de Boston, Rafael Devers, fungir\u00e1 como bateador designado en su debut en la actual temporada de exhibici\u00f3n ma\u00f1ana contra Tampa Bay. El m\u00e1nager de los Medias Rojas, Alex Cora, dijo que Devers podr\u00eda jugar defensa, por primera vez, a mediados de la\u2026","rel":"","context":"En \u00abDEPORTES\u00bb","block_context":{"text":"DEPORTES","link":"https:\/\/lasprimeras.com.do\/index.php\/category\/deportes\/"},"img":{"alt_text":"","src":"https:\/\/i0.wp.com\/lasprimeras.com.do\/wp-content\/uploads\/2025\/03\/Rafael-Devers.png?resize=350%2C200&ssl=1","width":350,"height":200,"srcset":"https:\/\/i0.wp.com\/lasprimeras.com.do\/wp-content\/uploads\/2025\/03\/Rafael-Devers.png?resize=350%2C200&ssl=1 1x, https:\/\/i0.wp.com\/lasprimeras.com.do\/wp-content\/uploads\/2025\/03\/Rafael-Devers.png?resize=525%2C300&ssl=1 1.5x, https:\/\/i0.wp.com\/lasprimeras.com.do\/wp-content\/uploads\/2025\/03\/Rafael-Devers.png?resize=700%2C400&ssl=1 2x"},"classes":[]}],"jetpack_sharing_enabled":true,"_links":{"self":[{"href":"https:\/\/lasprimeras.com.do\/index.php\/wp-json\/wp\/v2\/posts\/48901","targetHints":{"allow":["GET"]}}],"collection":[{"href":"https:\/\/lasprimeras.com.do\/index.php\/wp-json\/wp\/v2\/posts"}],"about":[{"href":"https:\/\/lasprimeras.com.do\/index.php\/wp-json\/wp\/v2\/types\/post"}],"author":[{"embeddable":true,"href":"https:\/\/lasprimeras.com.do\/index.php\/wp-json\/wp\/v2\/users\/1"}],"replies":[{"embeddable":true,"href":"https:\/\/lasprimeras.com.do\/index.php\/wp-json\/wp\/v2\/comments?post=48901"}],"version-history":[{"count":0,"href":"https:\/\/lasprimeras.com.do\/index.php\/wp-json\/wp\/v2\/posts\/48901\/revisions"}],"wp:featuredmedia":[{"embeddable":true,"href":"https:\/\/lasprimeras.com.do\/index.php\/wp-json\/"}],"wp:attachment":[{"href":"https:\/\/lasprimeras.com.do\/index.php\/wp-json\/wp\/v2\/media?parent=48901"}],"wp:term":[{"taxonomy":"category","embeddable":true,"href":"https:\/\/lasprimeras.com.do\/index.php\/wp-json\/wp\/v2\/categories?post=48901"},{"taxonomy":"post_tag","embeddable":true,"href":"https:\/\/lasprimeras.com.do\/index.php\/wp-json\/wp\/v2\/tags?post=48901"}],"curies":[{"name":"wp","href":"https:\/\/api.w.org\/{rel}","templated":true}]}}