{"id":48907,"date":"2023-05-05T06:22:22","date_gmt":"2023-05-05T10:22:22","guid":{"rendered":"https:\/\/atento.com.do\/?p=48907"},"modified":"2023-05-05T06:22:22","modified_gmt":"2023-05-05T10:22:22","slug":"radhames-gonzalez-dice-no-aspira-a-la-alcaldia-de-sdo","status":"publish","type":"post","link":"https:\/\/lasprimeras.com.do\/index.php\/2023\/05\/05\/radhames-gonzalez-dice-no-aspira-a-la-alcaldia-de-sdo\/","title":{"rendered":"Radham\u00e9s Gonz\u00e1lez dice no aspira a la alcald\u00eda de SDO"},"content":{"rendered":"\n<p><strong>Santo Domingo.- <\/strong>El exdiputado y dirigente de Partido Revolucionario Moderno (PRM), Radham\u00e9s Gonz\u00e1lez, inform\u00f3 que no est\u00e1 aspirando a la candidatura a alcalde por el municipio de Santo Domingo Oeste para las elecciones de 2024.<\/p>\n\n\n\n<p>&#8220;Yo particularmente he decidido renunciar a verme m\u00e1s en un afiche&#8221;, as\u00ed se expres\u00f3 el dirigente perreme\u00edsta para enfatizar que no tiene inter\u00e9s en buscar ning\u00fan cargo electivo.<\/p>\n\n\n\n<p>En medio de una entrevista en el programa El Sol de la Ma\u00f1ana, de Zol 106.5 FM y el grupo RCC Media, explic\u00f3 que est\u00e1 decidido en darle la oportunidad a candidatos j\u00f3venes y que estos puedan ganarse sus espacios para que ocupen posiciones.<\/p>\n\n\n\n<p>Dijo que continuar\u00e1 sirviendo al pa\u00eds y al PRM, donde mejor lo entiendan, pero en la actualidad no tiene deseos de aspirar.<\/p>\n\n\n\n<p>Asimismo, Radham\u00e9s Gonz\u00e1lez sostuvo que el alcalde Jos\u00e9 And\u00fajar est\u00e1 haciendo un buen trabajo por la municipalidad de Santo Domingo Oeste<\/p>\n\n\n\n<p>Adem\u00e1s de And\u00fajar, por el PRM para la alcald\u00eda del referido municipio tambi\u00e9n aspiran el diputado El\u00edas B\u00e1ez y el exalcalde Francisco Pe\u00f1a.<\/p>\n","protected":false},"excerpt":{"rendered":"<p>Santo Domingo.- El exdiputado y dirigente de Partido Revolucionario Moderno (PRM), Radham\u00e9s Gonz\u00e1lez, inform\u00f3 que no est\u00e1 aspirando a la candidatura a alcalde por el municipio de Santo Domingo Oeste&hellip;<\/p>\n","protected":false},"author":1,"featured_media":48908,"comment_status":"open","ping_status":"open","sticky":false,"template":"","format":"standard","meta":{"content-type":"","jetpack_post_was_ever_published":false,"_jetpack_newsletter_access":"","_jetpack_dont_email_post_to_subs":false,"_jetpack_newsletter_tier_id":0,"_jetpack_memberships_contains_paywalled_content":false,"_jetpack_memberships_contains_paid_content":false,"footnotes":""},"categories":[1],"tags":[572],"class_list":["post-48907","post","type-post","status-publish","format-standard","has-post-thumbnail","hentry","category-sin-categoria","tag-radhames-gonzalez"],"jetpack_featured_media_url":"","jetpack-related-posts":[{"id":115603,"url":"https:\/\/lasprimeras.com.do\/index.php\/2025\/11\/24\/regidor-del-pld-y-dirigentes-del-prm-se-juramentan-en-la-fuerza-del-pueblo\/","url_meta":{"origin":48907,"position":0},"title":"Regidor del PLD y dirigentes del PRM se juramentan en la Fuerza del Pueblo","author":"Nelson Feliz","date":"24 de noviembre de 2025","format":false,"excerpt":"En un acto encabezado por Radham\u00e9s Jim\u00e9nez Pe\u00f1a, l\u00edderes comunitarios, pastores y exdirigentes de varios partidos pol\u00edticos oficializaron su paso a las filas de la Fuerza del Pueblo. En una muestra de reconfiguraci\u00f3n pol\u00edtica en Santo Domingo Norte, un importante grupo de dirigentes y l\u00edderes comunitarios de distintas fuerzas pol\u00edticas\u2026","rel":"","context":"En \u00abPOLITICA\u00bb","block_context":{"text":"POLITICA","link":"https:\/\/lasprimeras.com.do\/index.php\/category\/politica\/"},"img":{"alt_text":"Radham\u00e9s Jim\u00e9nez Pe\u00f1a","src":"https:\/\/i0.wp.com\/lasprimeras.com.do\/wp-content\/uploads\/2025\/11\/Radhames-Jimenez-Pena-1.jpg?resize=350%2C200&ssl=1","width":350,"height":200,"srcset":"https:\/\/i0.wp.com\/lasprimeras.com.do\/wp-content\/uploads\/2025\/11\/Radhames-Jimenez-Pena-1.jpg?resize=350%2C200&ssl=1 1x, https:\/\/i0.wp.com\/lasprimeras.com.do\/wp-content\/uploads\/2025\/11\/Radhames-Jimenez-Pena-1.jpg?resize=525%2C300&ssl=1 1.5x, https:\/\/i0.wp.com\/lasprimeras.com.do\/wp-content\/uploads\/2025\/11\/Radhames-Jimenez-Pena-1.jpg?resize=700%2C400&ssl=1 2x"},"classes":[]},{"id":129190,"url":"https:\/\/lasprimeras.com.do\/index.php\/2026\/04\/30\/robert-polanco-se-perfila-favorito-para-presidir-el-prm-en-la-provincia-santo-domingo\/","url_meta":{"origin":48907,"position":1},"title":"Robert Polanco se perfila favorito para presidir el PRM en la provincia Santo Domingo","author":"Nelson Feliz","date":"30 de abril de 2026","format":false,"excerpt":"Aunque el Partido Revolucionario Moderno (PRM) no ha oficializado la fecha para la renovaci\u00f3n de su dirigencia provincial, Robert Polanco se perfila como uno de los aspirantes mejor posicionados en la carrera por la presidencia de esa organizaci\u00f3n pol\u00edtica en la provincia Santo Domingo, al consolidar una amplia estructura de\u2026","rel":"","context":"En \u00abPOLITICA\u00bb","block_context":{"text":"POLITICA","link":"https:\/\/lasprimeras.com.do\/index.php\/category\/politica\/"},"img":{"alt_text":"","src":"https:\/\/i0.wp.com\/lasprimeras.com.do\/wp-content\/uploads\/2026\/04\/IMG-20260430-WA0367.jpg?resize=350%2C200&ssl=1","width":350,"height":200,"srcset":"https:\/\/i0.wp.com\/lasprimeras.com.do\/wp-content\/uploads\/2026\/04\/IMG-20260430-WA0367.jpg?resize=350%2C200&ssl=1 1x, https:\/\/i0.wp.com\/lasprimeras.com.do\/wp-content\/uploads\/2026\/04\/IMG-20260430-WA0367.jpg?resize=525%2C300&ssl=1 1.5x, https:\/\/i0.wp.com\/lasprimeras.com.do\/wp-content\/uploads\/2026\/04\/IMG-20260430-WA0367.jpg?resize=700%2C400&ssl=1 2x, https:\/\/i0.wp.com\/lasprimeras.com.do\/wp-content\/uploads\/2026\/04\/IMG-20260430-WA0367.jpg?resize=1050%2C600&ssl=1 3x"},"classes":[]},{"id":55019,"url":"https:\/\/lasprimeras.com.do\/index.php\/2023\/07\/17\/radhames-jimenez-mientras-pais-se-cae-a-pedazos-los-popis-del-prm-llevan-una-vida-placentera\/","url_meta":{"origin":48907,"position":2},"title":"Radham\u00e9s Jim\u00e9nez: \u201cMientras pa\u00eds se cae a pedazos, los popis del PRM llevan una vida placentera\u201d","author":"Nelson Feliz","date":"17 de julio de 2023","format":false,"excerpt":"\u201cJuramenta un regidor y decenas de nuevos miembros en la FP\u201d El vicepresidente y coordinador de la Fuerza del Pueblo Radham\u00e9s Jim\u00e9nez Pe\u00f1a, asegur\u00f3 que mientras el pa\u00eds est\u00e1 viviendo momentos de desasosiego y se cae a pedazos, los popis del PRM llevan una vida placentera y de bienestar. Seg\u00fan\u2026","rel":"","context":"En \u00abPORTADA\u00bb","block_context":{"text":"PORTADA","link":"https:\/\/lasprimeras.com.do\/index.php\/category\/portada\/"},"img":{"alt_text":"Radhames Jimenez","src":"https:\/\/i0.wp.com\/lasprimeras.com.do\/wp-content\/uploads\/2023\/07\/Radhames-Jimenez-1.jpg?resize=350%2C200&ssl=1","width":350,"height":200,"srcset":"https:\/\/i0.wp.com\/lasprimeras.com.do\/wp-content\/uploads\/2023\/07\/Radhames-Jimenez-1.jpg?resize=350%2C200&ssl=1 1x, https:\/\/i0.wp.com\/lasprimeras.com.do\/wp-content\/uploads\/2023\/07\/Radhames-Jimenez-1.jpg?resize=525%2C300&ssl=1 1.5x"},"classes":[]},{"id":103702,"url":"https:\/\/lasprimeras.com.do\/index.php\/2025\/07\/17\/cierre-del-metro-en-horas-laborables-demuestra-improvisacion-del-gobierno-del-prm-afirma-radhames-jimenez\/","url_meta":{"origin":48907,"position":3},"title":"\u201cCierre del metro en horas laborables demuestra improvisaci\u00f3n del gobierno del PRM\u201d, afirma Radham\u00e9s Jim\u00e9nez","author":"Nelson Feliz","date":"17 de julio de 2025","format":false,"excerpt":"El vicepresidente y coordinador pol\u00edtico de la Fuerza del Pueblo, Radham\u00e9s Jim\u00e9nez Pe\u00f1a, calific\u00f3 de improvisado al gobierno del PRM, por el cierre del metro en Santo Domingo Norte en horarios laborables, afectando de manera directa a miles de ciudadanos que todos los d\u00edas utilizan ese servicio de transporte masivo.\u2026","rel":"","context":"En \u00abPOLITICA\u00bb","block_context":{"text":"POLITICA","link":"https:\/\/lasprimeras.com.do\/index.php\/category\/politica\/"},"img":{"alt_text":"","src":"https:\/\/i0.wp.com\/lasprimeras.com.do\/wp-content\/uploads\/2025\/07\/Radhames-Jimenez-1.jpg?resize=350%2C200&ssl=1","width":350,"height":200,"srcset":"https:\/\/i0.wp.com\/lasprimeras.com.do\/wp-content\/uploads\/2025\/07\/Radhames-Jimenez-1.jpg?resize=350%2C200&ssl=1 1x, https:\/\/i0.wp.com\/lasprimeras.com.do\/wp-content\/uploads\/2025\/07\/Radhames-Jimenez-1.jpg?resize=525%2C300&ssl=1 1.5x, https:\/\/i0.wp.com\/lasprimeras.com.do\/wp-content\/uploads\/2025\/07\/Radhames-Jimenez-1.jpg?resize=700%2C400&ssl=1 2x"},"classes":[]},{"id":117633,"url":"https:\/\/lasprimeras.com.do\/index.php\/2025\/12\/12\/masiva-asamblea-encabezada-por-juan-jose-javier-en-santo-domingo-este\/","url_meta":{"origin":48907,"position":4},"title":"Masiva asamblea encabezada por Juan Jos\u00e9 Javier en Santo Domingo Este","author":"Nelson Feliz","date":"12 de diciembre de 2025","format":false,"excerpt":"El dirigente pol\u00edtico del Partido Revolucionario Moderno (PRM) y aspirante a la Secretar\u00eda General de esa organizaci\u00f3n en Santo Domingo Este, Juan Jos\u00e9 Javier (Curruco), encabez\u00f3 una importante asamblea celebrada en el Club Deportivo y Cultural San Jos\u00e9 de Mendoza. El evento, denominado \u201cHablemos de Nuestro Futuro Pol\u00edtico\u201d, reuni\u00f3 a\u2026","rel":"","context":"En \u00abPOLITICA\u00bb","block_context":{"text":"POLITICA","link":"https:\/\/lasprimeras.com.do\/index.php\/category\/politica\/"},"img":{"alt_text":"Juan Jos\u00e9 Javier","src":"https:\/\/i0.wp.com\/lasprimeras.com.do\/wp-content\/uploads\/2025\/12\/Juan-Jose-Javier-1.jpg?resize=350%2C200&ssl=1","width":350,"height":200,"srcset":"https:\/\/i0.wp.com\/lasprimeras.com.do\/wp-content\/uploads\/2025\/12\/Juan-Jose-Javier-1.jpg?resize=350%2C200&ssl=1 1x, https:\/\/i0.wp.com\/lasprimeras.com.do\/wp-content\/uploads\/2025\/12\/Juan-Jose-Javier-1.jpg?resize=525%2C300&ssl=1 1.5x, https:\/\/i0.wp.com\/lasprimeras.com.do\/wp-content\/uploads\/2025\/12\/Juan-Jose-Javier-1.jpg?resize=700%2C400&ssl=1 2x"},"classes":[]},{"id":123372,"url":"https:\/\/lasprimeras.com.do\/index.php\/2026\/02\/27\/radhames-camacho-el-gobierno-del-prm-se-ha-desplomado\/","url_meta":{"origin":48907,"position":5},"title":"Radham\u00e9s Camacho: El Gobierno del PRM se ha desplomado","author":"Nelson Feliz","date":"27 de febrero de 2026","format":false,"excerpt":"El coordinador nacional de la corriente Eugenio Mar\u00eda de Hostos, profesor Radham\u00e9s Camacho, afirm\u00f3 que el Gobierno del PRM \u201cse quem\u00f3, porque no estudi\u00f3 su clase\u201d Camacho respondi\u00f3 a los periodistas al participar en un encuentro del Secretariado Partido-Sociedad del Partido de la Liberaci\u00f3n Dominicana (PLD) realizado en la Oficina\u2026","rel":"","context":"En \u00abPOLITICA\u00bb","block_context":{"text":"POLITICA","link":"https:\/\/lasprimeras.com.do\/index.php\/category\/politica\/"},"img":{"alt_text":"","src":"https:\/\/i0.wp.com\/lasprimeras.com.do\/wp-content\/uploads\/2025\/09\/Radhames-Camacho.jpg?resize=350%2C200&ssl=1","width":350,"height":200,"srcset":"https:\/\/i0.wp.com\/lasprimeras.com.do\/wp-content\/uploads\/2025\/09\/Radhames-Camacho.jpg?resize=350%2C200&ssl=1 1x, https:\/\/i0.wp.com\/lasprimeras.com.do\/wp-content\/uploads\/2025\/09\/Radhames-Camacho.jpg?resize=525%2C300&ssl=1 1.5x, https:\/\/i0.wp.com\/lasprimeras.com.do\/wp-content\/uploads\/2025\/09\/Radhames-Camacho.jpg?resize=700%2C400&ssl=1 2x"},"classes":[]}],"jetpack_sharing_enabled":true,"_links":{"self":[{"href":"https:\/\/lasprimeras.com.do\/index.php\/wp-json\/wp\/v2\/posts\/48907","targetHints":{"allow":["GET"]}}],"collection":[{"href":"https:\/\/lasprimeras.com.do\/index.php\/wp-json\/wp\/v2\/posts"}],"about":[{"href":"https:\/\/lasprimeras.com.do\/index.php\/wp-json\/wp\/v2\/types\/post"}],"author":[{"embeddable":true,"href":"https:\/\/lasprimeras.com.do\/index.php\/wp-json\/wp\/v2\/users\/1"}],"replies":[{"embeddable":true,"href":"https:\/\/lasprimeras.com.do\/index.php\/wp-json\/wp\/v2\/comments?post=48907"}],"version-history":[{"count":0,"href":"https:\/\/lasprimeras.com.do\/index.php\/wp-json\/wp\/v2\/posts\/48907\/revisions"}],"wp:featuredmedia":[{"embeddable":true,"href":"https:\/\/lasprimeras.com.do\/index.php\/wp-json\/"}],"wp:attachment":[{"href":"https:\/\/lasprimeras.com.do\/index.php\/wp-json\/wp\/v2\/media?parent=48907"}],"wp:term":[{"taxonomy":"category","embeddable":true,"href":"https:\/\/lasprimeras.com.do\/index.php\/wp-json\/wp\/v2\/categories?post=48907"},{"taxonomy":"post_tag","embeddable":true,"href":"https:\/\/lasprimeras.com.do\/index.php\/wp-json\/wp\/v2\/tags?post=48907"}],"curies":[{"name":"wp","href":"https:\/\/api.w.org\/{rel}","templated":true}]}}