{"id":48938,"date":"2023-05-05T12:31:44","date_gmt":"2023-05-05T16:31:44","guid":{"rendered":"https:\/\/atento.com.do\/?p=48938"},"modified":"2023-05-05T12:31:44","modified_gmt":"2023-05-05T16:31:44","slug":"alianza-por-democracia-sugiere-modificar-ley-camara-de-cuentas","status":"publish","type":"post","link":"https:\/\/lasprimeras.com.do\/index.php\/2023\/05\/05\/alianza-por-democracia-sugiere-modificar-ley-camara-de-cuentas\/","title":{"rendered":"Alianza por Democracia sugiere modificar ley C\u00e1mara de Cuentas"},"content":{"rendered":"\n<p><strong>SANTO DOMINGO.-<\/strong> El diputado y secretario general de la Alianza por la Democracia (APD), Carlos S\u00e1nchez, afirm\u00f3 que la crisis por la que atraviesa la C\u00e1mara de Cuentas de la Rep\u00fablica Dominicana requiere una pronta revisi\u00f3n de la ley 10-04 y de los reglamentos que la crean y regulan.<\/p>\n\n\n\n<p>Consider\u00f3 que la ley que crea ese suprapoder es infuncional y poco pr\u00e1ctica, porque obliga al pleno directivo a tomar sus decisiones por mayor\u00eda, teniendo cualquiera de sus miembros, en los hechos, poder de veto.<\/p>\n\n\n\n<p>\u00abEn realidad el presidente de la C\u00e1mara de Cuentas est\u00e1 pintado en la pared\u00bb, se\u00f1al\u00f3 en su intervenci\u00f3n.<\/p>\n\n\n\n<p>Observ\u00f3 que que seg\u00fan est\u00e1 establecido en el art\u00edculo 18, sobre la funci\u00f3n administrativa y en el art\u00edculo 19, dirigido a las atribuciones del pleno, las designaciones y las decisiones de la instituci\u00f3n s\u00f3lo se pueden realizar con la aprobaci\u00f3n de la mayor\u00eda absoluta.<\/p>\n\n\n\n<p>Para el alto dirigente de la APD, el argumento que aboga por la designaci\u00f3n de nuevos integrantes que no sean miembros de partidos pol\u00edticos, para evitar la situaci\u00f3n que se viene presentando en la CD desde hace varios a\u00f1os, ser\u00eda poco eficaz y no resolver\u00eda el problema.<\/p>\n\n\n\n<p>\u00abEn este pa\u00eds todos somos miembros de un partido pol\u00edtico y de un equipo de b\u00e9isbol \u00ab, sostuvo S\u00e1nchez.<\/p>\n","protected":false},"excerpt":{"rendered":"<p>SANTO DOMINGO.- El diputado y secretario general de la Alianza por la Democracia (APD), Carlos S\u00e1nchez, afirm\u00f3 que la crisis por la que atraviesa la C\u00e1mara de Cuentas de la&hellip;<\/p>\n","protected":false},"author":1,"featured_media":48939,"comment_status":"open","ping_status":"open","sticky":false,"template":"","format":"standard","meta":{"content-type":"","jetpack_post_was_ever_published":false,"_jetpack_newsletter_access":"","_jetpack_dont_email_post_to_subs":false,"_jetpack_newsletter_tier_id":0,"_jetpack_memberships_contains_paywalled_content":false,"_jetpack_memberships_contains_paid_content":false,"footnotes":""},"categories":[1],"tags":[50,340,607,411,608],"class_list":["post-48938","post","type-post","status-publish","format-standard","has-post-thumbnail","hentry","category-sin-categoria","tag-alianza","tag-camara-de-cuentas","tag-democracia","tag-ley","tag-modificar"],"jetpack_featured_media_url":"","jetpack-related-posts":[{"id":54635,"url":"https:\/\/lasprimeras.com.do\/index.php\/2023\/07\/12\/se-cae-sesion-del-senado-en-pleno-conocimiento-de-la-ley-de-camara-de-cuentas\/","url_meta":{"origin":48938,"position":0},"title":"Se cae sesi\u00f3n del Senado en pleno conocimiento de la Ley de C\u00e1mara de Cuentas","author":"Nelson Feliz","date":"12 de julio de 2023","format":false,"excerpt":"El cu\u00f3rum reglamentario es de 17 parlamentarios, sin embargo, al final de esta tarde solo hab\u00edan 16 congresistas, situaci\u00f3n que forz\u00f3 el levantamiento. El presidente del Senado de la Rep\u00fablica se vio obligado a finalizar la sesi\u00f3n de este mi\u00e9rcoles que se inici\u00f3 a las 3:00 de la tarde con\u2026","rel":"","context":"En \u00abNACIONALES\u00bb","block_context":{"text":"NACIONALES","link":"https:\/\/lasprimeras.com.do\/index.php\/category\/nacionales\/"},"img":{"alt_text":"","src":"https:\/\/i0.wp.com\/lasprimeras.com.do\/wp-content\/uploads\/2023\/07\/SENADO.jpg?resize=350%2C200&ssl=1","width":350,"height":200,"srcset":"https:\/\/i0.wp.com\/lasprimeras.com.do\/wp-content\/uploads\/2023\/07\/SENADO.jpg?resize=350%2C200&ssl=1 1x, https:\/\/i0.wp.com\/lasprimeras.com.do\/wp-content\/uploads\/2023\/07\/SENADO.jpg?resize=525%2C300&ssl=1 1.5x, https:\/\/i0.wp.com\/lasprimeras.com.do\/wp-content\/uploads\/2023\/07\/SENADO.jpg?resize=700%2C400&ssl=1 2x"},"classes":[]},{"id":89561,"url":"https:\/\/lasprimeras.com.do\/index.php\/2024\/09\/28\/senado-declara-de-urgencia-y-aprueba-ley-que-declara-la-necesidad-de-una-reforma-constitucional\/","url_meta":{"origin":48938,"position":1},"title":"Senado declara de urgencia y aprueba ley que declara la necesidad de una reforma constitucional","author":"Nelson Feliz","date":"28 de septiembre de 2024","format":false,"excerpt":"El Senado de la Rep\u00fablica declar\u00f3 de urgencia y aprob\u00f3 en dos lecturas consecutivas el proyecto de ley que declara la necesidad de una reforma constitucional, y ordena la reuni\u00f3n de la Asamblea Nacional Revisora. La normativa remitida por el Poder Ejecutivo fue aprobada con 25 votos de los 27\u2026","rel":"","context":"En \u00abNACIONALES\u00bb","block_context":{"text":"NACIONALES","link":"https:\/\/lasprimeras.com.do\/index.php\/category\/nacionales\/"},"img":{"alt_text":"Ricardo de los Santos","src":"https:\/\/i0.wp.com\/lasprimeras.com.do\/wp-content\/uploads\/2024\/09\/Ricardo-de-los-Santos-6.jpg?resize=350%2C200&ssl=1","width":350,"height":200,"srcset":"https:\/\/i0.wp.com\/lasprimeras.com.do\/wp-content\/uploads\/2024\/09\/Ricardo-de-los-Santos-6.jpg?resize=350%2C200&ssl=1 1x, https:\/\/i0.wp.com\/lasprimeras.com.do\/wp-content\/uploads\/2024\/09\/Ricardo-de-los-Santos-6.jpg?resize=525%2C300&ssl=1 1.5x, https:\/\/i0.wp.com\/lasprimeras.com.do\/wp-content\/uploads\/2024\/09\/Ricardo-de-los-Santos-6.jpg?resize=700%2C400&ssl=1 2x"},"classes":[]},{"id":87143,"url":"https:\/\/lasprimeras.com.do\/index.php\/2024\/08\/07\/presidente-del-senado-presenta-informe-correspondiente-al-periodo-legislativo-2023-2024\/","url_meta":{"origin":48938,"position":2},"title":"Presidente del Senado presenta informe correspondiente al per\u00edodo legislativo 2023 -2024","author":"Nelson Feliz","date":"7 de agosto de 2024","format":false,"excerpt":"Ricardo de los Santos destaca aprobaci\u00f3n de 325 iniciativas legislativas. Por Martin Restituyo El presidente del Senado Ricardo de los Santos, al presentar su informe de gesti\u00f3n dijo que el Pleno aprob\u00f3 325 iniciativas legislativas, de las cuales 45 fueron promulgadas por el Poder Ejecutivo, durante el per\u00edodo legislativo agosto\u2026","rel":"","context":"En \u00abNACIONALES\u00bb","block_context":{"text":"NACIONALES","link":"https:\/\/lasprimeras.com.do\/index.php\/category\/nacionales\/"},"img":{"alt_text":"Ricardo de los Santos","src":"https:\/\/i0.wp.com\/lasprimeras.com.do\/wp-content\/uploads\/2024\/08\/Ricardo-de-los-Santos-1.jpg?resize=350%2C200&ssl=1","width":350,"height":200,"srcset":"https:\/\/i0.wp.com\/lasprimeras.com.do\/wp-content\/uploads\/2024\/08\/Ricardo-de-los-Santos-1.jpg?resize=350%2C200&ssl=1 1x, https:\/\/i0.wp.com\/lasprimeras.com.do\/wp-content\/uploads\/2024\/08\/Ricardo-de-los-Santos-1.jpg?resize=525%2C300&ssl=1 1.5x"},"classes":[]},{"id":49360,"url":"https:\/\/lasprimeras.com.do\/index.php\/2023\/05\/03\/senado-aprueba-en-dos-lecturas-ley-de-atencion-a-las-personas-con-autismo-2\/","url_meta":{"origin":48938,"position":3},"title":"Senado aprueba en dos lecturas Ley de Atenci\u00f3n a las Personas con Autismo","author":"prenxa100","date":"3 de mayo de 2023","format":false,"excerpt":"Dentro de los beneficios que posee esta ley a favor de las personas que padecen el trastorno del espectro autista (TEA), es que contar\u00e1n con el derecho de recibir un diagn\u00f3stico y evaluaci\u00f3n temprana, accesible y sin prejuicios, servicios incluidos en el Sistema Dominicano de Seguridad Social, con cobertura dentro\u2026","rel":"","context":"En \u00abNACIONALES\u00bb","block_context":{"text":"NACIONALES","link":"https:\/\/lasprimeras.com.do\/index.php\/category\/nacionales\/"},"img":{"alt_text":"","src":"","width":0,"height":0},"classes":[]},{"id":104085,"url":"https:\/\/lasprimeras.com.do\/index.php\/2025\/07\/21\/camara-de-cuentas-impulsa-alianza-interinstitucional-para-modernizar-y-fortalecer-la-fiscalizacion-estatal\/","url_meta":{"origin":48938,"position":4},"title":"C\u00e1mara de Cuentas impulsa alianza interinstitucional para modernizar y fortalecer la fiscalizaci\u00f3n Estatal","author":"Nelson Feliz","date":"21 de julio de 2025","format":false,"excerpt":"La iniciativa busca optimizar el uso de los recursos p\u00fablicos mediante tecnolog\u00eda, transparencia y control preventivo. La C\u00e1mara de Cuentas de la Rep\u00fablica Dominicana (CCRD), en su calidad de \u00f3rgano superior de control externo del Estado, encabez\u00f3 la primera reuni\u00f3n de trabajo con la Mesa del Sistema Nacional de Fiscalizaci\u00f3n\u2026","rel":"","context":"En \u00abECONOM\u00cdA\u00bb","block_context":{"text":"ECONOM\u00cdA","link":"https:\/\/lasprimeras.com.do\/index.php\/category\/economia\/"},"img":{"alt_text":"","src":"https:\/\/i0.wp.com\/lasprimeras.com.do\/wp-content\/uploads\/2025\/07\/enma-polanco.jpg?resize=350%2C200&ssl=1","width":350,"height":200,"srcset":"https:\/\/i0.wp.com\/lasprimeras.com.do\/wp-content\/uploads\/2025\/07\/enma-polanco.jpg?resize=350%2C200&ssl=1 1x, https:\/\/i0.wp.com\/lasprimeras.com.do\/wp-content\/uploads\/2025\/07\/enma-polanco.jpg?resize=525%2C300&ssl=1 1.5x, https:\/\/i0.wp.com\/lasprimeras.com.do\/wp-content\/uploads\/2025\/07\/enma-polanco.jpg?resize=700%2C400&ssl=1 2x"},"classes":[]},{"id":85318,"url":"https:\/\/lasprimeras.com.do\/index.php\/2024\/06\/28\/abinader-promulga-nueva-ley-de-camara-de-cuentas\/","url_meta":{"origin":48938,"position":5},"title":"Abinader promulga nueva Ley de C\u00e1mara de Cuentas","author":"Nelson Feliz","date":"28 de junio de 2024","format":false,"excerpt":"\u00a0La ley ahora promulgada hab\u00eda sido observada por el presidente anteriormente, para fortalecer la efectiva funcionalidad del \u00f3rgano.\u00a0El presidente de la Rep\u00fablica Dominicana, Luis Abinader, promulg\u00f3 hoy la Ley 18-24, que a partir de ahora regular\u00e1 el funcionamiento de la C\u00e1mara de Cuentas, el \u00f3rgano superior externo de control fiscal\u2026","rel":"","context":"En \u00abNACIONALES\u00bb","block_context":{"text":"NACIONALES","link":"https:\/\/lasprimeras.com.do\/index.php\/category\/nacionales\/"},"img":{"alt_text":"","src":"https:\/\/i0.wp.com\/lasprimeras.com.do\/wp-content\/uploads\/2024\/02\/FOTO-PRINCIPAL-PALACIO-NACIONAL-e1708074506177-1.jpg?resize=350%2C200&ssl=1","width":350,"height":200,"srcset":"https:\/\/i0.wp.com\/lasprimeras.com.do\/wp-content\/uploads\/2024\/02\/FOTO-PRINCIPAL-PALACIO-NACIONAL-e1708074506177-1.jpg?resize=350%2C200&ssl=1 1x, https:\/\/i0.wp.com\/lasprimeras.com.do\/wp-content\/uploads\/2024\/02\/FOTO-PRINCIPAL-PALACIO-NACIONAL-e1708074506177-1.jpg?resize=525%2C300&ssl=1 1.5x, https:\/\/i0.wp.com\/lasprimeras.com.do\/wp-content\/uploads\/2024\/02\/FOTO-PRINCIPAL-PALACIO-NACIONAL-e1708074506177-1.jpg?resize=700%2C400&ssl=1 2x, https:\/\/i0.wp.com\/lasprimeras.com.do\/wp-content\/uploads\/2024\/02\/FOTO-PRINCIPAL-PALACIO-NACIONAL-e1708074506177-1.jpg?resize=1050%2C600&ssl=1 3x"},"classes":[]}],"jetpack_sharing_enabled":true,"_links":{"self":[{"href":"https:\/\/lasprimeras.com.do\/index.php\/wp-json\/wp\/v2\/posts\/48938","targetHints":{"allow":["GET"]}}],"collection":[{"href":"https:\/\/lasprimeras.com.do\/index.php\/wp-json\/wp\/v2\/posts"}],"about":[{"href":"https:\/\/lasprimeras.com.do\/index.php\/wp-json\/wp\/v2\/types\/post"}],"author":[{"embeddable":true,"href":"https:\/\/lasprimeras.com.do\/index.php\/wp-json\/wp\/v2\/users\/1"}],"replies":[{"embeddable":true,"href":"https:\/\/lasprimeras.com.do\/index.php\/wp-json\/wp\/v2\/comments?post=48938"}],"version-history":[{"count":0,"href":"https:\/\/lasprimeras.com.do\/index.php\/wp-json\/wp\/v2\/posts\/48938\/revisions"}],"wp:featuredmedia":[{"embeddable":true,"href":"https:\/\/lasprimeras.com.do\/index.php\/wp-json\/"}],"wp:attachment":[{"href":"https:\/\/lasprimeras.com.do\/index.php\/wp-json\/wp\/v2\/media?parent=48938"}],"wp:term":[{"taxonomy":"category","embeddable":true,"href":"https:\/\/lasprimeras.com.do\/index.php\/wp-json\/wp\/v2\/categories?post=48938"},{"taxonomy":"post_tag","embeddable":true,"href":"https:\/\/lasprimeras.com.do\/index.php\/wp-json\/wp\/v2\/tags?post=48938"}],"curies":[{"name":"wp","href":"https:\/\/api.w.org\/{rel}","templated":true}]}}