{"id":48941,"date":"2023-05-05T12:41:11","date_gmt":"2023-05-05T16:41:11","guid":{"rendered":"https:\/\/atento.com.do\/?p=48941"},"modified":"2023-05-05T12:41:11","modified_gmt":"2023-05-05T16:41:11","slug":"avanza-pacto-de-nacion-frente-crisis-haitiana-convocado-por-presidente-abinader","status":"publish","type":"post","link":"https:\/\/lasprimeras.com.do\/index.php\/2023\/05\/05\/avanza-pacto-de-nacion-frente-crisis-haitiana-convocado-por-presidente-abinader\/","title":{"rendered":"Avanza Pacto de Naci\u00f3n frente crisis haitiana convocado por presidente Abinader"},"content":{"rendered":"\n<p>El funcionario precis\u00f3 que los trabajos se han estado desarroll\u00e1ndose de manera amplia, plural y participativa durante las \u00faltimas semanas.<\/p>\n\n\n\n<p>Por Wilson P\u00e9rez<\/p>\n\n\n\n<p><strong>Santo Domingo.- <\/strong>El viceministro Administrativo de la Presidencia, Andr\u00e9s Lugo Risk, inform\u00f3 este viernes que avanzan los trabajos para la firma de un gran Pacto de Naci\u00f3n frente a la crisis haitiana convocado por el presidente Luis Abinader en su rendici\u00f3n de cuentas ante la Asamblea Nacional el pasado 27 de febrero.<\/p>\n\n\n\n<p>El funcionario precis\u00f3 que los trabajos se han estado desarroll\u00e1ndose de manera amplia, plural y participativa durante las \u00faltimas semanas.<\/p>\n\n\n\n<p>En un comunicado de prensa, el viceministro Lugo Risk, indic\u00f3 que representantes de 25 agrupaciones pol\u00edticas, intelectuales y acad\u00e9micos, as\u00ed como representantes de diversas \u00e1reas del gobierno se han mantenido participando en los espacios de debate y presentaci\u00f3n de propuestas que se han creado para conciliar los distintos criterios de especialistas y conocedores de este tema.<\/p>\n\n\n\n<p>Adem\u00e1s, inform\u00f3 que se han conformado cuatro comisiones de trabajo por ejes tem\u00e1ticos: pol\u00edtica exterior, pol\u00edtica migratoria, impacto econ\u00f3mico y control fronterizo. Tres de \u00e9stas ya dan los \u00faltimos toques a sus propuestas finales, consensuadas y elaboradas luego de numerosas reuniones en el Palacio Nacional, el Archivo General de la Naci\u00f3n y el Ministerio de Trabajo.<\/p>\n\n\n\n<p>En las pr\u00f3ximas semanas tambi\u00e9n se llevar\u00e1n a cabo importantes anuncios de acciones y medidas que se han articulado en estos encuentros y que han surgido del consenso de estos actores, provenientes de diferentes sectores de la vida del pa\u00eds, unidos por el inter\u00e9s com\u00fan de defender y preservar el inter\u00e9s nacional. Estas propuestas contar\u00e1n con el apoyo del gobierno del presidente Abinader.<\/p>\n\n\n\n<p>Los l\u00edderes pol\u00edticos que han estado participando de manera activa en estos grupos son: Rogelio Genao y Rafael Cruz, por el PRSC; El\u00edas Wessin, por el PQDC; Max Puig y Carlos S\u00e1nchez, por la APD; Pelegr\u00edn Castillo, por la FNP; Luis Miguel De Camps, Juan Estevez y Ricardo Polanco, por el PRSD; Maritza L\u00f3pez, por el PAL; Elsido D\u00edaz, por MODA; Jorge Zorrilla Ozuna, por el PCR; Luis Acosta Moreta, por el PUCR; Julio C\u00e9sar Valent\u00edn y Benedicto Hern\u00e1ndez, por Justicia Social.<\/p>\n\n\n\n<p>Tambi\u00e9n han laborado en las mencionadas comisiones, por el partido DxC, Mateo Espaillat, Manuel Mont\u00e1s y Manuel Oviedo; por Pa\u00eds Posible, Milton Morrison; por el Partido Verde, Antolin Polanco; Wenshy Medina, BIS; Ram\u00f3n Goris y Elexido Paula, PHD; Eddy Olivares y Jos\u00e9 Julio G\u00f3mez, PRM; Trajano Santana, PRI; Ismael Reyes, PDI; Antonio Marte y Jean Marte, PPG; Juan Cohen, PNVC; Juan Hubieres, MR; Peter Aristy y Amaury Guzm\u00e1n, PLR; Modesto Guzm\u00e1n, MNB; Soraya Aquino, PSC; y Pablo Yarull, por el PPP.<\/p>\n\n\n\n<p>Los acad\u00e9micos e intelectuales integrados en los trabajos son: Juan Daniel Balc\u00e1cer, Roberto Cass\u00e1, Eduardo Garc\u00eda Michel y Fernando Ferr\u00e1n, quienes coordinan las cuatro comisiones. Igualmente participan Bernardo Vega, Juan Miguel Castillo Pantale\u00f3n, Wilfredo Lozano, Julio Ortega Tous, Luis Humberto Vargas, Manuel Nu\u00f1ez, Iv\u00e1n Gat\u00f3n, Miguel Fiallo, Raul De Moya Espa\u00f1ol, Miguel Reyes S\u00e1nchez, Jos\u00e9 Miguel V\u00e1squez, Manuel Robles, Humberto P\u00e9rez y Manuel Berg\u00e9s.<\/p>\n","protected":false},"excerpt":{"rendered":"<p>El funcionario precis\u00f3 que los trabajos se han estado desarroll\u00e1ndose de manera amplia, plural y participativa durante las \u00faltimas semanas. Por Wilson P\u00e9rez Santo Domingo.- El viceministro Administrativo de la&hellip;<\/p>\n","protected":false},"author":1,"featured_media":48942,"comment_status":"open","ping_status":"open","sticky":false,"template":"","format":"standard","meta":{"content-type":"","jetpack_post_was_ever_published":false,"_jetpack_newsletter_access":"","_jetpack_dont_email_post_to_subs":false,"_jetpack_newsletter_tier_id":0,"_jetpack_memberships_contains_paywalled_content":false,"_jetpack_memberships_contains_paid_content":false,"footnotes":""},"categories":[35,25],"tags":[609,264,67,610,611],"class_list":["post-48941","post","type-post","status-publish","format-standard","has-post-thumbnail","hentry","category-nacionales","category-portada","tag-avanza","tag-crisis-haitiana","tag-luis-abinader","tag-nacion","tag-pacto"],"jetpack_featured_media_url":"","jetpack-related-posts":[{"id":65247,"url":"https:\/\/lasprimeras.com.do\/index.php\/2023\/10\/26\/presidente-abinader-firma-pacto-de-nacion-por-crisis-haitiana\/","url_meta":{"origin":48941,"position":0},"title":"Presidente Abinader firma pacto de Naci\u00f3n por Crisis haitiana","author":"Nelson Feliz","date":"26 de octubre de 2023","format":false,"excerpt":"-Mandatario hace llamado a partidos pol\u00edticos ausentes a participar con un sentido nacional y patri\u00f3tico. -En el Pacto trabajaron y firmaron 28 partidos pol\u00edticos y 23 acad\u00e9micos e intelectuales, incluyendo siete rectores de universidades. El presidente Luis Abinader firm\u00f3 al pa\u00eds el Pacto de Naci\u00f3n por la crisis de Hait\u00ed,\u2026","rel":"","context":"En \u00abNACIONALES\u00bb","block_context":{"text":"NACIONALES","link":"https:\/\/lasprimeras.com.do\/index.php\/category\/nacionales\/"},"img":{"alt_text":"Luis Abinader","src":"https:\/\/i0.wp.com\/lasprimeras.com.do\/wp-content\/uploads\/2023\/10\/Luis-Abinader-3-2.jpg?resize=350%2C200&ssl=1","width":350,"height":200,"srcset":"https:\/\/i0.wp.com\/lasprimeras.com.do\/wp-content\/uploads\/2023\/10\/Luis-Abinader-3-2.jpg?resize=350%2C200&ssl=1 1x, https:\/\/i0.wp.com\/lasprimeras.com.do\/wp-content\/uploads\/2023\/10\/Luis-Abinader-3-2.jpg?resize=525%2C300&ssl=1 1.5x, https:\/\/i0.wp.com\/lasprimeras.com.do\/wp-content\/uploads\/2023\/10\/Luis-Abinader-3-2.jpg?resize=700%2C400&ssl=1 2x"},"classes":[]},{"id":61331,"url":"https:\/\/lasprimeras.com.do\/index.php\/2023\/09\/25\/delegacion-dominicana-presentara-ante-el-parlacen-crisis-haitiana-y-violacion-frontera\/","url_meta":{"origin":48941,"position":1},"title":"Delegaci\u00f3n dominicana presentar\u00e1 ante el PARLACEN crisis haitiana y violaci\u00f3n frontera","author":"Nelson Feliz","date":"25 de septiembre de 2023","format":false,"excerpt":"Una delegaci\u00f3n dominicana designada por el presidente Luis Abinader se traslad\u00f3 a El Salvador para participar en la Asamblea Plenaria del Parlamento Centroamericano (PARLACEN), donde presentar\u00e1 el impacto de la crisis de Hait\u00ed en la Rep\u00fablica Dominicana y la necesidad urgente de acudir al llamado del gobierno haitiano de una\u2026","rel":"","context":"En \u00abSin categor\u00eda\u00bb","block_context":{"text":"Sin categor\u00eda","link":"https:\/\/lasprimeras.com.do\/index.php\/category\/sin-categoria\/"},"img":{"alt_text":"PARLACEN","src":"https:\/\/i0.wp.com\/lasprimeras.com.do\/wp-content\/uploads\/2023\/09\/PARLACEN.jpg?resize=350%2C200&ssl=1","width":350,"height":200,"srcset":"https:\/\/i0.wp.com\/lasprimeras.com.do\/wp-content\/uploads\/2023\/09\/PARLACEN.jpg?resize=350%2C200&ssl=1 1x, https:\/\/i0.wp.com\/lasprimeras.com.do\/wp-content\/uploads\/2023\/09\/PARLACEN.jpg?resize=525%2C300&ssl=1 1.5x, https:\/\/i0.wp.com\/lasprimeras.com.do\/wp-content\/uploads\/2023\/09\/PARLACEN.jpg?resize=700%2C400&ssl=1 2x"},"classes":[]},{"id":108701,"url":"https:\/\/lasprimeras.com.do\/index.php\/2025\/09\/09\/ces-entrega-informe-final-sobre-crisis-haitiana-al-presidente-abinader\/","url_meta":{"origin":48941,"position":2},"title":"CES entrega informe final sobre crisis haitiana al presidente Abinader","author":"Nelson Feliz","date":"9 de septiembre de 2025","format":false,"excerpt":"En los pr\u00f3ximos d\u00edas ser\u00e1n entregados a cada expresidente de la Rep\u00fablica; el contenido del documento se har\u00e1 p\u00fablico el pr\u00f3ximo martes 16 de septiembre a las 2pm. El informe contempla 26 l\u00edneas de acci\u00f3n y un total de 151 propuestas que condensan e integran los acuerdos arribados. El Consejo\u2026","rel":"","context":"En \u00abECONOM\u00cdA\u00bb","block_context":{"text":"ECONOM\u00cdA","link":"https:\/\/lasprimeras.com.do\/index.php\/category\/economia\/"},"img":{"alt_text":"","src":"https:\/\/i0.wp.com\/lasprimeras.com.do\/wp-content\/uploads\/2025\/09\/Luis-Abinader-1-1.jpg?resize=350%2C200&ssl=1","width":350,"height":200,"srcset":"https:\/\/i0.wp.com\/lasprimeras.com.do\/wp-content\/uploads\/2025\/09\/Luis-Abinader-1-1.jpg?resize=350%2C200&ssl=1 1x, https:\/\/i0.wp.com\/lasprimeras.com.do\/wp-content\/uploads\/2025\/09\/Luis-Abinader-1-1.jpg?resize=525%2C300&ssl=1 1.5x, https:\/\/i0.wp.com\/lasprimeras.com.do\/wp-content\/uploads\/2025\/09\/Luis-Abinader-1-1.jpg?resize=700%2C400&ssl=1 2x"},"classes":[]},{"id":100026,"url":"https:\/\/lasprimeras.com.do\/index.php\/2025\/05\/30\/abinader-convoca-expresidentes-al-ces-ante-crisis-haitiana\/","url_meta":{"origin":48941,"position":3},"title":"Abinader convoca expresidentes al CES ante crisis haitiana","author":"Nelson Feliz","date":"30 de mayo de 2025","format":false,"excerpt":"La invitaci\u00f3n consensuada busca establecer una estrategia de Estado frente al impacto creciente de la crisis en Hait\u00ed sobre la Rep\u00fablica Dominicana. En atenci\u00f3n a la grave crisis que atraviesa la Rep\u00fablica de Hait\u00ed y sus crecientes implicaciones para la Rep\u00fablica Dominicana, el presidente constitucional Luis Abinader, en consenso con\u2026","rel":"","context":"En \u00abPOLITICA\u00bb","block_context":{"text":"POLITICA","link":"https:\/\/lasprimeras.com.do\/index.php\/category\/politica\/"},"img":{"alt_text":"LUIS ABINADER","src":"https:\/\/i0.wp.com\/lasprimeras.com.do\/wp-content\/uploads\/2025\/04\/LUIS-ABINADER-PC.jpg?resize=350%2C200&ssl=1","width":350,"height":200,"srcset":"https:\/\/i0.wp.com\/lasprimeras.com.do\/wp-content\/uploads\/2025\/04\/LUIS-ABINADER-PC.jpg?resize=350%2C200&ssl=1 1x, https:\/\/i0.wp.com\/lasprimeras.com.do\/wp-content\/uploads\/2025\/04\/LUIS-ABINADER-PC.jpg?resize=525%2C300&ssl=1 1.5x, https:\/\/i0.wp.com\/lasprimeras.com.do\/wp-content\/uploads\/2025\/04\/LUIS-ABINADER-PC.jpg?resize=700%2C400&ssl=1 2x"},"classes":[]},{"id":65208,"url":"https:\/\/lasprimeras.com.do\/index.php\/2023\/10\/26\/abinader-y-28-partidos-firman-un-pacto-para-lidiar-con-crisis-haiti\/","url_meta":{"origin":48941,"position":4},"title":"Abinader y 28 partidos firman un pacto para lidiar con crisis Hait\u00ed","author":"BIMARY DE JES\u00daS Matos","date":"26 de octubre de 2023","format":false,"excerpt":"SANTO DOMINGO.- El Gobierno y 20 intelectuales y representantes de partidos pol\u00edticos firmaron el Pacto Nacional para la Formulaci\u00f3n y Ejecuci\u00f3n de Pol\u00edticas de Estado para hacer frente a los efectos en el pa\u00eds de la crisis en Hait\u00ed. En la firma del acuerdo, que abarca las pol\u00edticas de Relaciones\u2026","rel":"","context":"En \u00abPORTADA\u00bb","block_context":{"text":"PORTADA","link":"https:\/\/lasprimeras.com.do\/index.php\/category\/portada\/"},"img":{"alt_text":"","src":"https:\/\/i0.wp.com\/lasprimeras.com.do\/wp-content\/uploads\/2023\/10\/WhatsApp-Image-2023-10-26-at-11.41.06-AM.webp?resize=350%2C200&ssl=1","width":350,"height":200,"srcset":"https:\/\/i0.wp.com\/lasprimeras.com.do\/wp-content\/uploads\/2023\/10\/WhatsApp-Image-2023-10-26-at-11.41.06-AM.webp?resize=350%2C200&ssl=1 1x, https:\/\/i0.wp.com\/lasprimeras.com.do\/wp-content\/uploads\/2023\/10\/WhatsApp-Image-2023-10-26-at-11.41.06-AM.webp?resize=525%2C300&ssl=1 1.5x, https:\/\/i0.wp.com\/lasprimeras.com.do\/wp-content\/uploads\/2023\/10\/WhatsApp-Image-2023-10-26-at-11.41.06-AM.webp?resize=700%2C400&ssl=1 2x"},"classes":[]},{"id":103120,"url":"https:\/\/lasprimeras.com.do\/index.php\/2025\/07\/11\/abinader-resalta-consenso-nacional-ante-crisis-haitiana-tras-reunion-con-ex-presidente-hipolito-mejia\/","url_meta":{"origin":48941,"position":5},"title":"Abinader resalta consenso nacional ante crisis haitiana, tras reuni\u00f3n con ex presidente Hip\u00f3lito Mej\u00eda","author":"Nelson Feliz","date":"11 de julio de 2025","format":false,"excerpt":"Mandatario rechaza cuestionamientos de Amnist\u00eda Internacional sobre pol\u00edtica migratoria de la Rep\u00fablica Dominicana. El presidente Luis Abinader destac\u00f3 este viernes el alto nivel de consenso nacional que se ha venido construyendo frente a la crisis haitiana, tras sostener una reuni\u00f3n con el ex presidente Hip\u00f3lito Mej\u00eda y los equipos t\u00e9cnicos\u2026","rel":"","context":"En \u00abNACIONALES\u00bb","block_context":{"text":"NACIONALES","link":"https:\/\/lasprimeras.com.do\/index.php\/category\/nacionales\/"},"img":{"alt_text":"","src":"https:\/\/i0.wp.com\/lasprimeras.com.do\/wp-content\/uploads\/2025\/07\/HIPO-Y-LUIS-1.jpg?resize=350%2C200&ssl=1","width":350,"height":200,"srcset":"https:\/\/i0.wp.com\/lasprimeras.com.do\/wp-content\/uploads\/2025\/07\/HIPO-Y-LUIS-1.jpg?resize=350%2C200&ssl=1 1x, https:\/\/i0.wp.com\/lasprimeras.com.do\/wp-content\/uploads\/2025\/07\/HIPO-Y-LUIS-1.jpg?resize=525%2C300&ssl=1 1.5x, https:\/\/i0.wp.com\/lasprimeras.com.do\/wp-content\/uploads\/2025\/07\/HIPO-Y-LUIS-1.jpg?resize=700%2C400&ssl=1 2x"},"classes":[]}],"jetpack_sharing_enabled":true,"_links":{"self":[{"href":"https:\/\/lasprimeras.com.do\/index.php\/wp-json\/wp\/v2\/posts\/48941","targetHints":{"allow":["GET"]}}],"collection":[{"href":"https:\/\/lasprimeras.com.do\/index.php\/wp-json\/wp\/v2\/posts"}],"about":[{"href":"https:\/\/lasprimeras.com.do\/index.php\/wp-json\/wp\/v2\/types\/post"}],"author":[{"embeddable":true,"href":"https:\/\/lasprimeras.com.do\/index.php\/wp-json\/wp\/v2\/users\/1"}],"replies":[{"embeddable":true,"href":"https:\/\/lasprimeras.com.do\/index.php\/wp-json\/wp\/v2\/comments?post=48941"}],"version-history":[{"count":0,"href":"https:\/\/lasprimeras.com.do\/index.php\/wp-json\/wp\/v2\/posts\/48941\/revisions"}],"wp:featuredmedia":[{"embeddable":true,"href":"https:\/\/lasprimeras.com.do\/index.php\/wp-json\/"}],"wp:attachment":[{"href":"https:\/\/lasprimeras.com.do\/index.php\/wp-json\/wp\/v2\/media?parent=48941"}],"wp:term":[{"taxonomy":"category","embeddable":true,"href":"https:\/\/lasprimeras.com.do\/index.php\/wp-json\/wp\/v2\/categories?post=48941"},{"taxonomy":"post_tag","embeddable":true,"href":"https:\/\/lasprimeras.com.do\/index.php\/wp-json\/wp\/v2\/tags?post=48941"}],"curies":[{"name":"wp","href":"https:\/\/api.w.org\/{rel}","templated":true}]}}