{"id":48951,"date":"2023-05-05T13:35:51","date_gmt":"2023-05-05T17:35:51","guid":{"rendered":"https:\/\/atento.com.do\/?p=48951"},"modified":"2023-05-05T13:35:51","modified_gmt":"2023-05-05T17:35:51","slug":"luis-el-gallo-pide-sicologos-en-escuelas-para-prevenir-violencia","status":"publish","type":"post","link":"https:\/\/lasprimeras.com.do\/index.php\/2023\/05\/05\/luis-el-gallo-pide-sicologos-en-escuelas-para-prevenir-violencia\/","title":{"rendered":"Luis\u00a0\u201cEl Gallo\u201d pide sic\u00f3logos\u00a0en escuelas, para prevenir\u00a0violencia"},"content":{"rendered":"\n<p><strong>SANTO DOMINGO.-.<\/strong>El presidente de la Uni\u00f3n Dem\u00f3crata Cristiana, -UDC-, Luis Acosta Moreta, Luis \u201cEl Gallo\u201d, pidi\u00f3 hoy al ministerio de Educaci\u00f3n que designe sic\u00f3logos y orientadores en todas las escuelas, para reducir los \u00edndices de violencia, y los embarazos\u00a0\u00a0de adolescentes.<\/p>\n\n\n\n<p>Se\u00f1al\u00f3 que al d\u00eda de hoy una parte considerable de los planteles escolares se han convertido en zonas generadoras de violencia, y hasta desenfreno sexual, que en determinados casos ha provocado org\u00edas y&nbsp;&nbsp;desgracias.<\/p>\n\n\n\n<p>Reclam\u00f3 del&nbsp;&nbsp;ministerio de Educaci\u00f3n que aunque sea en forma&nbsp;&nbsp;coordinada en horarios rotativos, en las instituciones escolares p\u00fablicas siempre est\u00e9 a mano un orientador para tratar los problemas propios de los ni\u00f1os y adolescentes.<\/p>\n\n\n\n<p>Se\u00f1al\u00f3 que hay muchos hogares que naufragan por problemas de pareja, que en ocasiones est\u00e1n matizados por la crisis econ\u00f3mica, lo cual genera hechos de violencia e intolerancia, que se reflejan en la conducta de los ni\u00f1os.<\/p>\n\n\n\n<p>Resalt\u00f3 que en la mayor\u00eda de las escuelas dominicanas no hay orientadores y sic\u00f3logos, por lo que nadie puede someter a&nbsp;&nbsp;terapia y prevenci\u00f3n&nbsp;&nbsp;a los chicas y chicos rebeldes.<\/p>\n\n\n\n<p>Luis \u201cEl Gallo\u201d dijo que esa falta de orientaci\u00f3n dentro de los adolescentes dominicana se manifiesta en los cuadros de violencia que presenta la juventud, y los miles de ni\u00f1as que salen embarazadas desde los 12 a\u00f1os o menos.<\/p>\n\n\n\n<p>Otro grave problema de la educaci\u00f3n es que debido a la falta de orientaci\u00f3n profesional, cada d\u00eda aumenta la deserci\u00f3n escolar, lo que cierra las oportunidades de un mejor porvenir a las muchachas y muchachos que abandonan las escuelas antes de terminar el bachillerato.<\/p>\n\n\n\n<p>Afirm\u00f3 que es revelador y llama a la reflexi\u00f3n la cantidad de ni\u00f1os que arrancan&nbsp;&nbsp;en el primer curso y luego&nbsp;&nbsp;abandonan las aulas desde el quinto nivel, para nunca jam\u00e1s volver.<\/p>\n","protected":false},"excerpt":{"rendered":"<p>SANTO DOMINGO.-.El presidente de la Uni\u00f3n Dem\u00f3crata Cristiana, -UDC-, Luis Acosta Moreta, Luis \u201cEl Gallo\u201d, pidi\u00f3 hoy al ministerio de Educaci\u00f3n que designe sic\u00f3logos y orientadores en todas las escuelas,&hellip;<\/p>\n","protected":false},"author":1,"featured_media":47979,"comment_status":"open","ping_status":"open","sticky":false,"template":"","format":"standard","meta":{"content-type":"","jetpack_post_was_ever_published":false,"_jetpack_newsletter_access":"","_jetpack_dont_email_post_to_subs":false,"_jetpack_newsletter_tier_id":0,"_jetpack_memberships_contains_paywalled_content":false,"_jetpack_memberships_contains_paid_content":false,"footnotes":""},"categories":[1],"tags":[561],"class_list":["post-48951","post","type-post","status-publish","format-standard","has-post-thumbnail","hentry","category-sin-categoria","tag-luis-acosta-moreta"],"jetpack_featured_media_url":"","jetpack-related-posts":[{"id":107104,"url":"https:\/\/lasprimeras.com.do\/index.php\/2025\/08\/22\/luis-el-gallo-reparte-libros-y-mascotas-proclama-el-ano-escolar-de-la-disciplina-y-los-valores-patrios\/","url_meta":{"origin":48951,"position":0},"title":"Luis \u201cEl Gallo\u201d reparte libros y mascotas; proclama el A\u00f1o Escolar de la Disciplina y los Valores Patrios","author":"Nelson Feliz","date":"22 de agosto de 2025","format":false,"excerpt":"El presidente de la Uni\u00f3n Dem\u00f3crata Cristiana (UDC), Luis Acosta Moreta, Luis \u201cEl Gallo\u201d, encabez\u00f3 jornadas de entrega de libros y \u00fatiles escolares a ni\u00f1os y ni\u00f1as de los barrios m\u00e1s pobres del Gran Santo Domingo, incluyendo Villas Agr\u00edcolas, San Carlos, El T\u00fanel de Capotillo, La 42, La Ci\u00e9naga, Cristo\u2026","rel":"","context":"En \u00abPOLITICA\u00bb","block_context":{"text":"POLITICA","link":"https:\/\/lasprimeras.com.do\/index.php\/category\/politica\/"},"img":{"alt_text":"","src":"https:\/\/i0.wp.com\/lasprimeras.com.do\/wp-content\/uploads\/2025\/08\/GALLO-1.jpg?resize=350%2C200&ssl=1","width":350,"height":200,"srcset":"https:\/\/i0.wp.com\/lasprimeras.com.do\/wp-content\/uploads\/2025\/08\/GALLO-1.jpg?resize=350%2C200&ssl=1 1x, https:\/\/i0.wp.com\/lasprimeras.com.do\/wp-content\/uploads\/2025\/08\/GALLO-1.jpg?resize=525%2C300&ssl=1 1.5x, https:\/\/i0.wp.com\/lasprimeras.com.do\/wp-content\/uploads\/2025\/08\/GALLO-1.jpg?resize=700%2C400&ssl=1 2x"},"classes":[]},{"id":85831,"url":"https:\/\/lasprimeras.com.do\/index.php\/2024\/07\/09\/luis-el-gallo-pide-eliminar-pruebas-nacionales-y-colocar-en-el-pensum-escolar-la-moral-y-civica\/","url_meta":{"origin":48951,"position":1},"title":"Luis \u201cEl Gallo\u201d pide eliminar pruebas nacionales y colocar en el pensum escolar la Moral y C\u00edvica","author":"Nelson Feliz","date":"9 de julio de 2024","format":false,"excerpt":"El presidente de la Uni\u00f3n Dem\u00f3crata Cristiana, Luis Acosta Moreta, Luis \u201cEl Gallo\u201d, pidi\u00f3\u00a0 que hoy que de inmediato, con miras al nuevo a\u00f1o escolar, se debe colocar en el pensum la \u201cMoral y C\u00edvica\u201d, y eliminar las Pruebas Nacionales. Destac\u00f3 que la violencia en las aulas se debe al\u2026","rel":"","context":"En \u00abSin categor\u00eda\u00bb","block_context":{"text":"Sin categor\u00eda","link":"https:\/\/lasprimeras.com.do\/index.php\/category\/sin-categoria\/"},"img":{"alt_text":"","src":"https:\/\/i0.wp.com\/lasprimeras.com.do\/wp-content\/uploads\/2024\/07\/Luis-Acosta-Moreta.jpg?resize=350%2C200&ssl=1","width":350,"height":200,"srcset":"https:\/\/i0.wp.com\/lasprimeras.com.do\/wp-content\/uploads\/2024\/07\/Luis-Acosta-Moreta.jpg?resize=350%2C200&ssl=1 1x, https:\/\/i0.wp.com\/lasprimeras.com.do\/wp-content\/uploads\/2024\/07\/Luis-Acosta-Moreta.jpg?resize=525%2C300&ssl=1 1.5x, https:\/\/i0.wp.com\/lasprimeras.com.do\/wp-content\/uploads\/2024\/07\/Luis-Acosta-Moreta.jpg?resize=700%2C400&ssl=1 2x"},"classes":[]},{"id":55881,"url":"https:\/\/lasprimeras.com.do\/index.php\/2023\/07\/26\/luis-el-gallo-apoya-acuerdos-educacion-adp\/","url_meta":{"origin":48951,"position":2},"title":"Luis \u201cEl Gallo\u201d apoya acuerdos Educaci\u00f3n-ADP","author":"Nelson Feliz","date":"26 de julio de 2023","format":false,"excerpt":"Acuerdo enfrentar\u00e1 suspensiones irresponsables de la docencia. El presidente de la Uni\u00f3n Dem\u00f3crata Cristiana, -UDC- Luis Acosta Moreta, Luis \u201cEl Gallo\u201d, consider\u00f3 muy positivo el acuerdo por el mejoramiento de la docencia, firmado entre la Asociaci\u00f3n Dominicana de Profesores y el Ministerio de Educaci\u00f3n. Pero asegur\u00f3 que lo m\u00e1s importante\u2026","rel":"","context":"En \u00abPORTADA\u00bb","block_context":{"text":"PORTADA","link":"https:\/\/lasprimeras.com.do\/index.php\/category\/portada\/"},"img":{"alt_text":"Luis Acosta Moreta","src":"https:\/\/i0.wp.com\/lasprimeras.com.do\/wp-content\/uploads\/2023\/07\/Luis-Acosta-Moreta-1-2.jpg?resize=350%2C200&ssl=1","width":350,"height":200,"srcset":"https:\/\/i0.wp.com\/lasprimeras.com.do\/wp-content\/uploads\/2023\/07\/Luis-Acosta-Moreta-1-2.jpg?resize=350%2C200&ssl=1 1x, https:\/\/i0.wp.com\/lasprimeras.com.do\/wp-content\/uploads\/2023\/07\/Luis-Acosta-Moreta-1-2.jpg?resize=525%2C300&ssl=1 1.5x, https:\/\/i0.wp.com\/lasprimeras.com.do\/wp-content\/uploads\/2023\/07\/Luis-Acosta-Moreta-1-2.jpg?resize=700%2C400&ssl=1 2x"},"classes":[]},{"id":58844,"url":"https:\/\/lasprimeras.com.do\/index.php\/2023\/08\/28\/luis-el-gallo-aperturo-el-ano-escolar-y-sube-la-bandera-de-verdad-y-baja-la-que-promueven-los-traidores\/","url_meta":{"origin":48951,"position":3},"title":"Luis &#8220;El Gallo&#8221; apertur\u00f3 el a\u00f1o escolar y sube la Bandera de Verdad y baja la que promueven los traidores.","author":"Nelson Feliz","date":"28 de agosto de 2023","format":false,"excerpt":"El presidente de la Uni\u00f3n Dem\u00f3crata Cristiana \u2013UDC-, Luis Acosta Moreta, Luis \u201cEl Gallo\u201d, pidi\u00f3 hoy, en el inicio del a\u00f1o escolar, que se corrija el tono azul de la Bandera Nacional, que hoy tiene los colores propios de la ense\u00f1a haitiana. Asimismo se\u00f1al\u00f3 que los cuadernos escolares deben tener\u2026","rel":"","context":"En \u00abSin categor\u00eda\u00bb","block_context":{"text":"Sin categor\u00eda","link":"https:\/\/lasprimeras.com.do\/index.php\/category\/sin-categoria\/"},"img":{"alt_text":"Luis Acosta Moreta","src":"https:\/\/i0.wp.com\/lasprimeras.com.do\/wp-content\/uploads\/2023\/08\/El-Gallo.jpg?resize=350%2C200&ssl=1","width":350,"height":200,"srcset":"https:\/\/i0.wp.com\/lasprimeras.com.do\/wp-content\/uploads\/2023\/08\/El-Gallo.jpg?resize=350%2C200&ssl=1 1x, https:\/\/i0.wp.com\/lasprimeras.com.do\/wp-content\/uploads\/2023\/08\/El-Gallo.jpg?resize=525%2C300&ssl=1 1.5x, https:\/\/i0.wp.com\/lasprimeras.com.do\/wp-content\/uploads\/2023\/08\/El-Gallo.jpg?resize=700%2C400&ssl=1 2x"},"classes":[]},{"id":88253,"url":"https:\/\/lasprimeras.com.do\/index.php\/2024\/08\/25\/luis-el-gallo-distribuye-utiles-escolares-en-el-sector-de-san-carlos\/","url_meta":{"origin":48951,"position":4},"title":"Luis \u00abEl Gallo\u00bb distribuye \u00fatiles escolares en el sector de San Carlos","author":"Nelson Feliz","date":"25 de agosto de 2024","format":false,"excerpt":"El presidente del Partido Uni\u00f3n Dem\u00f3crata Cristiana \u2013UDC-, Luis Acosta Moreta \u00abEl Gallo\u00bb, distribuy\u00f3 este s\u00e1bado, \u00fatiles escolares a cientos de ni\u00f1os esta vez en el sector San Carlos, Distrito Nacional por motivo del regreso a clases 2024, este lunes 26 de agosto. \u00abNuestro deseo es que en el pa\u00eds\u2026","rel":"","context":"En \u00abNACIONALES\u00bb","block_context":{"text":"NACIONALES","link":"https:\/\/lasprimeras.com.do\/index.php\/category\/nacionales\/"},"img":{"alt_text":"Luis Acosta Moreta","src":"https:\/\/i0.wp.com\/lasprimeras.com.do\/wp-content\/uploads\/2024\/08\/Luis-Acosta-Moreta-1-1.jpg?resize=350%2C200&ssl=1","width":350,"height":200,"srcset":"https:\/\/i0.wp.com\/lasprimeras.com.do\/wp-content\/uploads\/2024\/08\/Luis-Acosta-Moreta-1-1.jpg?resize=350%2C200&ssl=1 1x, https:\/\/i0.wp.com\/lasprimeras.com.do\/wp-content\/uploads\/2024\/08\/Luis-Acosta-Moreta-1-1.jpg?resize=525%2C300&ssl=1 1.5x, https:\/\/i0.wp.com\/lasprimeras.com.do\/wp-content\/uploads\/2024\/08\/Luis-Acosta-Moreta-1-1.jpg?resize=700%2C400&ssl=1 2x"},"classes":[]},{"id":101691,"url":"https:\/\/lasprimeras.com.do\/index.php\/2025\/06\/25\/luis-el-gallo-la-udc-tiene-compromiso-con-el-fortalecimiento-de-la-democracia-e-institucionalidad\/","url_meta":{"origin":48951,"position":5},"title":"Luis \u201cEl Gallo\u201d: \u201cLa UDC tiene compromiso con el fortalecimiento de la democracia e institucionalidad\u201d","author":"Nelson Feliz","date":"25 de junio de 2025","format":false,"excerpt":"El presidente de la Uni\u00f3n Dem\u00f3crata Cristiana \u2013UDC-, Luis Acosta Moreta, Luis \u201cEl Gallo\u201d, dijo hoy que tiene un compromiso con el fortalecimiento de la democracia, las libertades p\u00fablicas y la acci\u00f3n social. Destac\u00f3 que los principios b\u00e1sicos de la UDC llevan a su partido a ser un baluarte en\u2026","rel":"","context":"En \u00abPOLITICA\u00bb","block_context":{"text":"POLITICA","link":"https:\/\/lasprimeras.com.do\/index.php\/category\/politica\/"},"img":{"alt_text":"Luis Acosta Moreta","src":"https:\/\/i0.wp.com\/lasprimeras.com.do\/wp-content\/uploads\/2025\/06\/Luis-Acosta-Moreta-1.jpg?resize=350%2C200&ssl=1","width":350,"height":200,"srcset":"https:\/\/i0.wp.com\/lasprimeras.com.do\/wp-content\/uploads\/2025\/06\/Luis-Acosta-Moreta-1.jpg?resize=350%2C200&ssl=1 1x, https:\/\/i0.wp.com\/lasprimeras.com.do\/wp-content\/uploads\/2025\/06\/Luis-Acosta-Moreta-1.jpg?resize=525%2C300&ssl=1 1.5x, https:\/\/i0.wp.com\/lasprimeras.com.do\/wp-content\/uploads\/2025\/06\/Luis-Acosta-Moreta-1.jpg?resize=700%2C400&ssl=1 2x"},"classes":[]}],"jetpack_sharing_enabled":true,"_links":{"self":[{"href":"https:\/\/lasprimeras.com.do\/index.php\/wp-json\/wp\/v2\/posts\/48951","targetHints":{"allow":["GET"]}}],"collection":[{"href":"https:\/\/lasprimeras.com.do\/index.php\/wp-json\/wp\/v2\/posts"}],"about":[{"href":"https:\/\/lasprimeras.com.do\/index.php\/wp-json\/wp\/v2\/types\/post"}],"author":[{"embeddable":true,"href":"https:\/\/lasprimeras.com.do\/index.php\/wp-json\/wp\/v2\/users\/1"}],"replies":[{"embeddable":true,"href":"https:\/\/lasprimeras.com.do\/index.php\/wp-json\/wp\/v2\/comments?post=48951"}],"version-history":[{"count":0,"href":"https:\/\/lasprimeras.com.do\/index.php\/wp-json\/wp\/v2\/posts\/48951\/revisions"}],"wp:featuredmedia":[{"embeddable":true,"href":"https:\/\/lasprimeras.com.do\/index.php\/wp-json\/"}],"wp:attachment":[{"href":"https:\/\/lasprimeras.com.do\/index.php\/wp-json\/wp\/v2\/media?parent=48951"}],"wp:term":[{"taxonomy":"category","embeddable":true,"href":"https:\/\/lasprimeras.com.do\/index.php\/wp-json\/wp\/v2\/categories?post=48951"},{"taxonomy":"post_tag","embeddable":true,"href":"https:\/\/lasprimeras.com.do\/index.php\/wp-json\/wp\/v2\/tags?post=48951"}],"curies":[{"name":"wp","href":"https:\/\/api.w.org\/{rel}","templated":true}]}}