{"id":48960,"date":"2023-05-05T18:27:19","date_gmt":"2023-05-05T22:27:19","guid":{"rendered":"https:\/\/atento.com.do\/?p=48960"},"modified":"2023-05-05T18:27:19","modified_gmt":"2023-05-05T22:27:19","slug":"dictan-12-meses-de-prision-preventiva-a-implicados-en-muerte-de-gioser-luis-feliz","status":"publish","type":"post","link":"https:\/\/lasprimeras.com.do\/index.php\/2023\/05\/05\/dictan-12-meses-de-prision-preventiva-a-implicados-en-muerte-de-gioser-luis-feliz\/","title":{"rendered":"Dictan 12 Meses de prisi\u00f3n preventiva a implicados en muerte de Gioser Luis Feliz"},"content":{"rendered":"\n<p><strong>Santo Domingo. \u2013<\/strong> La jueza de la&nbsp;<strong>Oficina Judicial de Servicios de Atenci\u00f3n Permanente de Santiago,<\/strong>&nbsp;dict\u00f3 doce meses de prisi\u00f3n preventiva como medida de coerci\u00f3n en contra de los seis imputados en el homicidio de Gioser Luis Feliz de 9 a\u00f1os de edad.<\/p>\n\n\n\n<p>La magistrada Kimberly Tatis, del referido tribunal, tambi\u00e9n declar\u00f3 el caso complejo.<\/p>\n\n\n\n<p>Los imputados por el&nbsp;crimen&nbsp;del menor de edad son: Derlyn Javier Mercado Mart\u00ednez (Eyery), de 24 a\u00f1os; C\u00e9sar Junior Ulloa Cuevas, 23 a\u00f1os; Luis \u00c1ngel Vargas Brito, (el Cu\u00f1ao), 20 a\u00f1os; Jos\u00e9 Manuel Almonte Santana (Buqui), 20 a\u00f1os; Eli\u00e1n Mart\u00ednez S\u00e1nchez (Odalis y\/o la Leche), 21 a\u00f1os, y Tom\u00e1s Pe\u00f1a Morel (Tomasito).<\/p>\n\n\n\n<p>El grupo enfrenta cargos por asociaci\u00f3n de malhechores, homicidio y robo agravado.<\/p>\n\n\n\n<p>Seg\u00fan la acusaci\u00f3n, los imputados segu\u00edan al padre de la v\u00edctima, Sergio Luis Feliz Mancebo, a fin de darle muerte, y as\u00ed despojarle de sus pertenencias.<\/p>\n\n\n\n<p>La fiscal\u00eda sustenta una multiplicidad de pruebas periciales, testimoniales, documentales y materiales que ha recabado contra los seis imputados en el caso.&nbsp;&nbsp;&nbsp;<\/p>\n\n\n\n<p>Los imputados dieron seguimiento a la llegada al pa\u00eds del padre del menor, la tambi\u00e9n v\u00edctima, Sergio Luis Feliz Mancebo, a fin de darles persecuci\u00f3n y muerte, y despojarles de sus pertenencias.&nbsp;&nbsp;&nbsp;&nbsp;<\/p>\n\n\n\n<p>Contra los imputados la Fiscal\u00eda present\u00f3 cargos provisionales tipificados y sancionados en los art\u00edculos 265, 266, 2, 379, 382, 386-2, 295 y 304 del C\u00f3digo Penal Dominicano, que contemplan sanciones contra la asociaci\u00f3n de malhechores, homicidio y robo agravado, este \u00faltimo en grado de tentativa. Tambi\u00e9n se le atribuye al grupo criminal la violaci\u00f3n a la Ley 631-16 para el Control y Regulaci\u00f3n de Armas, Municiones y Materiales Relacionados, por el uso del arma con la que se arrebat\u00f3 la vida a la v\u00edctima menor de edad.<\/p>\n\n\n\n<p>Las autoridades sostienen en la acusaci\u00f3n que para cometer el&nbsp;crimen&nbsp;utilizaron un arma ilegal.<\/p>\n\n\n\n<p>Al ponderar la decisi\u00f3n del tribunal, Sergio Luis Feliz, padre del ni\u00f1o fallecido, indic\u00f3 que viajar\u00e1 al pa\u00eds las veces que sean necesarias hasta lograr que todo el peso de la ley caiga sobre los responsables del hecho.<\/p>\n\n\n\n<p>Los abogados de la defensa de los imputados informaron que esperar\u00e1n evaluar la decisi\u00f3n del tribunal para determinar el pr\u00f3ximo paso a seguir.<\/p>\n\n\n\n<p>La audiencia de solicitud de medida de coerci\u00f3n, realizada bajo un fuerte dispositivo policial se extendi\u00f3 por m\u00e1s de tres horas.<\/p>\n\n\n\n<p>&nbsp;<\/p>\n","protected":false},"excerpt":{"rendered":"<p>Santo Domingo. \u2013 La jueza de la&nbsp;Oficina Judicial de Servicios de Atenci\u00f3n Permanente de Santiago,&nbsp;dict\u00f3 doce meses de prisi\u00f3n preventiva como medida de coerci\u00f3n en contra de los seis imputados&hellip;<\/p>\n","protected":false},"author":1,"featured_media":48962,"comment_status":"open","ping_status":"open","sticky":false,"template":"","format":"standard","meta":{"content-type":"","jetpack_post_was_ever_published":false,"_jetpack_newsletter_access":"","_jetpack_dont_email_post_to_subs":false,"_jetpack_newsletter_tier_id":0,"_jetpack_memberships_contains_paywalled_content":false,"_jetpack_memberships_contains_paid_content":false,"footnotes":""},"categories":[289],"tags":[62,626,627,628],"class_list":["post-48960","post","type-post","status-publish","format-standard","has-post-thumbnail","hentry","category-justicia","tag-atentord","tag-crimen","tag-gioser-luis-feliz","tag-prision-preventiva"],"jetpack_featured_media_url":"","jetpack-related-posts":[{"id":76368,"url":"https:\/\/lasprimeras.com.do\/index.php\/2024\/02\/09\/mp-presento-acto-conclusivo-contra-implicados-muerte-del-nino-gioser-luis-feliz\/","url_meta":{"origin":48960,"position":0},"title":"MP present\u00f3 acto conclusivo contra implicados muerte del ni\u00f1o Gioser Luis Feliz","author":"Nelson Feliz","date":"9 de febrero de 2024","format":false,"excerpt":"El Ministerio P\u00fablico (MP) present\u00f3 acto conclusivo contra los seis implicados en el crimen de Gioser Luis Feliz, de nueve a\u00f1os de edad, en medio de un intento de atraco mientras sal\u00eda del aeropuerto Cibao junto a su familia. El \u00f3rgano present\u00f3 la acusaci\u00f3n en contra de Derlyn Javier Mercado\u2026","rel":"","context":"En \u00abJUSTICIA\u00bb","block_context":{"text":"JUSTICIA","link":"https:\/\/lasprimeras.com.do\/index.php\/category\/justicia\/"},"img":{"alt_text":"abogado","src":"https:\/\/i0.wp.com\/lasprimeras.com.do\/wp-content\/uploads\/2024\/02\/abogado.jpg?resize=350%2C200&ssl=1","width":350,"height":200,"srcset":"https:\/\/i0.wp.com\/lasprimeras.com.do\/wp-content\/uploads\/2024\/02\/abogado.jpg?resize=350%2C200&ssl=1 1x, https:\/\/i0.wp.com\/lasprimeras.com.do\/wp-content\/uploads\/2024\/02\/abogado.jpg?resize=525%2C300&ssl=1 1.5x"},"classes":[]},{"id":76383,"url":"https:\/\/lasprimeras.com.do\/index.php\/2024\/02\/09\/ministerio-publico-presento-acto-conclusivo-contra-implicados-muerte-del-nino-gioser-luis-feliz\/","url_meta":{"origin":48960,"position":1},"title":"Ministerio P\u00fablico present\u00f3 acto conclusivo contra implicados muerte del ni\u00f1o Gioser Luis Feliz","author":"BIMARY DE JES\u00daS Matos","date":"9 de febrero de 2024","format":false,"excerpt":"Santo Domingo.-El\u00a0Ministerio P\u00fablico\u00a0(MP) present\u00f3\u00a0acto conclusivo\u00a0contra los seis\u00a0implicados\u00a0en el\u00a0crimen\u00a0de\u00a0Gioser Luis Feliz, de nueve a\u00f1os de edad, en medio de un intento de atraco mientras sal\u00eda del aeropuerto Cibao junto a su familia. El \u00f3rgano present\u00f3 la\u00a0acusaci\u00f3n\u00a0en contra de Derlyn Javier Mercado Mart\u00ednez (Eyery), de 24 a\u00f1os; C\u00e9sar Junior Ulloa Cuevas, 23\u2026","rel":"","context":"En \u00abPORTADA\u00bb","block_context":{"text":"PORTADA","link":"https:\/\/lasprimeras.com.do\/index.php\/category\/portada\/"},"img":{"alt_text":"","src":"https:\/\/i0.wp.com\/lasprimeras.com.do\/wp-content\/uploads\/2024\/02\/crimen-del-nino-gioser-luis-feliz-ministerio-publico-presenta-acto-co-focus-0-0-546-350.jpg?resize=350%2C200&ssl=1","width":350,"height":200,"srcset":"https:\/\/i0.wp.com\/lasprimeras.com.do\/wp-content\/uploads\/2024\/02\/crimen-del-nino-gioser-luis-feliz-ministerio-publico-presenta-acto-co-focus-0-0-546-350.jpg?resize=350%2C200&ssl=1 1x, https:\/\/i0.wp.com\/lasprimeras.com.do\/wp-content\/uploads\/2024\/02\/crimen-del-nino-gioser-luis-feliz-ministerio-publico-presenta-acto-co-focus-0-0-546-350.jpg?resize=525%2C300&ssl=1 1.5x"},"classes":[]},{"id":50507,"url":"https:\/\/lasprimeras.com.do\/index.php\/2023\/05\/21\/chiquito-y-luis-implicados-en-muerte-de-joshua-estuvieron-en-dos-audiencias-del-caso-gioser-feliz\/","url_meta":{"origin":48960,"position":2},"title":"Chiquito y Luis, implicados en muerte de Joshua, estuvieron en dos audiencias del caso Gioser F\u00e9liz","author":"prenxa100","date":"21 de mayo de 2023","format":false,"excerpt":"Santiago, RD.-. \u201cLuis\u201d y \u201cChiquito\u201d, ambos implicados en el caso Joshua Fern\u00e1ndez, estuvieron presentes en el Palacio de Justicia de Santiago en al menos dos audiencias de solicitud de medida de coerci\u00f3n de los imputados por la muerte de Gioser Luis Feliz Camilo, el ni\u00f1o que falleci\u00f3 luego de que\u2026","rel":"","context":"En \u00abJUSTICIA\u00bb","block_context":{"text":"JUSTICIA","link":"https:\/\/lasprimeras.com.do\/index.php\/category\/justicia\/"},"img":{"alt_text":"","src":"","width":0,"height":0},"classes":[]},{"id":67580,"url":"https:\/\/lasprimeras.com.do\/index.php\/2023\/11\/16\/ratifican-medidas-de-coercion-a-imputados-de-matar-a-nino-de-9-anos-tras-arribar-al-pais-desde-ee-uu\/","url_meta":{"origin":48960,"position":3},"title":"Ratifican medidas de coerci\u00f3n a imputados de matar a ni\u00f1o de 9 a\u00f1os tras arribar al pa\u00eds desde EE.UU.","author":"Nelson Feliz","date":"16 de noviembre de 2023","format":false,"excerpt":"Por Roberto P\u00e9rez El juez de la Oficina Judicial de Servicios de Atenci\u00f3n Permanente de este distrito judicial, acogi\u00f3 la solicitud de la Fiscal\u00eda de Santiago y ratific\u00f3 la prisi\u00f3n preventiva a los seis hombres imputados de matar a tiros a un ni\u00f1o de 9 a\u00f1os de edad. El ni\u00f1o\u2026","rel":"","context":"En \u00abJUSTICIA\u00bb","block_context":{"text":"JUSTICIA","link":"https:\/\/lasprimeras.com.do\/index.php\/category\/justicia\/"},"img":{"alt_text":"","src":"","width":0,"height":0},"classes":[]},{"id":96207,"url":"https:\/\/lasprimeras.com.do\/index.php\/2025\/03\/26\/prision-preventiva-contra-hombre-acusado-de-asesinar-a-su-madre-e-hija-en-sfm\/","url_meta":{"origin":48960,"position":4},"title":"Prisi\u00f3n preventiva contra hombre acusado de asesinar a su madre e hija en SFM","author":"Nelson Feliz","date":"26 de marzo de 2025","format":false,"excerpt":"La Oficina Judicial de Servicios de Atenci\u00f3n Permanente de Duarte impuso tres meses de prisi\u00f3n preventiva contra Eddy Jes\u00fas Camarena Jim\u00e9nez, imputado por el asesinato de su madre y su hija de tres a\u00f1os, as\u00ed como por tentativa de homicidio contra su expareja. La medida fue dictada a solicitud del\u2026","rel":"","context":"En \u00abJUSTICIA\u00bb","block_context":{"text":"JUSTICIA","link":"https:\/\/lasprimeras.com.do\/index.php\/category\/justicia\/"},"img":{"alt_text":"","src":"https:\/\/i0.wp.com\/lasprimeras.com.do\/wp-content\/uploads\/2025\/03\/preso.jpg?resize=350%2C200&ssl=1","width":350,"height":200,"srcset":"https:\/\/i0.wp.com\/lasprimeras.com.do\/wp-content\/uploads\/2025\/03\/preso.jpg?resize=350%2C200&ssl=1 1x, https:\/\/i0.wp.com\/lasprimeras.com.do\/wp-content\/uploads\/2025\/03\/preso.jpg?resize=525%2C300&ssl=1 1.5x, https:\/\/i0.wp.com\/lasprimeras.com.do\/wp-content\/uploads\/2025\/03\/preso.jpg?resize=700%2C400&ssl=1 2x"},"classes":[]},{"id":110820,"url":"https:\/\/lasprimeras.com.do\/index.php\/2025\/10\/01\/dictan-tres-meses-prision-preventiva-a-hombre-que-asalto-y-agredio-a-un-anciano-en-santiago\/","url_meta":{"origin":48960,"position":5},"title":"Dictan tres meses prisi\u00f3n preventiva a hombre que asalt\u00f3 y agredi\u00f3 a un anciano en Santiago","author":"Nelson Feliz","date":"1 de octubre de 2025","format":false,"excerpt":"El juez de la Oficina Judicial de Servicios de Atenci\u00f3n Permanente de Santiago, Jos\u00e9 Rafael D\u00b4 As\u00eds, impuso tres meses de prisi\u00f3n preventiva como medida de coerci\u00f3n contra el hombre que atrac\u00f3 y agredi\u00f3 a un adulto mayor al salir de un centro de salud. El imputado, Jos\u00e9 Alejandro Mora\u2026","rel":"","context":"En \u00abJUSTICIA\u00bb","block_context":{"text":"JUSTICIA","link":"https:\/\/lasprimeras.com.do\/index.php\/category\/justicia\/"},"img":{"alt_text":"","src":"https:\/\/i0.wp.com\/lasprimeras.com.do\/wp-content\/uploads\/2025\/10\/dictan-tres-meses-prision-preventiva-a-hombre-que-asalto-y-agredio-a-un-anciano-en-santiago.jpg?resize=350%2C200&ssl=1","width":350,"height":200},"classes":[]}],"jetpack_sharing_enabled":true,"_links":{"self":[{"href":"https:\/\/lasprimeras.com.do\/index.php\/wp-json\/wp\/v2\/posts\/48960","targetHints":{"allow":["GET"]}}],"collection":[{"href":"https:\/\/lasprimeras.com.do\/index.php\/wp-json\/wp\/v2\/posts"}],"about":[{"href":"https:\/\/lasprimeras.com.do\/index.php\/wp-json\/wp\/v2\/types\/post"}],"author":[{"embeddable":true,"href":"https:\/\/lasprimeras.com.do\/index.php\/wp-json\/wp\/v2\/users\/1"}],"replies":[{"embeddable":true,"href":"https:\/\/lasprimeras.com.do\/index.php\/wp-json\/wp\/v2\/comments?post=48960"}],"version-history":[{"count":0,"href":"https:\/\/lasprimeras.com.do\/index.php\/wp-json\/wp\/v2\/posts\/48960\/revisions"}],"wp:featuredmedia":[{"embeddable":true,"href":"https:\/\/lasprimeras.com.do\/index.php\/wp-json\/"}],"wp:attachment":[{"href":"https:\/\/lasprimeras.com.do\/index.php\/wp-json\/wp\/v2\/media?parent=48960"}],"wp:term":[{"taxonomy":"category","embeddable":true,"href":"https:\/\/lasprimeras.com.do\/index.php\/wp-json\/wp\/v2\/categories?post=48960"},{"taxonomy":"post_tag","embeddable":true,"href":"https:\/\/lasprimeras.com.do\/index.php\/wp-json\/wp\/v2\/tags?post=48960"}],"curies":[{"name":"wp","href":"https:\/\/api.w.org\/{rel}","templated":true}]}}