{"id":48988,"date":"2023-05-05T22:05:50","date_gmt":"2023-05-06T02:05:50","guid":{"rendered":"https:\/\/atento.com.do\/?p=48988"},"modified":"2023-05-05T22:05:50","modified_gmt":"2023-05-06T02:05:50","slug":"policia-muere-al-ser-investida-por-una-camioneta-en-cambita-san-cristobal","status":"publish","type":"post","link":"https:\/\/lasprimeras.com.do\/index.php\/2023\/05\/05\/policia-muere-al-ser-investida-por-una-camioneta-en-cambita-san-cristobal\/","title":{"rendered":"Polic\u00eda muere al ser investida por una camioneta en Cambita, San Crist\u00f3bal"},"content":{"rendered":"\n<p>Polic\u00eda Nacional lamenta fallecimiento de una agente policial en accidente de tr\u00e1nsito cuando se trasladaba a cumplir con su servicio.<\/p>\n\n\n\n<p><strong>San Crist\u00f3bal.-. <\/strong>La Polic\u00eda Nacional inform\u00f3 que un cabo de la instituci\u00f3n falleci\u00f3 cuando se trasladaba a cumplir con su servicio y fue impactado por el veh\u00edculo.<\/p>\n\n\n\n<p>El hecho ocurri\u00f3 en el Kil\u00f3metro M04 de la carretera de Cambita, provincia San Crist\u00f3bal.<\/p>\n\n\n\n<p>Se trata de la alistada Marisol Mesa Encarnaci\u00f3n de 29 a\u00f1os, quien prestaba servicio en el Departamento de San Crist\u00f3bal.<\/p>\n\n\n\n<p>El conductor Rafael Aliro B\u00e1ez M\u00e9ndez, de 54, quien se transportaba a bordo de la camioneta marca Isuzu Dimax, blanca, placa l219010 fue detenido.<\/p>\n\n\n\n<p>El hecho aconteci\u00f3 este viernes, cuando la cabo Mesa Encarnaci\u00f3n se dirig\u00eda en su medio de transporte personal de dos ruedas a cumplir con su primer d\u00eda de labor policial en el citado departamento, lugar donde fue reasignada para que estuviera m\u00e1s cerca de su entorno y sus familiares.<\/p>\n\n\n\n<p>La Polic\u00eda Nacional reitera su conmoci\u00f3n por la sorpresiva y lamentable p\u00e9rdida a destiempo de una de nuestras j\u00f3venes polic\u00edas, mientras cumpl\u00eda fielmente con su deber en las labores preventivas por la seguridad ciudadana.<\/p>\n","protected":false},"excerpt":{"rendered":"<p>Polic\u00eda Nacional lamenta fallecimiento de una agente policial en accidente de tr\u00e1nsito cuando se trasladaba a cumplir con su servicio. San Crist\u00f3bal.-. La Polic\u00eda Nacional inform\u00f3 que un cabo de&hellip;<\/p>\n","protected":false},"author":1,"featured_media":47947,"comment_status":"open","ping_status":"open","sticky":false,"template":"","format":"standard","meta":{"content-type":"","jetpack_post_was_ever_published":false,"_jetpack_newsletter_access":"","_jetpack_dont_email_post_to_subs":false,"_jetpack_newsletter_tier_id":0,"_jetpack_memberships_contains_paywalled_content":false,"_jetpack_memberships_contains_paid_content":false,"footnotes":""},"categories":[35],"tags":[647,648,649,650,48,651],"class_list":["post-48988","post","type-post","status-publish","format-standard","has-post-thumbnail","hentry","category-nacionales","tag-cambita","tag-camioneta","tag-investida","tag-muere","tag-policia","tag-san-cristobal"],"jetpack_featured_media_url":"","jetpack-related-posts":[{"id":120314,"url":"https:\/\/lasprimeras.com.do\/index.php\/2026\/01\/20\/tragedia-en-san-cristobal-dos-ninos-de-3-y-7-anos-mueren-aplastados-por-un-camion-en-cambita\/","url_meta":{"origin":48988,"position":0},"title":"Tragedia en San Crist\u00f3bal: dos ni\u00f1os de 3 y 7 a\u00f1os mueren aplastados por un cami\u00f3n en Cambita","author":"Nelson Feliz","date":"20 de enero de 2026","format":false,"excerpt":"Dos ni\u00f1os de tres y siete a\u00f1os perdieron la vida la tarde de este martes, tras ser aplastados durante un tr\u00e1gico suceso ocurrido en el kil\u00f3metro 4 de la carretera Cambita, en la provincia San Crist\u00f3bal al sur del pa\u00eds, lo que ha causado gran consternaci\u00f3n y tristeza en toda\u2026","rel":"","context":"En \u00abNACIONALES\u00bb","block_context":{"text":"NACIONALES","link":"https:\/\/lasprimeras.com.do\/index.php\/category\/nacionales\/"},"img":{"alt_text":"","src":"https:\/\/i0.wp.com\/lasprimeras.com.do\/wp-content\/uploads\/2024\/06\/escena.jpeg?resize=350%2C200&ssl=1","width":350,"height":200,"srcset":"https:\/\/i0.wp.com\/lasprimeras.com.do\/wp-content\/uploads\/2024\/06\/escena.jpeg?resize=350%2C200&ssl=1 1x, https:\/\/i0.wp.com\/lasprimeras.com.do\/wp-content\/uploads\/2024\/06\/escena.jpeg?resize=525%2C300&ssl=1 1.5x, https:\/\/i0.wp.com\/lasprimeras.com.do\/wp-content\/uploads\/2024\/06\/escena.jpeg?resize=700%2C400&ssl=1 2x"},"classes":[]},{"id":126565,"url":"https:\/\/lasprimeras.com.do\/index.php\/2026\/04\/03\/choque-de-motocicletas-deja-un-muerto-y-un-herido-en-la-carretera-cambita-san-cristobal\/","url_meta":{"origin":48988,"position":1},"title":"Choque de motocicletas deja un muerto y un herido en la carretera Cambita-San Crist\u00f3bal","author":"Nelson Feliz","date":"3 de abril de 2026","format":false,"excerpt":"Un hombre perdi\u00f3 la vida la ma\u00f1ana de este viernes tras colisionar la motocicleta que conduc\u00eda con otro veh\u00edculo similar en la carretera que comunica el municipio de Cambita Garabitos con la ciudad de San Crist\u00f3bal. La v\u00edctima fue identificada como Manuel Bautista, cuyo cuerpo fue trasladado a la morgue\u2026","rel":"","context":"En \u00abNACIONALES\u00bb","block_context":{"text":"NACIONALES","link":"https:\/\/lasprimeras.com.do\/index.php\/category\/nacionales\/"},"img":{"alt_text":"","src":"https:\/\/i0.wp.com\/lasprimeras.com.do\/wp-content\/uploads\/2025\/10\/moto.jpg?resize=350%2C200&ssl=1","width":350,"height":200,"srcset":"https:\/\/i0.wp.com\/lasprimeras.com.do\/wp-content\/uploads\/2025\/10\/moto.jpg?resize=350%2C200&ssl=1 1x, https:\/\/i0.wp.com\/lasprimeras.com.do\/wp-content\/uploads\/2025\/10\/moto.jpg?resize=525%2C300&ssl=1 1.5x, https:\/\/i0.wp.com\/lasprimeras.com.do\/wp-content\/uploads\/2025\/10\/moto.jpg?resize=700%2C400&ssl=1 2x"},"classes":[]},{"id":85479,"url":"https:\/\/lasprimeras.com.do\/index.php\/2024\/06\/30\/desconocidos-matan-policia-en-san-cristobal\/","url_meta":{"origin":48988,"position":2},"title":"Desconocidos matan polic\u00eda en San Crist\u00f3bal","author":"Nelson Feliz","date":"30 de junio de 2024","format":false,"excerpt":"Un raso de la Polic\u00eda Nacional, identificado como Roberto Alexander Sierra Franco, de 25 a\u00f1os, fue asesinado por desconocidos en la carretera que conduce a Cambita Garabitos provincia San Crist\u00f3bal. El incidente, que a\u00f1ade otro nombre a la lista de v\u00edctimas de la ola criminal que afecta al pa\u00eds, se\u2026","rel":"","context":"En \u00abMILITARES\u00bb","block_context":{"text":"MILITARES","link":"https:\/\/lasprimeras.com.do\/index.php\/category\/militares\/"},"img":{"alt_text":"","src":"https:\/\/i0.wp.com\/lasprimeras.com.do\/wp-content\/uploads\/2024\/06\/raso.jpg?resize=350%2C200&ssl=1","width":350,"height":200,"srcset":"https:\/\/i0.wp.com\/lasprimeras.com.do\/wp-content\/uploads\/2024\/06\/raso.jpg?resize=350%2C200&ssl=1 1x, https:\/\/i0.wp.com\/lasprimeras.com.do\/wp-content\/uploads\/2024\/06\/raso.jpg?resize=525%2C300&ssl=1 1.5x, https:\/\/i0.wp.com\/lasprimeras.com.do\/wp-content\/uploads\/2024\/06\/raso.jpg?resize=700%2C400&ssl=1 2x"},"classes":[]},{"id":113391,"url":"https:\/\/lasprimeras.com.do\/index.php\/2025\/11\/02\/arrestan-a-21-personas-e-incautan-drogas-en-operativos-en-san-francisco-de-macoris-y-cambita\/","url_meta":{"origin":48988,"position":3},"title":"Arrestan a 21 personas e incautan drogas en operativos en San Francisco de Macor\u00eds y Cambita","author":"Nelson Feliz","date":"2 de noviembre de 2025","format":false,"excerpt":"Agentes de la Direcci\u00f3n Nacional de Control de Drogas (DNCD) y miembros del Ministerio P\u00fablico arrestaron a 21 personas y confiscaron m\u00e1s de 5,600 gramos de distintos narc\u00f3ticos durante operativos simult\u00e1neos realizados en San Francisco de Macor\u00eds y Cambita Garabitos. En la provincia Duarte, las acciones se desarrollaron en las\u2026","rel":"","context":"En \u00abMILITARES\u00bb","block_context":{"text":"MILITARES","link":"https:\/\/lasprimeras.com.do\/index.php\/category\/militares\/"},"img":{"alt_text":"","src":"https:\/\/i0.wp.com\/lasprimeras.com.do\/wp-content\/uploads\/2025\/11\/DNCD.jpg?resize=350%2C200&ssl=1","width":350,"height":200,"srcset":"https:\/\/i0.wp.com\/lasprimeras.com.do\/wp-content\/uploads\/2025\/11\/DNCD.jpg?resize=350%2C200&ssl=1 1x, https:\/\/i0.wp.com\/lasprimeras.com.do\/wp-content\/uploads\/2025\/11\/DNCD.jpg?resize=525%2C300&ssl=1 1.5x, https:\/\/i0.wp.com\/lasprimeras.com.do\/wp-content\/uploads\/2025\/11\/DNCD.jpg?resize=700%2C400&ssl=1 2x"},"classes":[]},{"id":112014,"url":"https:\/\/lasprimeras.com.do\/index.php\/2025\/10\/16\/senado-aprueba-hospital-materno-infantil-en-san-cristobal-impulso-historico-para-la-salud-publica\/","url_meta":{"origin":48988,"position":4},"title":"Senado aprueba hospital materno-infantil en San Crist\u00f3bal: impulso hist\u00f3rico para la salud p\u00fablica","author":"Nelson Feliz","date":"16 de octubre de 2025","format":false,"excerpt":"El Senado de la Rep\u00fablica Dominicana aprob\u00f3 el proyecto de transformaci\u00f3n del Hospital Provincial Doctor Rafael Jos\u00e9 Ma\u00f1\u00f3n en un hospital materno-infantil especializado, una iniciativa del senador Gustavo Lara que marca un hito en el fortalecimiento de la red de salud p\u00fablica de San Crist\u00f3bal, especialmente en la atenci\u00f3n a\u2026","rel":"","context":"En \u00abSALUD\u00bb","block_context":{"text":"SALUD","link":"https:\/\/lasprimeras.com.do\/index.php\/category\/salud\/"},"img":{"alt_text":"Hospital Provincial Doctor Rafael Jos\u00e9 Ma\u00f1\u00f3n","src":"https:\/\/i0.wp.com\/lasprimeras.com.do\/wp-content\/uploads\/2025\/10\/Hospital-Provincial-Doctor-Rafael-Jose-Manon.jpg?resize=350%2C200&ssl=1","width":350,"height":200,"srcset":"https:\/\/i0.wp.com\/lasprimeras.com.do\/wp-content\/uploads\/2025\/10\/Hospital-Provincial-Doctor-Rafael-Jose-Manon.jpg?resize=350%2C200&ssl=1 1x, https:\/\/i0.wp.com\/lasprimeras.com.do\/wp-content\/uploads\/2025\/10\/Hospital-Provincial-Doctor-Rafael-Jose-Manon.jpg?resize=525%2C300&ssl=1 1.5x, https:\/\/i0.wp.com\/lasprimeras.com.do\/wp-content\/uploads\/2025\/10\/Hospital-Provincial-Doctor-Rafael-Jose-Manon.jpg?resize=700%2C400&ssl=1 2x"},"classes":[]},{"id":69044,"url":"https:\/\/lasprimeras.com.do\/index.php\/2023\/11\/29\/la-busqueda-de-kiko-la-quema-cumple-nueve-dias-alterando-la-tranquilidad-en-cambita\/","url_meta":{"origin":48988,"position":5},"title":"La b\u00fasqueda de Kiko la Quema cumple nueve d\u00edas alterando &#8220;la tranquilidad&#8221; en Cambita","author":"BIMARY DE JES\u00daS Matos","date":"29 de noviembre de 2023","format":false,"excerpt":"San Crist\u00f3bal.-Este martes se cumplen nueve d\u00edas de que la vida cambiara su ritmo cotidiano, por miedo, tiroteo y requisas, en el municipio de Cambita Garabitos, en San Crist\u00f3bal. Fue el martes 21 de noviembre cuando las autoridades policiales arreciaron un operativo de b\u00fasqueda del fugitivo Jos\u00e9 Antonio Figuereo Bautista\u2026","rel":"","context":"En \u00abNACIONALES\u00bb","block_context":{"text":"NACIONALES","link":"https:\/\/lasprimeras.com.do\/index.php\/category\/nacionales\/"},"img":{"alt_text":"","src":"https:\/\/i0.wp.com\/lasprimeras.com.do\/wp-content\/uploads\/2023\/11\/Hidrocarburos-6-1.jpg?resize=350%2C200&ssl=1","width":350,"height":200,"srcset":"https:\/\/i0.wp.com\/lasprimeras.com.do\/wp-content\/uploads\/2023\/11\/Hidrocarburos-6-1.jpg?resize=350%2C200&ssl=1 1x, https:\/\/i0.wp.com\/lasprimeras.com.do\/wp-content\/uploads\/2023\/11\/Hidrocarburos-6-1.jpg?resize=525%2C300&ssl=1 1.5x"},"classes":[]}],"jetpack_sharing_enabled":true,"_links":{"self":[{"href":"https:\/\/lasprimeras.com.do\/index.php\/wp-json\/wp\/v2\/posts\/48988","targetHints":{"allow":["GET"]}}],"collection":[{"href":"https:\/\/lasprimeras.com.do\/index.php\/wp-json\/wp\/v2\/posts"}],"about":[{"href":"https:\/\/lasprimeras.com.do\/index.php\/wp-json\/wp\/v2\/types\/post"}],"author":[{"embeddable":true,"href":"https:\/\/lasprimeras.com.do\/index.php\/wp-json\/wp\/v2\/users\/1"}],"replies":[{"embeddable":true,"href":"https:\/\/lasprimeras.com.do\/index.php\/wp-json\/wp\/v2\/comments?post=48988"}],"version-history":[{"count":0,"href":"https:\/\/lasprimeras.com.do\/index.php\/wp-json\/wp\/v2\/posts\/48988\/revisions"}],"wp:featuredmedia":[{"embeddable":true,"href":"https:\/\/lasprimeras.com.do\/index.php\/wp-json\/"}],"wp:attachment":[{"href":"https:\/\/lasprimeras.com.do\/index.php\/wp-json\/wp\/v2\/media?parent=48988"}],"wp:term":[{"taxonomy":"category","embeddable":true,"href":"https:\/\/lasprimeras.com.do\/index.php\/wp-json\/wp\/v2\/categories?post=48988"},{"taxonomy":"post_tag","embeddable":true,"href":"https:\/\/lasprimeras.com.do\/index.php\/wp-json\/wp\/v2\/tags?post=48988"}],"curies":[{"name":"wp","href":"https:\/\/api.w.org\/{rel}","templated":true}]}}