{"id":48991,"date":"2023-05-06T19:00:40","date_gmt":"2023-05-06T23:00:40","guid":{"rendered":"https:\/\/atento.com.do\/?p=48991"},"modified":"2023-05-06T19:00:40","modified_gmt":"2023-05-06T23:00:40","slug":"abinader-se-convirtio-en-el-primer-presidente-en-asistir-a-la-coronacion-de-un-monarca","status":"publish","type":"post","link":"https:\/\/lasprimeras.com.do\/index.php\/2023\/05\/06\/abinader-se-convirtio-en-el-primer-presidente-en-asistir-a-la-coronacion-de-un-monarca\/","title":{"rendered":"Abinader se convirti\u00f3 en el primer presidente en asistir a la coronaci\u00f3n de un Monarca"},"content":{"rendered":"\n<p>Por Wilson P\u00e9rez<\/p>\n\n\n\n<p><strong>Londres. &#8211;<\/strong> El Presidente Luis Abinader se convirti\u00f3 en el primer Jefe de Estado dominicano en participar en la ceremonia de coronaci\u00f3n de un Monarca.<\/p>\n\n\n\n<p>La asistencia del primer mandatario de la naci\u00f3n a la coronaci\u00f3n de sus Majestades el Rey Carlos III y la Reina Consorte Camila, lo convierten en el \u00fanico en tener ese privilegio.<\/p>\n\n\n\n<p>Abinader lleg\u00f3 a la Abad\u00eda de Westminster, lugar de la ceremonia de coronaci\u00f3n, alrededor de las 8:00 de la ma\u00f1ana, hora local, acompa\u00f1ada de la Primera Dama Raquel Arbaje.<\/p>\n\n\n\n<p>Al llegar al lugar, fueron recibidos por edecanes de la Casa Real que los acomodaron en los asientos que les fueron reservados junto a otros Jefes de Estado y de Gobierno invitados.<\/p>\n\n\n\n<p>Al finalizar la ceremonia de coronaci\u00f3n, el Presidente Abinader y la Primera Dama, fueron invitados a un almuerzo ofrecido por la Casa Real a los dignatarios presentes.<\/p>\n\n\n\n<p>A este magno evento asistieron m\u00e1s de dos mil invitados, entre ellos, Jefes de Estado y de Gobierno, Ministros de Relaciones Exteriores y otros Jefes de Delegaci\u00f3n e invitados especiales del m\u00e1s alto nivel.&nbsp;<\/p>\n\n\n\n<p>Con algunos de ellos el presidente Abinader tuvo la oportunidad de intercambiar opiniones, tanto en el desayuno y la recepci\u00f3n del pasado s\u00e1bado, como en el almuerzo al final de la coronaci\u00f3n.<\/p>\n\n\n\n<p>El mandatario dominicano tambi\u00e9n tuvo la oportunidad de reunirse con la Baronesa, Gloria Dorothy Hooper, enviada del Primer ministro del Reino Unido para Rep\u00fablica Dominicana, Panam\u00e1 y Costa Rica.<\/p>\n\n\n\n<p>Tambi\u00e9n, se reuni\u00f3 con el se\u00f1or David Rutley, Viceministro de Relaciones Exteriores del Reino Unido, para las Am\u00e9ricas y el Caribe.<\/p>\n","protected":false},"excerpt":{"rendered":"<p>Por Wilson P\u00e9rez Londres. &#8211; El Presidente Luis Abinader se convirti\u00f3 en el primer Jefe de Estado dominicano en participar en la ceremonia de coronaci\u00f3n de un Monarca. La asistencia&hellip;<\/p>\n","protected":false},"author":1,"featured_media":48992,"comment_status":"open","ping_status":"open","sticky":false,"template":"","format":"standard","meta":{"content-type":"","jetpack_post_was_ever_published":false,"_jetpack_newsletter_access":"","_jetpack_dont_email_post_to_subs":false,"_jetpack_newsletter_tier_id":0,"_jetpack_memberships_contains_paywalled_content":false,"_jetpack_memberships_contains_paid_content":false,"footnotes":""},"categories":[35,25],"tags":[652,67,653],"class_list":["post-48991","post","type-post","status-publish","format-standard","has-post-thumbnail","hentry","category-nacionales","category-portada","tag-coronacion","tag-luis-abinader","tag-monarca"],"jetpack_featured_media_url":"","jetpack-related-posts":[{"id":49144,"url":"https:\/\/lasprimeras.com.do\/index.php\/2023\/05\/08\/presidente-abinader-regresa-al-pais-tras-participar-en-coronacion-del-rey-de-carlos-iii\/","url_meta":{"origin":48991,"position":0},"title":"Presidente Abinader regresa al pa\u00eds tras participar en coronaci\u00f3n del rey de Carlos III","author":"prenxa100","date":"8 de mayo de 2023","format":false,"excerpt":"Por Wilson P\u00e9rez Santo Domingo.- El Presidente Luis Abinader retorn\u00f3 al pa\u00eds la noche de este domingo luego de su participaci\u00f3n en la coronaci\u00f3n de sus majestades, el rey Carlos III y la reina consorte Camila como monarca del Reino Unido y soberano de los otros catorce reinos que forman\u2026","rel":"","context":"En \u00abNACIONALES\u00bb","block_context":{"text":"NACIONALES","link":"https:\/\/lasprimeras.com.do\/index.php\/category\/nacionales\/"},"img":{"alt_text":"","src":"","width":0,"height":0},"classes":[]},{"id":48802,"url":"https:\/\/lasprimeras.com.do\/index.php\/2023\/05\/04\/abinader-llega-a-londres-para-participar-en-actos-de-coronacion-del-rey-carlos-iii\/","url_meta":{"origin":48991,"position":1},"title":"Abinader llega a Londres para participar en actos de coronaci\u00f3n del rey Carlos III","author":"prenxa100","date":"4 de mayo de 2023","format":false,"excerpt":"Por Wilson P\u00e9rez Londres. - El presidente Luis Abinader lleg\u00f3 a Londres, Inglaterra, alrededor de las 9 de la ma\u00f1ana de este jueves para participar de los actos donde ser\u00e1n coronados el rey Carlos III y la reina consorte Camila. El mandatario viaj\u00f3 en compa\u00f1\u00eda de la primera dama, Raquel\u2026","rel":"","context":"En \u00abPORTADA\u00bb","block_context":{"text":"PORTADA","link":"https:\/\/lasprimeras.com.do\/index.php\/category\/portada\/"},"img":{"alt_text":"","src":"","width":0,"height":0},"classes":[]},{"id":48635,"url":"https:\/\/lasprimeras.com.do\/index.php\/2023\/05\/02\/presidente-abinader-viaja-este-miercoles-a-londres\/","url_meta":{"origin":48991,"position":2},"title":"Presidente Abinader viaja este mi\u00e9rcoles a Londres","author":"prenxa100","date":"2 de mayo de 2023","format":false,"excerpt":"Mandatario fue invitado a Coronaci\u00f3n del Rey Carlos III, y la Reina Consorte Camila. Por Wilson P\u00e9rrez SANTO DOMINGO.-.El presidente Luis Abinader viajar\u00e1 este mi\u00e9rcoles a Londres, Inglaterra, para participar de los actos donde ser\u00e1n coronados el Rey Carlos III y la Reina Consorte Camila. El mandatario saldr\u00e1 al mediod\u00eda\u2026","rel":"","context":"En \u00abNACIONALES\u00bb","block_context":{"text":"NACIONALES","link":"https:\/\/lasprimeras.com.do\/index.php\/category\/nacionales\/"},"img":{"alt_text":"","src":"","width":0,"height":0},"classes":[]},{"id":48969,"url":"https:\/\/lasprimeras.com.do\/index.php\/2023\/05\/05\/el-costoso-vestido-de-mas-rd350000-que-lucio-la-primera-dama-en-recepcion-de-carlos-iii\/","url_meta":{"origin":48991,"position":3},"title":"El costoso vestido valorado en m\u00e1s de RD$350,000 que lucio la primera dama en recepci\u00f3n de Carlos III","author":"prenxa100","date":"5 de mayo de 2023","format":false,"excerpt":"Santo Domingo. \u2013 La primera dama Raquel Arbaje luci\u00f3 un vestido valorado en m\u00e1s de 350 mil pesos durante la recepci\u00f3n que ofreci\u00f3 este viernes la familia real a los jefes de Gobierno en el Palacio Buckingham, por la coronaci\u00f3n del rey Carlos III a celebrarse el s\u00e1bado. Un estilo\u2026","rel":"","context":"En \u00abPORTADA\u00bb","block_context":{"text":"PORTADA","link":"https:\/\/lasprimeras.com.do\/index.php\/category\/portada\/"},"img":{"alt_text":"","src":"","width":0,"height":0},"classes":[]},{"id":48805,"url":"https:\/\/lasprimeras.com.do\/index.php\/2023\/05\/03\/presidente-abinader-viaja-este-miercoles-a-londres-2\/","url_meta":{"origin":48991,"position":4},"title":"Presidente Abinader viaja este mi\u00e9rcoles a Londres","author":"prenxa100","date":"3 de mayo de 2023","format":false,"excerpt":"Por Wilson P\u00e9rez Santo Domingo.- El presidente Luis Abinader viajar\u00e1 este mi\u00e9rcoles a Londres, Inglaterra, para participar de los actos donde ser\u00e1n coronados el rey Carlos III y la reina consorte Camila. El mandatario saldr\u00e1 al mediod\u00eda en compa\u00f1\u00eda de la primera dama, Raquel Arbaje, v\u00eda Miami, para tomar un\u2026","rel":"","context":"En \u00abNACIONALES\u00bb","block_context":{"text":"NACIONALES","link":"https:\/\/lasprimeras.com.do\/index.php\/category\/nacionales\/"},"img":{"alt_text":"","src":"","width":0,"height":0},"classes":[]},{"id":105749,"url":"https:\/\/lasprimeras.com.do\/index.php\/2025\/08\/06\/alcaldesa-amparo-custodio-encabeza-coronacion-reina-fiestas-patronales-en-la-vega\/","url_meta":{"origin":48991,"position":5},"title":"Alcaldesa Amparo Custodio encabeza coronaci\u00f3n Reina Fiestas Patronales en La Vega","author":"Nelson Feliz","date":"6 de agosto de 2025","format":false,"excerpt":"Con un despliegue de cultura y tradici\u00f3n, la alcaldesa Amparo Custodio presidi\u00f3 la coronaci\u00f3n de la Reina de las Fiestas Patronales en honor a Nuestra Se\u00f1ora de La Antigua 2025, en este municipio. El evento se realiz\u00f3 en el auditorio del Centro Juvenil Salesiano DOSA. Destac\u00f3 por su organizaci\u00f3n impecable\u2026","rel":"","context":"En \u00abENTRETENIMIENTO\u00bb","block_context":{"text":"ENTRETENIMIENTO","link":"https:\/\/lasprimeras.com.do\/index.php\/category\/entretenimiento\/"},"img":{"alt_text":"","src":"https:\/\/i0.wp.com\/lasprimeras.com.do\/wp-content\/uploads\/2025\/08\/custodio-1.jpg?resize=350%2C200&ssl=1","width":350,"height":200,"srcset":"https:\/\/i0.wp.com\/lasprimeras.com.do\/wp-content\/uploads\/2025\/08\/custodio-1.jpg?resize=350%2C200&ssl=1 1x, https:\/\/i0.wp.com\/lasprimeras.com.do\/wp-content\/uploads\/2025\/08\/custodio-1.jpg?resize=525%2C300&ssl=1 1.5x, https:\/\/i0.wp.com\/lasprimeras.com.do\/wp-content\/uploads\/2025\/08\/custodio-1.jpg?resize=700%2C400&ssl=1 2x"},"classes":[]}],"jetpack_sharing_enabled":true,"_links":{"self":[{"href":"https:\/\/lasprimeras.com.do\/index.php\/wp-json\/wp\/v2\/posts\/48991","targetHints":{"allow":["GET"]}}],"collection":[{"href":"https:\/\/lasprimeras.com.do\/index.php\/wp-json\/wp\/v2\/posts"}],"about":[{"href":"https:\/\/lasprimeras.com.do\/index.php\/wp-json\/wp\/v2\/types\/post"}],"author":[{"embeddable":true,"href":"https:\/\/lasprimeras.com.do\/index.php\/wp-json\/wp\/v2\/users\/1"}],"replies":[{"embeddable":true,"href":"https:\/\/lasprimeras.com.do\/index.php\/wp-json\/wp\/v2\/comments?post=48991"}],"version-history":[{"count":0,"href":"https:\/\/lasprimeras.com.do\/index.php\/wp-json\/wp\/v2\/posts\/48991\/revisions"}],"wp:featuredmedia":[{"embeddable":true,"href":"https:\/\/lasprimeras.com.do\/index.php\/wp-json\/"}],"wp:attachment":[{"href":"https:\/\/lasprimeras.com.do\/index.php\/wp-json\/wp\/v2\/media?parent=48991"}],"wp:term":[{"taxonomy":"category","embeddable":true,"href":"https:\/\/lasprimeras.com.do\/index.php\/wp-json\/wp\/v2\/categories?post=48991"},{"taxonomy":"post_tag","embeddable":true,"href":"https:\/\/lasprimeras.com.do\/index.php\/wp-json\/wp\/v2\/tags?post=48991"}],"curies":[{"name":"wp","href":"https:\/\/api.w.org\/{rel}","templated":true}]}}