{"id":48994,"date":"2023-05-06T20:15:48","date_gmt":"2023-05-07T00:15:48","guid":{"rendered":"https:\/\/atento.com.do\/?p=48994"},"modified":"2023-05-06T20:15:48","modified_gmt":"2023-05-07T00:15:48","slug":"culmina-curso-de-formacion-de-operadores-de-embarcaciones-de-recreo","status":"publish","type":"post","link":"https:\/\/lasprimeras.com.do\/index.php\/2023\/05\/06\/culmina-curso-de-formacion-de-operadores-de-embarcaciones-de-recreo\/","title":{"rendered":"Culmina curso de formaci\u00f3n de operadores de embarcaciones de recreo"},"content":{"rendered":"\n<p>Por Wilson P\u00e9rez<\/p>\n\n\n\n<p><strong>La Romana.-.<\/strong>La Armada de la Rep\u00fablica Dominicana, clausur\u00f3 el quinto curso de formaci\u00f3n de Operador de Embarcaciones de Recreo (COER), desarrollado en las instalaciones del Destacamento \u201cBayahibe\u201d, Provincia La Romana.<\/p>\n\n\n\n<p>Este curso conto con (50) participantes, los cuales fueron formados en materia de Seguridad Mar\u00edtima, Primeros Auxilios, Sensibilizaci\u00f3n a la Protecci\u00f3n del Medio Marino, Responsabilidad Social, Seguridad Personal y una fase practica en el mar.<\/p>\n\n\n\n<p>Esta instituci\u00f3n bajo las directrices del Comandante General de la Armada de Rep\u00fablica Dominicana, Vicealmirante Francisco Antonio Sosa Castillo, viene impartiendo estos cursos a trav\u00e9s del Comando Naval de Capitan\u00eda de Puerto, en su condici\u00f3n de Autoridad Mar\u00edtima y cumpliendo con su rol de ser la entidad responsable de formar a la gente de mar.<\/p>\n\n\n\n<p>Adem\u00e1s este entrenamiento habilita a las tripulaciones de las embarcaciones de recreo, para obtener la licencia de trabajar en las embarcaciones utilizadas para el transporte de pasajeros.<\/p>\n\n\n\n<p>Este curso viene a fortalecer las capacidades operacionales de los tripulantes de las embarcaciones de recreo, que es un pilar fundamental del desarrollo tur\u00edstico nacional.<\/p>\n\n\n\n<p>La actividad conto con la presencia el Capit\u00e1n de Nav\u00edo Plinio Ram\u00edrez Mej\u00eda, Comandante del Comando Naval de Capitan\u00edas de Puertos y Autoridad Mar\u00edtima.<\/p>\n","protected":false},"excerpt":{"rendered":"<p>Por Wilson P\u00e9rez La Romana.-.La Armada de la Rep\u00fablica Dominicana, clausur\u00f3 el quinto curso de formaci\u00f3n de Operador de Embarcaciones de Recreo (COER), desarrollado en las instalaciones del Destacamento \u201cBayahibe\u201d,&hellip;<\/p>\n","protected":false},"author":1,"featured_media":48995,"comment_status":"open","ping_status":"open","sticky":false,"template":"","format":"standard","meta":{"content-type":"","jetpack_post_was_ever_published":false,"_jetpack_newsletter_access":"","_jetpack_dont_email_post_to_subs":false,"_jetpack_newsletter_tier_id":0,"_jetpack_memberships_contains_paywalled_content":false,"_jetpack_memberships_contains_paid_content":false,"footnotes":""},"categories":[35],"tags":[654],"class_list":["post-48994","post","type-post","status-publish","format-standard","has-post-thumbnail","hentry","category-nacionales","tag-culmina-curso"],"jetpack_featured_media_url":"","jetpack-related-posts":[{"id":100100,"url":"https:\/\/lasprimeras.com.do\/index.php\/2025\/06\/01\/armada-de-rd-auxilia-embarcaciones-de-recreo-en-la-romana-y-samana\/","url_meta":{"origin":48994,"position":0},"title":"Armada de RD auxilia embarcaciones de recreo en La Romana y Saman\u00e1","author":"Nelson Feliz","date":"1 de junio de 2025","format":false,"excerpt":"La Armada de Rep\u00fablica Dominicana asisti\u00f3 a dos embarcaciones de recreo que presentaron fallas mec\u00e1nicas en incidentes ocurridos por separado en las provincias de La Romana y Saman\u00e1. La primera operaci\u00f3n tuvo lugar en las proximidades de La Romana, donde fue auxiliada la embarcaci\u00f3n tipo catamar\u00e1n \u00abBuenaventura\u00bb, de bandera dominicana,\u2026","rel":"","context":"En \u00abMILITARES\u00bb","block_context":{"text":"MILITARES","link":"https:\/\/lasprimeras.com.do\/index.php\/category\/militares\/"},"img":{"alt_text":"","src":"https:\/\/i0.wp.com\/lasprimeras.com.do\/wp-content\/uploads\/2025\/06\/ARD-1.jpg?resize=350%2C200&ssl=1","width":350,"height":200,"srcset":"https:\/\/i0.wp.com\/lasprimeras.com.do\/wp-content\/uploads\/2025\/06\/ARD-1.jpg?resize=350%2C200&ssl=1 1x, https:\/\/i0.wp.com\/lasprimeras.com.do\/wp-content\/uploads\/2025\/06\/ARD-1.jpg?resize=525%2C300&ssl=1 1.5x, https:\/\/i0.wp.com\/lasprimeras.com.do\/wp-content\/uploads\/2025\/06\/ARD-1.jpg?resize=700%2C400&ssl=1 2x"},"classes":[]},{"id":59343,"url":"https:\/\/lasprimeras.com.do\/index.php\/2023\/09\/02\/armada-celebra-graduacion-cursos-asesoria-contra-el-narcotrafico-e-interdiccion-maritima\/","url_meta":{"origin":48994,"position":1},"title":"Armada celebra graduaci\u00f3n cursos &#8220;Asesor\u00eda contra el narcotr\u00e1fico e Interdicci\u00f3n mar\u00edtima&#8221;","author":"Nelson Feliz","date":"2 de septiembre de 2023","format":false,"excerpt":"Por Martin Restituyo La Armada concluy\u00f3 con \u00e9xito el curso \"Asesor\u00eda contra el narcotr\u00e1fico y delitos conexos\" e \"Interdicci\u00f3n mar\u00edtima\", con la participaci\u00f3n de 28 oficiales y 20 subalternos de las diferentes unidades de cubierta de la instituci\u00f3n naval. El acto tuvo lugar en el sal\u00f3n de eventos \u201cLa Marina\u201d\u2026","rel":"","context":"En \u00abNACIONALES\u00bb","block_context":{"text":"NACIONALES","link":"https:\/\/lasprimeras.com.do\/index.php\/category\/nacionales\/"},"img":{"alt_text":"","src":"https:\/\/i0.wp.com\/lasprimeras.com.do\/wp-content\/uploads\/2023\/09\/Armada.jpg?resize=350%2C200&ssl=1","width":350,"height":200,"srcset":"https:\/\/i0.wp.com\/lasprimeras.com.do\/wp-content\/uploads\/2023\/09\/Armada.jpg?resize=350%2C200&ssl=1 1x, https:\/\/i0.wp.com\/lasprimeras.com.do\/wp-content\/uploads\/2023\/09\/Armada.jpg?resize=525%2C300&ssl=1 1.5x, https:\/\/i0.wp.com\/lasprimeras.com.do\/wp-content\/uploads\/2023\/09\/Armada.jpg?resize=700%2C400&ssl=1 2x"},"classes":[]},{"id":121543,"url":"https:\/\/lasprimeras.com.do\/index.php\/2026\/02\/06\/autoridades-inspeccionan-embarcaciones-ancladas-en-bahia-de-luperon-en-puerto-plata\/","url_meta":{"origin":48994,"position":2},"title":"Autoridades inspeccionan embarcaciones ancladas en Bah\u00eda de Luper\u00f3n en Puerto Plata","author":"Nelson Feliz","date":"6 de febrero de 2026","format":false,"excerpt":"Representantes de la Direcci\u00f3n General de Migraci\u00f3n (DGM) participaron de una visita t\u00e9cnica interinstitucional a las embarcaciones ancladas, en la Bah\u00eda de Luper\u00f3n en Puerto Plata. La acci\u00f3n fue coordinada por el Comandante del Comando Naval de Capitan\u00edas de Puertos y Autoridad Mar\u00edtima de la Armada, con el fin de\u2026","rel":"","context":"En \u00abNACIONALES\u00bb","block_context":{"text":"NACIONALES","link":"https:\/\/lasprimeras.com.do\/index.php\/category\/nacionales\/"},"img":{"alt_text":"","src":"https:\/\/i0.wp.com\/lasprimeras.com.do\/wp-content\/uploads\/2026\/02\/IMG-20260206-WA0172-scaled.jpg?resize=350%2C200&ssl=1","width":350,"height":200,"srcset":"https:\/\/i0.wp.com\/lasprimeras.com.do\/wp-content\/uploads\/2026\/02\/IMG-20260206-WA0172-scaled.jpg?resize=350%2C200&ssl=1 1x, https:\/\/i0.wp.com\/lasprimeras.com.do\/wp-content\/uploads\/2026\/02\/IMG-20260206-WA0172-scaled.jpg?resize=525%2C300&ssl=1 1.5x, https:\/\/i0.wp.com\/lasprimeras.com.do\/wp-content\/uploads\/2026\/02\/IMG-20260206-WA0172-scaled.jpg?resize=700%2C400&ssl=1 2x, https:\/\/i0.wp.com\/lasprimeras.com.do\/wp-content\/uploads\/2026\/02\/IMG-20260206-WA0172-scaled.jpg?resize=1050%2C600&ssl=1 3x, https:\/\/i0.wp.com\/lasprimeras.com.do\/wp-content\/uploads\/2026\/02\/IMG-20260206-WA0172-scaled.jpg?resize=1400%2C800&ssl=1 4x"},"classes":[]},{"id":102934,"url":"https:\/\/lasprimeras.com.do\/index.php\/2025\/07\/10\/fuerzas-armadas-culmina-curso-avanzado-de-contraterrorismo-y-manejo-de-crisis\/","url_meta":{"origin":48994,"position":3},"title":"Fuerzas Armadas culmina Curso Avanzado de Contraterrorismo y Manejo de Crisis","author":"Nelson Feliz","date":"10 de julio de 2025","format":false,"excerpt":"En una muestra de su compromiso con la formaci\u00f3n de unidades de \u00e9lite, el Ministerio de Defensa celebr\u00f3 la culminaci\u00f3n del Curso Avanzado de Contraterrorismo y Manejo de Crisis, una capacitaci\u00f3n intensiva que fortalece de manera decisiva las capacidades t\u00e1cticas de respuesta ante amenazas complejas en el territorio nacional. El\u2026","rel":"","context":"En \u00abMILITARES\u00bb","block_context":{"text":"MILITARES","link":"https:\/\/lasprimeras.com.do\/index.php\/category\/militares\/"},"img":{"alt_text":"","src":"https:\/\/i0.wp.com\/lasprimeras.com.do\/wp-content\/uploads\/2025\/07\/Fuerzas-Armadas-1.jpg?resize=350%2C200&ssl=1","width":350,"height":200,"srcset":"https:\/\/i0.wp.com\/lasprimeras.com.do\/wp-content\/uploads\/2025\/07\/Fuerzas-Armadas-1.jpg?resize=350%2C200&ssl=1 1x, https:\/\/i0.wp.com\/lasprimeras.com.do\/wp-content\/uploads\/2025\/07\/Fuerzas-Armadas-1.jpg?resize=525%2C300&ssl=1 1.5x, https:\/\/i0.wp.com\/lasprimeras.com.do\/wp-content\/uploads\/2025\/07\/Fuerzas-Armadas-1.jpg?resize=700%2C400&ssl=1 2x"},"classes":[]},{"id":106809,"url":"https:\/\/lasprimeras.com.do\/index.php\/2025\/08\/19\/mide-gradua-a-cadetes-y-soldados-en-cursos-de-operaciones-tacticas-especiales-en-areas-urbanas\/","url_meta":{"origin":48994,"position":4},"title":"MIDE grad\u00faa a cadetes y soldados en cursos de Operaciones T\u00e1cticas Especiales en \u00c1reas Urbanas","author":"Nelson Feliz","date":"19 de agosto de 2025","format":false,"excerpt":"El Ministerio de Defensa (MIDE) celebr\u00f3 la graduaci\u00f3n de los cursos de \u201cOperaciones T\u00e1cticas Especiales en \u00c1reas Urbanizadas\u201d (Monteros) y Tirador de Alta Precisi\u00f3n (TAP). Los entrenamientos fueron impartidos a los cadetes de cuarto a\u00f1o del glorioso Ej\u00e9rcito de la Rep\u00fablica Dominicana, as\u00ed como a miembros de la Unidad de\u2026","rel":"","context":"En \u00abMILITARES\u00bb","block_context":{"text":"MILITARES","link":"https:\/\/lasprimeras.com.do\/index.php\/category\/militares\/"},"img":{"alt_text":"","src":"https:\/\/i0.wp.com\/lasprimeras.com.do\/wp-content\/uploads\/2025\/08\/ONOFRE-1.jpg?resize=350%2C200&ssl=1","width":350,"height":200,"srcset":"https:\/\/i0.wp.com\/lasprimeras.com.do\/wp-content\/uploads\/2025\/08\/ONOFRE-1.jpg?resize=350%2C200&ssl=1 1x, https:\/\/i0.wp.com\/lasprimeras.com.do\/wp-content\/uploads\/2025\/08\/ONOFRE-1.jpg?resize=525%2C300&ssl=1 1.5x, https:\/\/i0.wp.com\/lasprimeras.com.do\/wp-content\/uploads\/2025\/08\/ONOFRE-1.jpg?resize=700%2C400&ssl=1 2x"},"classes":[]},{"id":122716,"url":"https:\/\/lasprimeras.com.do\/index.php\/2026\/02\/20\/republica-dominicana-y-portugal-firman-contrato-para-adquisicion-de-cuatro-patrulleros-de-altura-clase-tejo\/","url_meta":{"origin":48994,"position":5},"title":"Rep\u00fablica Dominicana y Portugal firman contrato para adquisici\u00f3n de cuatro patrulleros de altura Clase \u201cTejo\u201d","author":"Nelson Feliz","date":"20 de febrero de 2026","format":false,"excerpt":"Oporto, Portugal. \u2013 Los Gobiernos de la Rep\u00fablica Dominicana y Portugal firmaron un contrato intergubernamental para la adquisici\u00f3n de cuatro (4) patrulleros de altura clase \u201cTejo\u201d, destinados a fortalecer las capacidades operativas de la Armada Dominicana en la vigilancia, control y protecci\u00f3n de los espacios mar\u00edtimos bajo soberan\u00eda nacional. El\u2026","rel":"","context":"En \u00abINTERNACIONALES\u00bb","block_context":{"text":"INTERNACIONALES","link":"https:\/\/lasprimeras.com.do\/index.php\/category\/sin-categoria\/internacionales\/"},"img":{"alt_text":"Carlos Antonio Fern\u00e1ndez Onofre y Nuno Melo","src":"https:\/\/i0.wp.com\/lasprimeras.com.do\/wp-content\/uploads\/2026\/02\/Carlos-Antonio-Fernandez-Onofre-y-Nuno-Melo.jpg?resize=350%2C200&ssl=1","width":350,"height":200,"srcset":"https:\/\/i0.wp.com\/lasprimeras.com.do\/wp-content\/uploads\/2026\/02\/Carlos-Antonio-Fernandez-Onofre-y-Nuno-Melo.jpg?resize=350%2C200&ssl=1 1x, https:\/\/i0.wp.com\/lasprimeras.com.do\/wp-content\/uploads\/2026\/02\/Carlos-Antonio-Fernandez-Onofre-y-Nuno-Melo.jpg?resize=525%2C300&ssl=1 1.5x, https:\/\/i0.wp.com\/lasprimeras.com.do\/wp-content\/uploads\/2026\/02\/Carlos-Antonio-Fernandez-Onofre-y-Nuno-Melo.jpg?resize=700%2C400&ssl=1 2x"},"classes":[]}],"jetpack_sharing_enabled":true,"_links":{"self":[{"href":"https:\/\/lasprimeras.com.do\/index.php\/wp-json\/wp\/v2\/posts\/48994","targetHints":{"allow":["GET"]}}],"collection":[{"href":"https:\/\/lasprimeras.com.do\/index.php\/wp-json\/wp\/v2\/posts"}],"about":[{"href":"https:\/\/lasprimeras.com.do\/index.php\/wp-json\/wp\/v2\/types\/post"}],"author":[{"embeddable":true,"href":"https:\/\/lasprimeras.com.do\/index.php\/wp-json\/wp\/v2\/users\/1"}],"replies":[{"embeddable":true,"href":"https:\/\/lasprimeras.com.do\/index.php\/wp-json\/wp\/v2\/comments?post=48994"}],"version-history":[{"count":0,"href":"https:\/\/lasprimeras.com.do\/index.php\/wp-json\/wp\/v2\/posts\/48994\/revisions"}],"wp:featuredmedia":[{"embeddable":true,"href":"https:\/\/lasprimeras.com.do\/index.php\/wp-json\/"}],"wp:attachment":[{"href":"https:\/\/lasprimeras.com.do\/index.php\/wp-json\/wp\/v2\/media?parent=48994"}],"wp:term":[{"taxonomy":"category","embeddable":true,"href":"https:\/\/lasprimeras.com.do\/index.php\/wp-json\/wp\/v2\/categories?post=48994"},{"taxonomy":"post_tag","embeddable":true,"href":"https:\/\/lasprimeras.com.do\/index.php\/wp-json\/wp\/v2\/tags?post=48994"}],"curies":[{"name":"wp","href":"https:\/\/api.w.org\/{rel}","templated":true}]}}