{"id":49006,"date":"2023-05-06T21:30:06","date_gmt":"2023-05-07T01:30:06","guid":{"rendered":"https:\/\/atento.com.do\/?p=49006"},"modified":"2023-05-06T21:30:06","modified_gmt":"2023-05-07T01:30:06","slug":"madrid-leonel-fernandez-dicta-conferencia-sobre-tendencias-globales-en-una-era-de-incertidumbre","status":"publish","type":"post","link":"https:\/\/lasprimeras.com.do\/index.php\/2023\/05\/06\/madrid-leonel-fernandez-dicta-conferencia-sobre-tendencias-globales-en-una-era-de-incertidumbre\/","title":{"rendered":"Madrid: Leonel Fern\u00e1ndez dicta conferencia sobre &#8220;Tendencias globales en una era de incertidumbre&#8221;"},"content":{"rendered":"\n<p><strong>Madrid, Espa\u00f1a.-<\/strong> El ex presidente de la Rep\u00fablica Dominicana, Leonel Fern\u00e1ndez dict\u00f3 una conferencia en la Universidad Aut\u00f3noma de Madrid, en Espa\u00f1a, titulado: &#8220;Tendencias globales en una era de incertidumbre&#8221;, en el acto de graduaci\u00f3n del M\u00e1ster en Gobernanza y Derechos Humanos de esta academia de altos estudios.<\/p>\n\n\n\n<p>Fern\u00e1ndez, dijo sentirse honrado por la oportunidad, recalc\u00f3 la tesis que ha venido sosteniendo de que, &#8220;no hay soluci\u00f3n nacional a problemas de orden global&#8221;, pues para los mismos se requieren soluciones globales.<\/p>\n\n\n\n<p>Al hablar sobre el crecimiento demogr\u00e1fico, seguridad alimentaria, migraci\u00f3n internacional, cambio clim\u00e1tico, energ\u00eda, agua potable, cibercriminalidad, pandemias y proliferaci\u00f3n nuclear, Fern\u00e1ndez precis\u00f3 que: \u201cHay desaf\u00edos que trascienden las fronteras, nos afectan en el marco internacional, pero vienen desde el punto de lo global\u201d.<\/p>\n\n\n\n<p>\u201cNo hay en estos momentos una soluci\u00f3n global a esos temas y entonces los pa\u00edses se ven enfrascados en buscar soluciones nacionales que no existen y, la idea nuestra es que haya realmente alg\u00fan mecanismo que permita soluciones globales en base a la cooperaci\u00f3n, la cooperaci\u00f3n norte-sur, la cooperaci\u00f3n sur-sur; en el marco de un organismo como Naciones Unidas, para que entre todos a nivel mundial, podamos encontrar soluciones a los problemas globales&#8221;, explic\u00f3 Fern\u00e1ndez.<\/p>\n\n\n\n<p>El experimentado pol\u00edtico, asegur\u00f3 que, \u201cno hay una soluci\u00f3n nacional al cambio clim\u00e1tico, no hay una soluci\u00f3n nacional a los temas de la crisis financiera global, tiene que ser una soluci\u00f3n global. No hay una soluci\u00f3n nacional a los temas referentes al crimen transnacional organizado, al narcotr\u00e1fico, el narcotr\u00e1fico requiere la cooperaci\u00f3n, requiere la colaboraci\u00f3n; entonces no existe en el d\u00eda de hoy eso y, si no existe, nunca vamos a tener soluci\u00f3n a esos problemas\u201d.<\/p>\n\n\n\n<p>Durante su ponencia, el tambi\u00e9n presidente del partido Fuerza del Pueblo present\u00f3 varias publicaciones de medios de comunicaci\u00f3n internacionales sobre los \u00faltimos conflictos b\u00e9licos que se llevan a cabo entre pa\u00edses y la crisis financiera global; entre estas publicaciones, la del 1 de mayo del 2023 por The New York Times, &#8220;3 bancos quebrados este a\u00f1o fueron m\u00e1s grandes que los 25 que se derrumbaron en 2008&#8221;.<\/p>\n\n\n\n<p>Tras presentar lo que recogen los medios de prensa, el ex presidente dominicano hizo un recuento de la Guerra Fr\u00eda, que se extendi\u00f3 desde el 1947-1991, la ca\u00edda del Muro de Berl\u00edn en 1989 y las revoluciones de ese a\u00f1o en Polonia, Hungr\u00eda, Alemania Oriental, Bulgaria, Checoslovaquia y Rumania. Habl\u00f3 tambi\u00e9n de la desintegraci\u00f3n de la Uni\u00f3n Sovi\u00e9tica, la creaci\u00f3n de la Comunidad de Estados Independientes en 1991 y la Post-Guerra Fr\u00eda.<\/p>\n\n\n\n<p>El l\u00edder pol\u00edtico dominicano cit\u00f3 publicaciones de Francis Fukuyama y de Samuel P. Huntington, para plantear las teor\u00edas del Nuevo Orden Mundial y, posteriormente comentar sobre el momento unipolar de los Estados Unidos (1991-2001), en el que predomin\u00f3 la hegemon\u00eda de los EE.UU. Explic\u00f3 tambi\u00e9n lo relativo a la interdependencia e interconexi\u00f3n comercial, financiera, pol\u00edtica y cultural, que trajo consigo la globalizaci\u00f3n.<\/p>\n\n\n\n<p>En su relato hist\u00f3rico, Fern\u00e1ndez expuso el nacimiento de varios organismos multilaterales como la Uni\u00f3n Europea (Tratado de Maastritch, 1992), la Estructura Regional de la Orden de la Cooperaci\u00f3n Monetaria y Financiera en el Este de Asia, conocida como Asean +3, la Comunidad de Estados Latinoamericanos y Caribe\u00f1os (CELAC), la Uni\u00f3n Africana, la Liga \u00c1rabe, entre otras citadas.<\/p>\n\n\n\n<p>En la conferencia Leonel Fern\u00e1ndez abord\u00f3 problem\u00e1ticas diversas que como la era de la incertidumbre, espionaje internacional, la proliferaci\u00f3n de armas nucleares, competencia entre grandes potencias, la nueva configuraci\u00f3n geopol\u00edtica del mundo, la rivalidad inevitable entre China y Estados Unidos, la expansi\u00f3n de la OTAN, la relaci\u00f3n entre Rusia y China, entre otros temas.<\/p>\n\n\n\n<p>Estuvieron presentes el jurista y ex juez espa\u00f1ol, Baltasar Garz\u00f3n Real, el destacado periodista y escritor espa\u00f1ol, Juan Luis Cebri\u00e1n,&nbsp; el embajador dominicano en Espa\u00f1a Juan Bol\u00edvar D\u00edaz, el periodista y escritor, An\u00edbal de Castro, representante de RD en la Organizaci\u00f3n Mundial Turismo, adem\u00e1s de otras personalidades.<\/p>\n","protected":false},"excerpt":{"rendered":"<p>Madrid, Espa\u00f1a.- El ex presidente de la Rep\u00fablica Dominicana, Leonel Fern\u00e1ndez dict\u00f3 una conferencia en la Universidad Aut\u00f3noma de Madrid, en Espa\u00f1a, titulado: &#8220;Tendencias globales en una era de incertidumbre&#8221;,&hellip;<\/p>\n","protected":false},"author":1,"featured_media":49007,"comment_status":"open","ping_status":"open","sticky":false,"template":"","format":"standard","meta":{"content-type":"","jetpack_post_was_ever_published":false,"_jetpack_newsletter_access":"","_jetpack_dont_email_post_to_subs":false,"_jetpack_newsletter_tier_id":0,"_jetpack_memberships_contains_paywalled_content":false,"_jetpack_memberships_contains_paid_content":false,"footnotes":""},"categories":[25],"tags":[667,668,669,51,670,671],"class_list":["post-49006","post","type-post","status-publish","format-standard","has-post-thumbnail","hentry","category-portada","tag-conferencia","tag-dicta","tag-incertidumbre","tag-leonel-fernandez","tag-madrid","tag-tendencias-globales"],"jetpack_featured_media_url":"","jetpack-related-posts":[{"id":89033,"url":"https:\/\/lasprimeras.com.do\/index.php\/2024\/09\/14\/leonel-participa-en-conferencia-sobre-comunicacion-politica-dictada-por-javier-del-rey-morato\/","url_meta":{"origin":49006,"position":0},"title":"Leonel participa en conferencia sobre comunicaci\u00f3n pol\u00edtica dictada por Javier del Rey Morat\u00f3","author":"Nelson Feliz","date":"14 de septiembre de 2024","format":false,"excerpt":"El expresidente de la Rep\u00fablica, Leonel Fern\u00e1ndez, asisti\u00f3 este viernes al Centro Le\u00f3n, de esta ciudad, donde se llev\u00f3 a cabo la conferencia \"Campa\u00f1as electorales y la teor\u00eda l\u00fadica de la comunicaci\u00f3n pol\u00edtica\", a cargo del catedr\u00e1tico espa\u00f1ol Javier del Rey Morat\u00f3. Del Rey Morat\u00f3, invitado al pa\u00eds por el\u2026","rel":"","context":"En \u00abNACIONALES\u00bb","block_context":{"text":"NACIONALES","link":"https:\/\/lasprimeras.com.do\/index.php\/category\/nacionales\/"},"img":{"alt_text":"","src":"https:\/\/i0.wp.com\/lasprimeras.com.do\/wp-content\/uploads\/2024\/09\/Leonel-Fernandez.jpg?resize=350%2C200&ssl=1","width":350,"height":200,"srcset":"https:\/\/i0.wp.com\/lasprimeras.com.do\/wp-content\/uploads\/2024\/09\/Leonel-Fernandez.jpg?resize=350%2C200&ssl=1 1x, https:\/\/i0.wp.com\/lasprimeras.com.do\/wp-content\/uploads\/2024\/09\/Leonel-Fernandez.jpg?resize=525%2C300&ssl=1 1.5x, https:\/\/i0.wp.com\/lasprimeras.com.do\/wp-content\/uploads\/2024\/09\/Leonel-Fernandez.jpg?resize=700%2C400&ssl=1 2x"},"classes":[]},{"id":64960,"url":"https:\/\/lasprimeras.com.do\/index.php\/2023\/10\/24\/leonel-viaja-a-miami-a-dictar-conferencia-invitado-por-la-exembajadora-robin-bernstein-y-la-fiu\/","url_meta":{"origin":49006,"position":1},"title":"Leonel viaja a Miami a dictar conferencia, invitado por la exembajadora Robin Bernstein y la FIU","author":"Nelson Feliz","date":"24 de octubre de 2023","format":false,"excerpt":"LF estar\u00e1 tambi\u00e9n en Boston University dictando conferencia sobre globalizaci\u00f3n. Miami, Florida.- Leonel Fern\u00e1ndez viaj\u00f3 a la ciudad de Miami, para dictar una conferencia sobre el proceso democr\u00e1tico dominicano, invitado por la exembajadora de los Estados Unidos en la Rep\u00fablica Dominicana, Robin Bernstein y la Florida International University (FIU). La\u2026","rel":"","context":"En \u00abPORTADA\u00bb","block_context":{"text":"PORTADA","link":"https:\/\/lasprimeras.com.do\/index.php\/category\/portada\/"},"img":{"alt_text":"Leonel Fern\u00e1ndez y Robin Bernstein","src":"https:\/\/i0.wp.com\/lasprimeras.com.do\/wp-content\/uploads\/2023\/10\/Leonel-Fernandez-y-Robin-Bernstein-1.jpg?resize=350%2C200&ssl=1","width":350,"height":200,"srcset":"https:\/\/i0.wp.com\/lasprimeras.com.do\/wp-content\/uploads\/2023\/10\/Leonel-Fernandez-y-Robin-Bernstein-1.jpg?resize=350%2C200&ssl=1 1x, https:\/\/i0.wp.com\/lasprimeras.com.do\/wp-content\/uploads\/2023\/10\/Leonel-Fernandez-y-Robin-Bernstein-1.jpg?resize=525%2C300&ssl=1 1.5x, https:\/\/i0.wp.com\/lasprimeras.com.do\/wp-content\/uploads\/2023\/10\/Leonel-Fernandez-y-Robin-Bernstein-1.jpg?resize=700%2C400&ssl=1 2x"},"classes":[]},{"id":88980,"url":"https:\/\/lasprimeras.com.do\/index.php\/2024\/09\/11\/javier-del-rey-morato-dicta-conferencia-en-funglode-sobre-la-teoria-ludica-de-la-comunicacion-politica\/","url_meta":{"origin":49006,"position":2},"title":"Javier del Rey Morat\u00f3 dicta conferencia en Funglode sobre \u201cla teor\u00eda l\u00fadica de la comunicaci\u00f3n pol\u00edtica\u201d","author":"Nelson Feliz","date":"11 de septiembre de 2024","format":false,"excerpt":"La Fundaci\u00f3n Global Democracia y Desarrollo (Funglode) sirvi\u00f3 de escenario para que la noche de este mi\u00e9rcoles, el destacado catedr\u00e1tico espa\u00f1ol Javier del Rey Morat\u00f3 dictara la conferencia titulada: \"Campa\u00f1as Electorales y la Teor\u00eda L\u00fadica de la Comunicaci\u00f3n Pol\u00edtica\". Javier del Rey Morat\u00f3 es doctor en Ciencias de la Informaci\u00f3n\u2026","rel":"","context":"En \u00abNACIONALES\u00bb","block_context":{"text":"NACIONALES","link":"https:\/\/lasprimeras.com.do\/index.php\/category\/nacionales\/"},"img":{"alt_text":"Javier del Rey Morat\u00f3","src":"https:\/\/i0.wp.com\/lasprimeras.com.do\/wp-content\/uploads\/2024\/09\/Javier-del-Rey-Morato.jpg?resize=350%2C200&ssl=1","width":350,"height":200,"srcset":"https:\/\/i0.wp.com\/lasprimeras.com.do\/wp-content\/uploads\/2024\/09\/Javier-del-Rey-Morato.jpg?resize=350%2C200&ssl=1 1x, https:\/\/i0.wp.com\/lasprimeras.com.do\/wp-content\/uploads\/2024\/09\/Javier-del-Rey-Morato.jpg?resize=525%2C300&ssl=1 1.5x, https:\/\/i0.wp.com\/lasprimeras.com.do\/wp-content\/uploads\/2024\/09\/Javier-del-Rey-Morato.jpg?resize=700%2C400&ssl=1 2x"},"classes":[]},{"id":56069,"url":"https:\/\/lasprimeras.com.do\/index.php\/2023\/07\/27\/periodista-dominicana-dictara-conferencia-en-la-primera-feria-internacional-del-libro-en-ee-uu\/","url_meta":{"origin":49006,"position":3},"title":"Periodista dominicana dictar\u00e1 conferencia en la Primera Feria Internacional del Libro en EE. UU.","author":"Nelson Feliz","date":"27 de julio de 2023","format":false,"excerpt":"En el marco de la Primera Feria Internacional del Libro Periodista-Escritor en la Ciudad de Nueva York, Estados Unidos, el Colegio Dominicano de Periodistas (CDP) ha invitado a la periodista y experta en Marketing y Comunicaci\u00f3n Pol\u00edtica, Odil Beato Hern\u00e1ndez, para disertar sobre \"Social Media Book Marketing: C\u00f3mo mercadear las\u2026","rel":"","context":"En \u00abNACIONALES\u00bb","block_context":{"text":"NACIONALES","link":"https:\/\/lasprimeras.com.do\/index.php\/category\/nacionales\/"},"img":{"alt_text":"Odil Beato","src":"https:\/\/i0.wp.com\/lasprimeras.com.do\/wp-content\/uploads\/2023\/07\/Odil-Beato.jpg?resize=350%2C200&ssl=1","width":350,"height":200,"srcset":"https:\/\/i0.wp.com\/lasprimeras.com.do\/wp-content\/uploads\/2023\/07\/Odil-Beato.jpg?resize=350%2C200&ssl=1 1x, https:\/\/i0.wp.com\/lasprimeras.com.do\/wp-content\/uploads\/2023\/07\/Odil-Beato.jpg?resize=525%2C300&ssl=1 1.5x, https:\/\/i0.wp.com\/lasprimeras.com.do\/wp-content\/uploads\/2023\/07\/Odil-Beato.jpg?resize=700%2C400&ssl=1 2x"},"classes":[]},{"id":93769,"url":"https:\/\/lasprimeras.com.do\/index.php\/2025\/02\/19\/dicta-conferencia-la-evolucion-de-la-democracia-en-rd-en-universidad-columbia-ny\/","url_meta":{"origin":49006,"position":4},"title":"Dicta conferencia \u00abLa Evoluci\u00f3n de la Democracia en RD\u00bb en Universidad Columbia-NY","author":"Nelson Feliz","date":"19 de febrero de 2025","format":false,"excerpt":"Por Ram\u00f3n Mercedes NUEVA YORK.- La Universidad de Columbia en esta ciudad fue escenario este lunes de la conferencia \u00abLa Evoluci\u00f3n de la Democracia en la Rep\u00fablica Dominicana\u00bb, dictada por el abogado, consultor y director del Observatorio Pol\u00edtico Dominicano (OPD-FUNGLODE), Nathanael Concepci\u00f3n, con la iniciativa de \u00abJuventud Hablemos\u00bb. Asistieron el\u2026","rel":"","context":"En \u00abINTERNACIONALES\u00bb","block_context":{"text":"INTERNACIONALES","link":"https:\/\/lasprimeras.com.do\/index.php\/category\/sin-categoria\/internacionales\/"},"img":{"alt_text":"","src":"https:\/\/i0.wp.com\/lasprimeras.com.do\/wp-content\/uploads\/2025\/02\/WhatsApp-Image-2025-02-19-at-4.38.52-AM.jpeg?resize=350%2C200&ssl=1","width":350,"height":200,"srcset":"https:\/\/i0.wp.com\/lasprimeras.com.do\/wp-content\/uploads\/2025\/02\/WhatsApp-Image-2025-02-19-at-4.38.52-AM.jpeg?resize=350%2C200&ssl=1 1x, https:\/\/i0.wp.com\/lasprimeras.com.do\/wp-content\/uploads\/2025\/02\/WhatsApp-Image-2025-02-19-at-4.38.52-AM.jpeg?resize=525%2C300&ssl=1 1.5x"},"classes":[]},{"id":56746,"url":"https:\/\/lasprimeras.com.do\/index.php\/2023\/08\/04\/lf-propone-inteligencia-artificial-para-transformar-educacion-rd\/","url_meta":{"origin":49006,"position":5},"title":"LF propone inteligencia artificial para transformar educaci\u00f3n RD","author":"Nelson Feliz","date":"4 de agosto de 2023","format":false,"excerpt":"El precandidato presidencial del partido Fuerza del Pueblo (FP), Leonel Fern\u00e1ndez, propuso introducir Inteligencia Artificial para transformar el sistema de educaci\u00f3n en Rep\u00fablica Dominicana. \u00abEn Rep\u00fablica Dominicana no estamos haciendo un an\u00e1lisis cr\u00edtico sobre nuestra educaci\u00f3n, no se est\u00e1n evaluando las soluciones ni metodolog\u00eda para mejorar, solo estamos midiendo las\u2026","rel":"","context":"En \u00abPORTADA\u00bb","block_context":{"text":"PORTADA","link":"https:\/\/lasprimeras.com.do\/index.php\/category\/portada\/"},"img":{"alt_text":"Leonel Fern\u00e1ndez","src":"https:\/\/i0.wp.com\/lasprimeras.com.do\/wp-content\/uploads\/2023\/08\/Leonel-Fernandez.jpg?resize=350%2C200&ssl=1","width":350,"height":200,"srcset":"https:\/\/i0.wp.com\/lasprimeras.com.do\/wp-content\/uploads\/2023\/08\/Leonel-Fernandez.jpg?resize=350%2C200&ssl=1 1x, https:\/\/i0.wp.com\/lasprimeras.com.do\/wp-content\/uploads\/2023\/08\/Leonel-Fernandez.jpg?resize=525%2C300&ssl=1 1.5x, https:\/\/i0.wp.com\/lasprimeras.com.do\/wp-content\/uploads\/2023\/08\/Leonel-Fernandez.jpg?resize=700%2C400&ssl=1 2x"},"classes":[]}],"jetpack_sharing_enabled":true,"_links":{"self":[{"href":"https:\/\/lasprimeras.com.do\/index.php\/wp-json\/wp\/v2\/posts\/49006","targetHints":{"allow":["GET"]}}],"collection":[{"href":"https:\/\/lasprimeras.com.do\/index.php\/wp-json\/wp\/v2\/posts"}],"about":[{"href":"https:\/\/lasprimeras.com.do\/index.php\/wp-json\/wp\/v2\/types\/post"}],"author":[{"embeddable":true,"href":"https:\/\/lasprimeras.com.do\/index.php\/wp-json\/wp\/v2\/users\/1"}],"replies":[{"embeddable":true,"href":"https:\/\/lasprimeras.com.do\/index.php\/wp-json\/wp\/v2\/comments?post=49006"}],"version-history":[{"count":0,"href":"https:\/\/lasprimeras.com.do\/index.php\/wp-json\/wp\/v2\/posts\/49006\/revisions"}],"wp:featuredmedia":[{"embeddable":true,"href":"https:\/\/lasprimeras.com.do\/index.php\/wp-json\/"}],"wp:attachment":[{"href":"https:\/\/lasprimeras.com.do\/index.php\/wp-json\/wp\/v2\/media?parent=49006"}],"wp:term":[{"taxonomy":"category","embeddable":true,"href":"https:\/\/lasprimeras.com.do\/index.php\/wp-json\/wp\/v2\/categories?post=49006"},{"taxonomy":"post_tag","embeddable":true,"href":"https:\/\/lasprimeras.com.do\/index.php\/wp-json\/wp\/v2\/tags?post=49006"}],"curies":[{"name":"wp","href":"https:\/\/api.w.org\/{rel}","templated":true}]}}