{"id":49015,"date":"2023-05-06T21:53:43","date_gmt":"2023-05-07T01:53:43","guid":{"rendered":"https:\/\/atento.com.do\/?p=49015"},"modified":"2023-05-06T21:53:43","modified_gmt":"2023-05-07T01:53:43","slug":"edeeste-trabaja-para-solucionar-interrupciones-por-averia-en-villa-mella","status":"publish","type":"post","link":"https:\/\/lasprimeras.com.do\/index.php\/2023\/05\/06\/edeeste-trabaja-para-solucionar-interrupciones-por-averia-en-villa-mella\/","title":{"rendered":"Edeeste trabaja para solucionar interrupciones por aver\u00eda en Villa Mella"},"content":{"rendered":"\n<p>Ingeniero Andr\u00e9s Portes explica crecimiento poblacional en la zona y altas temperaturas anticipadas generaron sobredemanda que provoc\u00f3 sobrecarga en el equipo.<\/p>\n\n\n\n<p><strong>Santo Domingo. \u2013<\/strong> La Empresa Distribuidora de Electricidad del Este (Edeeste) realiza las labores de rigor para resolver, lo antes posible, la situaci\u00f3n generada por la salida del circuito BNV1-C01, en Villa Mella, municipio Santo Domingo Norte, debido a una falla en el transformador de potencia de la Subestaci\u00f3n BNV.<\/p>\n\n\n\n<p>El gerente general de Edeeste, ingeniero Andr\u00e9s Portes, al inspeccionar dichos trabajos, explic\u00f3 que esta ha sido la raz\u00f3n por la que el servicio energ\u00e9tico se ha visto interrumpido en dicha \u00e1rea de servicio.<\/p>\n\n\n\n<p>\u201cEstamos enfocados en restablecer la estabilidad en la energ\u00eda a la zona de Bienaventuranza, San Rafael, Los Casabes y dem\u00e1s sectores de Villa Mella que est\u00e1n alimentados de la Subestaci\u00f3n BNV\u201d, enfatiz\u00f3.<\/p>\n\n\n\n<p>\u201cEsta terminal el\u00e9ctrica es una de 14 megavatios, pero la tenemos sobrecargada. Edeeste, dentro del plan log\u00edstico de repotenciaci\u00f3n de subestaciones, la tiene en prioridad uno en este momento, porque hace unos meses repotenciamos la Subestaci\u00f3n 138-125 de Villa Mella para evitar un colapso cuando llegara el verano\u201d, detall\u00f3.<\/p>\n\n\n\n<p>\u201cDel mismo modo, repotenciamos la Subestaci\u00f3n de Guerra y la del kil\u00f3metro 24 en la carretera Mella, para evitar una situaci\u00f3n como la que se ha presentado aqu\u00ed, debido al aumento de la demanda por el calor que se ha producido anticipadamente a los meses de altas temperaturas, que son, generalmente: julio, agosto, septiembre y octubre\u201d, precis\u00f3.<\/p>\n\n\n\n<p>Portes explic\u00f3 se aprestan a cambiar el transformador averiado por uno de potencia duplicada, \u201cdado que el existente aqu\u00ed es de 14 megavatios y vamos a instalar uno de 28 megavatios, para tener m\u00e1s confiabilidad y seguridad en el servicio de electricidad que brindamos en la zona\u201d.<\/p>\n\n\n\n<p>Tambi\u00e9n explic\u00f3 que realizaron todos los c\u00e1lculos y las previsiones de lugar para transferir la carga de dicha subestaci\u00f3n a la de 138, \u201ca fin de evitar que el transformador se sature y saque los circuitos por sobrecarga, que es lo que ha venido ocurriendo desde antes de ayer\u201d.<\/p>\n\n\n\n<figure class=\"wp-block-image size-full\"><img decoding=\"async\" src=\"https:\/\/atento.com.do\/wp-content\/uploads\/2023\/05\/EDEESTE-BNV4.jpg\" alt=\"\" class=\"wp-image-49017\"\/><\/figure>\n\n\n\n<p>Para tales fines, personal de Mantenimiento, de la Direcci\u00f3n de Distribuci\u00f3n, procedi\u00f3 este viernes con el trasvase de unos cuatro megavatios desde el circuito 01 de la Subestaci\u00f3n BNB al 09 de la de Villa Mella.<\/p>\n\n\n\n<p>\u201cCon este trabajo vamos a lograr disminuir la sobrecarga que, desde hace tres d\u00edas, se est\u00e1 registrando en la terminal afectada, a partir de la hora pico las 9:00 de la noche. Mediante este movimiento, buscamos disminuir significativamente la potencia que se ha disparado en estos \u00faltimos tres d\u00edas, producto de las altas temperaturas que se est\u00e1n registrando en toda la geograf\u00eda nacional\u201d, acot\u00f3.<\/p>\n\n\n\n<p>\u201cHoy estamos haciendo el trasvase de carga en lo que traemos el transformador que instalaremos en lugar del existente\u201d, aclar\u00f3 Portes.<\/p>\n\n\n\n<p>\u201cEs importante anunciar que informaremos a la sociedad oportunamente c\u00f3mo ser\u00e1 este proceso y qu\u00e9 programaci\u00f3n haremos con las posibles interrupciones que van a existir por ese trabajo mayor, pero solicitamos a la poblaci\u00f3n que conf\u00ede en nosotros. Vamos a dar una soluci\u00f3n muy oportuna y pertinente a la situaci\u00f3n que se nos ha presentado en esta zona\u201d, puntualiz\u00f3.<\/p>\n\n\n\n<p>M\u00e1s detalles sobre la situaci\u00f3n de la demanda el\u00e9ctrica en Villa Mella<\/p>\n\n\n\n<p>El gerente general de Edeeste remarc\u00f3 que el crecimiento demogr\u00e1fico experimentado en la comunidad de Villa Mella ha sido exponencial y esto ha provocado un aumento en la demanda energ\u00e9tica que le brinda la empresa de unos 10 gigavatios hora\/ mes todos los meses.<\/p>\n\n\n\n<p>\u201cEn esta zona, con las construcciones de las nuevas lotificaciones, ha habido una demanda desproporcionada, fuera de la proyecci\u00f3n que hiciera Edeeste en sus a\u00f1os o meses anteriores. Esto, obviamente, ha provocado la sobrecarga de este transformador antes de lo previsto\u201d, continu\u00f3.<\/p>\n\n\n\n<p>\u201cObviamente, las redes de esta subestaci\u00f3n tambi\u00e9n est\u00e1n experimentando un nivel de sobrecarga importante, que provoca aver\u00edas trascendentes por el uso o el paso de una corriente que no soportan ya los cables, fruto de ese crecimiento\u201d, detall\u00f3.<\/p>\n\n\n\n<p>El funcionario estim\u00f3 que es importante que la poblaci\u00f3n sepa esta informaci\u00f3n para que pueda entender el motivo de las aver\u00edas y las interrupciones.<\/p>\n\n\n\n<p>Sin embargo, reiter\u00f3 que este viernes esperan tener bajo control la eventualidad ocurrida, \u201cpara hacer lo propio y que los clientes de Edeeste en la zona puedan tener energ\u00eda confiable en los pr\u00f3ximos d\u00edas\u201d.<\/p>\n\n\n\n<p>\u201cSolicitamos a la poblaci\u00f3n que tenga un poco de paciencia y de calma mientras solucionamos esta situaci\u00f3n en el menor tiempo posible\u201d, dijo Andr\u00e9s Portes, finalmente.<\/p>\n","protected":false},"excerpt":{"rendered":"<p>Ingeniero Andr\u00e9s Portes explica crecimiento poblacional en la zona y altas temperaturas anticipadas generaron sobredemanda que provoc\u00f3 sobrecarga en el equipo. Santo Domingo. \u2013 La Empresa Distribuidora de Electricidad del&hellip;<\/p>\n","protected":false},"author":1,"featured_media":49016,"comment_status":"open","ping_status":"open","sticky":false,"template":"","format":"standard","meta":{"content-type":"","jetpack_post_was_ever_published":false,"_jetpack_newsletter_access":"","_jetpack_dont_email_post_to_subs":false,"_jetpack_newsletter_tier_id":0,"_jetpack_memberships_contains_paywalled_content":false,"_jetpack_memberships_contains_paid_content":false,"footnotes":""},"categories":[35],"tags":[682,657,683,684],"class_list":["post-49015","post","type-post","status-publish","format-standard","has-post-thumbnail","hentry","category-nacionales","tag-averia","tag-edeeste","tag-interrupciones","tag-villa-mella"],"jetpack_featured_media_url":"","jetpack-related-posts":[{"id":126350,"url":"https:\/\/lasprimeras.com.do\/index.php\/2026\/03\/31\/edeeste-avanza-en-proyectos-de-mejora-de-calidad-en-la-romana\/","url_meta":{"origin":49015,"position":0},"title":"Edeeste avanza en proyectos de mejora de calidad en La Romana","author":"Nelson Feliz","date":"31 de marzo de 2026","format":false,"excerpt":"La Empresa Distribuidora de Electricidad del Este (Edeeste) inform\u00f3 sobre los avances del proyecto de conversi\u00f3n de voltaje y normalizaci\u00f3n de clientes en el circuito ROPU01, en La Romana, una intervenci\u00f3n clave para mejorar la calidad y estabilidad del servicio el\u00e9ctrico en la zona. Este proyecto contempla una inversi\u00f3n de\u2026","rel":"","context":"En \u00abECONOM\u00cdA\u00bb","block_context":{"text":"ECONOM\u00cdA","link":"https:\/\/lasprimeras.com.do\/index.php\/category\/economia\/"},"img":{"alt_text":"","src":"https:\/\/i0.wp.com\/lasprimeras.com.do\/wp-content\/uploads\/2026\/03\/Edeeste.jpg?resize=350%2C200&ssl=1","width":350,"height":200,"srcset":"https:\/\/i0.wp.com\/lasprimeras.com.do\/wp-content\/uploads\/2026\/03\/Edeeste.jpg?resize=350%2C200&ssl=1 1x, https:\/\/i0.wp.com\/lasprimeras.com.do\/wp-content\/uploads\/2026\/03\/Edeeste.jpg?resize=525%2C300&ssl=1 1.5x, https:\/\/i0.wp.com\/lasprimeras.com.do\/wp-content\/uploads\/2026\/03\/Edeeste.jpg?resize=700%2C400&ssl=1 2x"},"classes":[]},{"id":64048,"url":"https:\/\/lasprimeras.com.do\/index.php\/2023\/10\/17\/edeeste-resolvera-necesidades-energeticas-en-sector-buena-vista-ii-de-sdn\/","url_meta":{"origin":49015,"position":1},"title":"Edeeste resolver\u00e1 necesidades energ\u00e9ticas en sector Buena Vista II de SDN","author":"Nelson Feliz","date":"17 de octubre de 2023","format":false,"excerpt":"Por Martin Restituyo La Empresa Distribuidora de Electricidad del Este (Edeeste) indag\u00f3 y document\u00f3 las necesidades que presentan sus clientes en relaci\u00f3n al servicio que ofrece en Buena Vista II, durante un encuentro con l\u00edderes comunitarios de ese sector, ubicado en el municipio Santo Domingo Norte. El gerente general de\u2026","rel":"","context":"En \u00abNACIONALES\u00bb","block_context":{"text":"NACIONALES","link":"https:\/\/lasprimeras.com.do\/index.php\/category\/nacionales\/"},"img":{"alt_text":"edeeste","src":"https:\/\/i0.wp.com\/lasprimeras.com.do\/wp-content\/uploads\/2023\/10\/edeeste.jpg?resize=350%2C200&ssl=1","width":350,"height":200,"srcset":"https:\/\/i0.wp.com\/lasprimeras.com.do\/wp-content\/uploads\/2023\/10\/edeeste.jpg?resize=350%2C200&ssl=1 1x, https:\/\/i0.wp.com\/lasprimeras.com.do\/wp-content\/uploads\/2023\/10\/edeeste.jpg?resize=525%2C300&ssl=1 1.5x, https:\/\/i0.wp.com\/lasprimeras.com.do\/wp-content\/uploads\/2023\/10\/edeeste.jpg?resize=700%2C400&ssl=1 2x"},"classes":[]},{"id":49496,"url":"https:\/\/lasprimeras.com.do\/index.php\/2023\/05\/11\/edeeste-informa-sobre-interrupcion-de-la-energia-jueves-y-viernes-en-la-jacobo-majluta-por-trabajos\/","url_meta":{"origin":49015,"position":2},"title":"Edeeste informa sobre interrupci\u00f3n de la energ\u00eda jueves y viernes en la Jacobo Majluta por trabajos","author":"prenxa100","date":"11 de mayo de 2023","format":false,"excerpt":"Los trabajos constituyen la primera etapa del proyecto de repotenciaci\u00f3n de la Subestaci\u00f3n BNV, en Santo Domingo Norte. Santo Domingo, RD.-. La Empresa Distribuidora de Electricidad del Este (Edeeste) inform\u00f3 que estar\u00e1 realizando los d\u00edas jueves y viernes en la avenida Jacobo Majluta (en Santo Domingo Norte) y \u00e1reas circunvecinas\u2026","rel":"","context":"En \u00abNACIONALES\u00bb","block_context":{"text":"NACIONALES","link":"https:\/\/lasprimeras.com.do\/index.php\/category\/nacionales\/"},"img":{"alt_text":"","src":"","width":0,"height":0},"classes":[]},{"id":60273,"url":"https:\/\/lasprimeras.com.do\/index.php\/2023\/09\/12\/en-medio-de-apagones-edeeste-convoca-con-urgencia-a-proveedores-para-cambiar-transformadores\/","url_meta":{"origin":49015,"position":3},"title":"En medio de apagones Edeeste convoca con urgencia a proveedores para cambiar transformadores","author":"Nelson Feliz","date":"12 de septiembre de 2023","format":false,"excerpt":"La empresa distribuidora de electricidad asegura que los servicios a contratar son para cubrir emergencias por calor y temporada cicl\u00f3nica. La Empresa Distribuidora de Electricidad del Este (Edeeste) convoc\u00f3 hoy, con car\u00e1cter de urgencia, a empresas proveedoras del Estado para que le suplan de varios bienes y servicios el\u00e9ctricos de\u2026","rel":"","context":"En \u00abECONOM\u00cdA\u00bb","block_context":{"text":"ECONOM\u00cdA","link":"https:\/\/lasprimeras.com.do\/index.php\/category\/economia\/"},"img":{"alt_text":"","src":"https:\/\/i0.wp.com\/lasprimeras.com.do\/wp-content\/uploads\/2023\/09\/electricidad-barrios-.jpg?resize=350%2C200&ssl=1","width":350,"height":200,"srcset":"https:\/\/i0.wp.com\/lasprimeras.com.do\/wp-content\/uploads\/2023\/09\/electricidad-barrios-.jpg?resize=350%2C200&ssl=1 1x, https:\/\/i0.wp.com\/lasprimeras.com.do\/wp-content\/uploads\/2023\/09\/electricidad-barrios-.jpg?resize=525%2C300&ssl=1 1.5x, https:\/\/i0.wp.com\/lasprimeras.com.do\/wp-content\/uploads\/2023\/09\/electricidad-barrios-.jpg?resize=700%2C400&ssl=1 2x"},"classes":[]},{"id":122741,"url":"https:\/\/lasprimeras.com.do\/index.php\/2026\/02\/20\/edeeste-supera-los-35-mil-clientes-con-servicio-prepago\/","url_meta":{"origin":49015,"position":4},"title":"Edeeste supera los 35 mil clientes con servicio Prepago","author":"Nelson Feliz","date":"20 de febrero de 2026","format":false,"excerpt":"Edeeste proyecta incorporar 10 mil m\u00e1s en 2026. La Empresa Distribuidora de Electricidad del Este (Edeeste) inform\u00f3 que actualmente cuenta con 35,284 clientes contratados bajo la modalidad de servicio Prepago, consolidando esta alternativa como una herramienta clave para fomentar un consumo el\u00e9ctrico m\u00e1s eficiente dentro de su zona de concesi\u00f3n.\u2026","rel":"","context":"En \u00abECONOM\u00cdA\u00bb","block_context":{"text":"ECONOM\u00cdA","link":"https:\/\/lasprimeras.com.do\/index.php\/category\/economia\/"},"img":{"alt_text":"Edeeste","src":"https:\/\/i0.wp.com\/lasprimeras.com.do\/wp-content\/uploads\/2026\/02\/Edeeste-1.jpg?resize=350%2C200&ssl=1","width":350,"height":200,"srcset":"https:\/\/i0.wp.com\/lasprimeras.com.do\/wp-content\/uploads\/2026\/02\/Edeeste-1.jpg?resize=350%2C200&ssl=1 1x, https:\/\/i0.wp.com\/lasprimeras.com.do\/wp-content\/uploads\/2026\/02\/Edeeste-1.jpg?resize=525%2C300&ssl=1 1.5x, https:\/\/i0.wp.com\/lasprimeras.com.do\/wp-content\/uploads\/2026\/02\/Edeeste-1.jpg?resize=700%2C400&ssl=1 2x"},"classes":[]},{"id":58453,"url":"https:\/\/lasprimeras.com.do\/index.php\/2023\/08\/24\/cued-informa-que-las-ede-reparan-en-tiempo-record-averias-provocadas-por-tormenta-franklin\/","url_meta":{"origin":49015,"position":5},"title":"CUED informa que las EDE reparan en tiempo r\u00e9cord aver\u00edas provocadas por tormenta Franklin","author":"Nelson Feliz","date":"24 de agosto de 2023","format":false,"excerpt":"La tormenta tropical Franklin, que este mi\u00e9rcoles se desplaz\u00f3 transversalmente por el pa\u00eds, con lluvias torrenciales y r\u00e1fagas de viento de intensidad considerable, provoc\u00f3 aver\u00edas en el sistema el\u00e9ctrico nacional y afect\u00f3, hasta las 5:00 de la tarde, a unos 700,000l clientes de las distribuidoras de energ\u00eda estatales. El Consejo\u2026","rel":"","context":"En \u00abNACIONALES\u00bb","block_context":{"text":"NACIONALES","link":"https:\/\/lasprimeras.com.do\/index.php\/category\/nacionales\/"},"img":{"alt_text":"EDEESTE","src":"https:\/\/i0.wp.com\/lasprimeras.com.do\/wp-content\/uploads\/2023\/08\/TRABAJOS-EDEESTE-MIERCOLES-23-DE-AGOSTO-2023-2.jpg?resize=350%2C200&ssl=1","width":350,"height":200,"srcset":"https:\/\/i0.wp.com\/lasprimeras.com.do\/wp-content\/uploads\/2023\/08\/TRABAJOS-EDEESTE-MIERCOLES-23-DE-AGOSTO-2023-2.jpg?resize=350%2C200&ssl=1 1x, https:\/\/i0.wp.com\/lasprimeras.com.do\/wp-content\/uploads\/2023\/08\/TRABAJOS-EDEESTE-MIERCOLES-23-DE-AGOSTO-2023-2.jpg?resize=525%2C300&ssl=1 1.5x, https:\/\/i0.wp.com\/lasprimeras.com.do\/wp-content\/uploads\/2023\/08\/TRABAJOS-EDEESTE-MIERCOLES-23-DE-AGOSTO-2023-2.jpg?resize=700%2C400&ssl=1 2x"},"classes":[]}],"jetpack_sharing_enabled":true,"_links":{"self":[{"href":"https:\/\/lasprimeras.com.do\/index.php\/wp-json\/wp\/v2\/posts\/49015","targetHints":{"allow":["GET"]}}],"collection":[{"href":"https:\/\/lasprimeras.com.do\/index.php\/wp-json\/wp\/v2\/posts"}],"about":[{"href":"https:\/\/lasprimeras.com.do\/index.php\/wp-json\/wp\/v2\/types\/post"}],"author":[{"embeddable":true,"href":"https:\/\/lasprimeras.com.do\/index.php\/wp-json\/wp\/v2\/users\/1"}],"replies":[{"embeddable":true,"href":"https:\/\/lasprimeras.com.do\/index.php\/wp-json\/wp\/v2\/comments?post=49015"}],"version-history":[{"count":0,"href":"https:\/\/lasprimeras.com.do\/index.php\/wp-json\/wp\/v2\/posts\/49015\/revisions"}],"wp:featuredmedia":[{"embeddable":true,"href":"https:\/\/lasprimeras.com.do\/index.php\/wp-json\/"}],"wp:attachment":[{"href":"https:\/\/lasprimeras.com.do\/index.php\/wp-json\/wp\/v2\/media?parent=49015"}],"wp:term":[{"taxonomy":"category","embeddable":true,"href":"https:\/\/lasprimeras.com.do\/index.php\/wp-json\/wp\/v2\/categories?post=49015"},{"taxonomy":"post_tag","embeddable":true,"href":"https:\/\/lasprimeras.com.do\/index.php\/wp-json\/wp\/v2\/tags?post=49015"}],"curies":[{"name":"wp","href":"https:\/\/api.w.org\/{rel}","templated":true}]}}