{"id":49023,"date":"2023-05-07T09:42:06","date_gmt":"2023-05-07T13:42:06","guid":{"rendered":"https:\/\/atento.com.do\/?p=49023"},"modified":"2023-05-07T09:42:06","modified_gmt":"2023-05-07T13:42:06","slug":"dirigente-de-la-fp-cuestiona-borrador-de-la-resolucion-de-la-jce-dice-favorece-oficialismo","status":"publish","type":"post","link":"https:\/\/lasprimeras.com.do\/index.php\/2023\/05\/07\/dirigente-de-la-fp-cuestiona-borrador-de-la-resolucion-de-la-jce-dice-favorece-oficialismo\/","title":{"rendered":"Dirigente de la FP cuestiona \u201cBorrador de la Resoluci\u00f3n de la JCE\u201d, dice favorece oficialismo"},"content":{"rendered":"\n<p><strong>Santo Domingo .- <\/strong>El miembro de la Direcci\u00f3n Central de la Fuerza del Pueblo (FP), Pedro Jim\u00e9nez cuestion\u00f3 hoy al pleno de la Junta Central Electoral de favorecer al gobierno, con el borrador de la resoluci\u00f3n sobre el porcentaje de las reservas de las candidaturas dispuesto por la Ley 33-18, pretendiendo establecer\u00a0 que el 20 % de las reservas sea aplicado en cada nivel de elecci\u00f3n en las elecciones municipales, congresuales y presidenciales del a\u00f1o 2024.<\/p>\n\n\n\n<p>Jim\u00e9nez, expres\u00f3 su rechazo al borrador presentado por el pleno de la JCE, porque pone en riesgo la seguridad jur\u00eddica, la certeza y confianza electoral, en medio del montaje de los procesos internos de elecci\u00f3n de candidatos en octubre de este a\u00f1o y las elecciones del 2024.<\/p>\n\n\n\n<p>El vice secretario de comunicaciones, especialista en imagen y comunicaci\u00f3n estrat\u00e9gica, miembro de la Direcci\u00f3n Central del Partido la Fuerza del Pueblo, rechaz\u00f3 el referido \u201cBorrador de la Resoluci\u00f3n\u201d&nbsp; porque atenta contra la democracia partidaria de todas las organizaciones pol\u00edticas.<\/p>\n\n\n\n<p>El dirigente pol\u00edtico, responsabiliz\u00f3 al \u00f3rgano comicial del debilitamiento legal, institucional y pol\u00edtico nacional, pues parecer\u00eda que a voluntad se podr\u00eda cambiar lo que dispone la Constituci\u00f3n y las leyes, favoreciendo las disposiciones del Gobierno perremeista.<\/p>\n\n\n\n<p>Al referirse a la resoluci\u00f3n de la Junta Central Electoral, Pedro Jim\u00e9nez, \u201cLlam\u00f3 a la reflexi\u00f3n de la JCE, que act\u00fae al margen de toda legalidad institucional&nbsp; y ajeno a la opini\u00f3n colectiva de las mayor\u00edas, dejando de un lado la posici\u00f3n de m\u00e1s de 26 organizaciones pol\u00edticas y coloc\u00e1ndose a voluntad del oficialismo\u201d.<\/p>\n\n\n\n<p>Jim\u00e9nez, sostuvo que el art\u00edculo 58 de la Ley 33-18 de Partidos, Agrupaciones y Movimientos Pol\u00edticos, establece que el 20 % de las reservas, ser\u00e1 del total de las nominaciones para los puestos de senadores, diputados, alcaldes, regidores, directores, subdirectores y vocales de distritos municipales establecidas por la Constituci\u00f3n y las leyes.<\/p>\n","protected":false},"excerpt":{"rendered":"<p>Santo Domingo .- El miembro de la Direcci\u00f3n Central de la Fuerza del Pueblo (FP), Pedro Jim\u00e9nez cuestion\u00f3 hoy al pleno de la Junta Central Electoral de favorecer al gobierno,&hellip;<\/p>\n","protected":false},"author":1,"featured_media":49024,"comment_status":"open","ping_status":"open","sticky":false,"template":"","format":"standard","meta":{"content-type":"","jetpack_post_was_ever_published":false,"_jetpack_newsletter_access":"","_jetpack_dont_email_post_to_subs":false,"_jetpack_newsletter_tier_id":0,"_jetpack_memberships_contains_paywalled_content":false,"_jetpack_memberships_contains_paid_content":false,"footnotes":""},"categories":[25],"tags":[367,616,690,79,183,691,370],"class_list":["post-49023","post","type-post","status-publish","format-standard","has-post-thumbnail","hentry","category-portada","tag-borrador","tag-dirigente","tag-favorece","tag-fp","tag-jce","tag-oficialismo","tag-resolucion"],"jetpack_featured_media_url":"","jetpack-related-posts":[{"id":48723,"url":"https:\/\/lasprimeras.com.do\/index.php\/2023\/05\/03\/pleno-socializa-borrador-de-resolucion-de-reservas-de-candidaturas\/","url_meta":{"origin":49023,"position":0},"title":"Pleno socializa borrador de resoluci\u00f3n de reservas de candidaturas","author":"prenxa100","date":"3 de mayo de 2023","format":false,"excerpt":"Organizaciones pol\u00edticas tienen hasta el 8 de mayo para presentar observaciones. Santo Domingo.- El Pleno de la Junta Central Electoral (JCE) elabor\u00f3 el borrador de resoluci\u00f3n sobre la aplicaci\u00f3n del porcentaje de las reservas de las candidaturas que establece la Ley No. 33-18 de partidos, agrupaciones y movimientos pol\u00edticos para\u2026","rel":"","context":"En \u00abNACIONALES\u00bb","block_context":{"text":"NACIONALES","link":"https:\/\/lasprimeras.com.do\/index.php\/category\/nacionales\/"},"img":{"alt_text":"","src":"","width":0,"height":0},"classes":[]},{"id":49208,"url":"https:\/\/lasprimeras.com.do\/index.php\/2023\/05\/09\/prm-se-refiere-a-controversia-del-borrador-presentado-por-la-jce\/","url_meta":{"origin":49023,"position":1},"title":"PRM se refiere a controversia del borrador presentado por la JCE","author":"prenxa100","date":"9 de mayo de 2023","format":false,"excerpt":"SANTO DOMINGO.-.El presidente de la C\u00e1mara de Diputados, Alfredo Pacheco, y la alcaldesa del Distrito Nacional, Carolina Mej\u00eda, se refirieron a la controversia que han impulsado partidos de la oposici\u00f3n en torno al borrador de resoluci\u00f3n de la Junta Central Electoral (JCE) que establece la manera en que se podr\u00e1n\u2026","rel":"","context":"En \u00abSin categor\u00eda\u00bb","block_context":{"text":"Sin categor\u00eda","link":"https:\/\/lasprimeras.com.do\/index.php\/category\/sin-categoria\/"},"img":{"alt_text":"","src":"","width":0,"height":0},"classes":[]},{"id":49201,"url":"https:\/\/lasprimeras.com.do\/index.php\/2023\/05\/09\/pld-reitera-rechazo-al-borrador-de-resolucion-de-la-jce-sobre-reservas-de-candidatura\/","url_meta":{"origin":49023,"position":2},"title":"PLD reitera rechazo al borrador de resoluci\u00f3n de la JCE sobre reservas de candidatura","author":"prenxa100","date":"9 de mayo de 2023","format":false,"excerpt":"CP del PLD ratifica comisi\u00f3n para abordar el tema relativo a las reservas de candidaturas. Danilo Medina, Charles Mariotti, Abel Mart\u00ednez y Francisco Javier Garc\u00eda, la integran. SANTO DOMINGO.-.El Comit\u00e9 Pol\u00edtico del Partido de la Liberaci\u00f3n Dominicana (PLD) en la reuni\u00f3n ordinaria de este d\u00eda ratific\u00f3 la conformaci\u00f3n de una\u2026","rel":"","context":"En \u00abPORTADA\u00bb","block_context":{"text":"PORTADA","link":"https:\/\/lasprimeras.com.do\/index.php\/category\/portada\/"},"img":{"alt_text":"","src":"","width":0,"height":0},"classes":[]},{"id":49302,"url":"https:\/\/lasprimeras.com.do\/index.php\/2023\/05\/10\/fp-y-otras-organizaciones-someteran-recursos-contra-resolucion-jce\/","url_meta":{"origin":49023,"position":3},"title":"FP y otras organizaciones someter\u00e1n recursos contra resoluci\u00f3n JCE","author":"prenxa100","date":"10 de mayo de 2023","format":false,"excerpt":"SANTO DOMINGO.-.El Partido Fuerza del Pueblo (FP) y otras organizaciones pol\u00edticas someter\u00e1n en las pr\u00f3ximas horas un recurso en contra de la resoluci\u00f3n de la Junta Central Electoral (JCE) que estableci\u00f3 un 20 por ciento de las reservas en los diferentes niveles de elecci\u00f3n para los comicios del a\u00f1o 2024.\u2026","rel":"","context":"En \u00abSin categor\u00eda\u00bb","block_context":{"text":"Sin categor\u00eda","link":"https:\/\/lasprimeras.com.do\/index.php\/category\/sin-categoria\/"},"img":{"alt_text":"","src":"","width":0,"height":0},"classes":[]},{"id":49049,"url":"https:\/\/lasprimeras.com.do\/index.php\/2023\/05\/07\/jce-no-escucho-recomendaciones-de-partidos-para-el-tema-de-las-reservas\/","url_meta":{"origin":49023,"position":4},"title":"JCE no escuch\u00f3 recomendaciones de partidos para el tema de las reservas","author":"prenxa100","date":"7 de mayo de 2023","format":false,"excerpt":"PLD en desacuerdo con el borrador de la Junta Central Electoral sobre porcentaje de reservas de candidaturas. Santo Domingo.-. El Partido de la Liberaci\u00f3n Dominicana (PLD) manifest\u00f3 su desacuerdo con el borrador presentado por la Junta Central Electoral para el porcentaje de reservas de candidaturas con miras a las elecciones\u2026","rel":"","context":"En \u00abPORTADA\u00bb","block_context":{"text":"PORTADA","link":"https:\/\/lasprimeras.com.do\/index.php\/category\/portada\/"},"img":{"alt_text":"","src":"","width":0,"height":0},"classes":[]},{"id":49204,"url":"https:\/\/lasprimeras.com.do\/index.php\/2023\/05\/09\/charles-mariotti-la-reserva-de-candidaturas-es-general\/","url_meta":{"origin":49023,"position":5},"title":"Charles Mariotti: La reserva de candidaturas es general","author":"prenxa100","date":"9 de mayo de 2023","format":false,"excerpt":"Charles Mariotti informa que el PLD present\u00f3 sus observaciones al borrador de resoluci\u00f3n de la JCE sobre la aplicaci\u00f3n del porcentaje en las reservas de candidaturas. SANTO DOMINGO.-.El Partido de la Liberaci\u00f3n Dominicana (PLD) present\u00f3 las observaciones al borrador de resoluci\u00f3n sobre la aplicaci\u00f3n del porcentaje de las reservas de\u2026","rel":"","context":"En \u00abSin categor\u00eda\u00bb","block_context":{"text":"Sin categor\u00eda","link":"https:\/\/lasprimeras.com.do\/index.php\/category\/sin-categoria\/"},"img":{"alt_text":"","src":"","width":0,"height":0},"classes":[]}],"jetpack_sharing_enabled":true,"_links":{"self":[{"href":"https:\/\/lasprimeras.com.do\/index.php\/wp-json\/wp\/v2\/posts\/49023","targetHints":{"allow":["GET"]}}],"collection":[{"href":"https:\/\/lasprimeras.com.do\/index.php\/wp-json\/wp\/v2\/posts"}],"about":[{"href":"https:\/\/lasprimeras.com.do\/index.php\/wp-json\/wp\/v2\/types\/post"}],"author":[{"embeddable":true,"href":"https:\/\/lasprimeras.com.do\/index.php\/wp-json\/wp\/v2\/users\/1"}],"replies":[{"embeddable":true,"href":"https:\/\/lasprimeras.com.do\/index.php\/wp-json\/wp\/v2\/comments?post=49023"}],"version-history":[{"count":0,"href":"https:\/\/lasprimeras.com.do\/index.php\/wp-json\/wp\/v2\/posts\/49023\/revisions"}],"wp:featuredmedia":[{"embeddable":true,"href":"https:\/\/lasprimeras.com.do\/index.php\/wp-json\/"}],"wp:attachment":[{"href":"https:\/\/lasprimeras.com.do\/index.php\/wp-json\/wp\/v2\/media?parent=49023"}],"wp:term":[{"taxonomy":"category","embeddable":true,"href":"https:\/\/lasprimeras.com.do\/index.php\/wp-json\/wp\/v2\/categories?post=49023"},{"taxonomy":"post_tag","embeddable":true,"href":"https:\/\/lasprimeras.com.do\/index.php\/wp-json\/wp\/v2\/tags?post=49023"}],"curies":[{"name":"wp","href":"https:\/\/api.w.org\/{rel}","templated":true}]}}