{"id":49027,"date":"2023-05-07T10:17:19","date_gmt":"2023-05-07T14:17:19","guid":{"rendered":"https:\/\/atento.com.do\/?p=49027"},"modified":"2023-05-07T10:17:19","modified_gmt":"2023-05-07T14:17:19","slug":"presidenta-del-partido-poder-ciudadano-apuesta-por-la-nueva-politica","status":"publish","type":"post","link":"https:\/\/lasprimeras.com.do\/index.php\/2023\/05\/07\/presidenta-del-partido-poder-ciudadano-apuesta-por-la-nueva-politica\/","title":{"rendered":"Presidenta del Partido Poder Ciudadano apuesta por la nueva pol\u00edtica\u00a0"},"content":{"rendered":"\n<p>Lizamavel Collado dice alianza entre FP-PLD tendr\u00eda costo pol\u00edtico.<\/p>\n\n\n\n<p><strong>Santo Domingo.-.<\/strong> La presidenta del Partido Poder Ciudadano, Lizamavel Collado Vargas, quien apuesta por la nueva pol\u00edtica, explic\u00f3 que la misma rectifica, es integradora, participativa, cercana e incluyente y que, adem\u00e1s, construye la producci\u00f3n p\u00fablica con la ciudadan\u00eda.<\/p>\n\n\n\n<p>Collado, dijo que tradicionalmente los partidos hacen una oferta electoral y desarrollan planes de gobierno tomando en cuenta solo algunos temas que son resultados de las encuestas, pero que la mayor\u00eda de esos programas o proyectos que articulan no son los que responden a las necesidades sociales de la gente.<\/p>\n\n\n\n<p>\u201cTuvimos que hacer un ejercicio disruptivo de la actividad pol\u00edtica, de romper con esos viejos esquemas; de decir que la gente quiere cercan\u00eda ahora, porque actualmente cualquier persona con acceso a internet y con un celular te puede hacer una auditor\u00eda social; te puede entrar a analizar unos datos, consultar expedientes judiciales, la gente con la democratizaci\u00f3n de la informaci\u00f3n es mucho m\u00e1s cr\u00edtica, participativa y demandante\u201d, argument\u00f3.<\/p>\n\n\n\n<p>Liderazgo nacional se qued\u00f3 atrapado en la vieja pol\u00edtica<\/p>\n\n\n\n<p>Ante la pregunta de c\u00f3mo es posible que ante una sociedad que se maneja con nuevos c\u00f3digos a\u00fan persista lo viejo, Collado manifest\u00f3 que muchos, incluso el liderazgo nacional, se quedaron&nbsp; atrapados en la vieja pol\u00edtica.<\/p>\n\n\n\n<p>\u201cSi t\u00fa tomas cada perfil del liderazgo nacional, de los que pertenecen a ese viejo esquema, yo te dir\u00eda que casi la totalidad se qued\u00f3 atrapada en la vieja pol\u00edtica\u201d, dijo durante una entrevista realizada en el programa rese\u00f1as, espacio que conducen los periodistas Rafael N\u00fa\u00f1ez y Adelaida Mart\u00ednez, por En televisi\u00f3n, los s\u00e1bados a las 9:00 de la noche.<\/p>\n\n\n\n<p>Dijo que ese liderazgo atrapado en la vieja pol\u00edtica presenta un discurso en donde no se quedan temas como el de la mujer y la juventud, que son los m\u00e1s trabajados en los a\u00f1os preelectorales.<\/p>\n\n\n\n<p>\u201cYa la gente est\u00e1 cansada de que en un a\u00f1o preelectoral los l\u00edderes que est\u00e9n aspirando cuelguen en sus redes sociales&nbsp; o en sus intervenciones la foto acariciando la do\u00f1ita; cargando un muchachito; una foto con una se\u00f1ora con muchas necesidades sociales, falt\u00e1ndole a la dignidad de las personas con una greca, con un mosquitero: \u00a1Esas viejas pr\u00e1cticas debemos romperlas!\u201d, dijo Collado.<\/p>\n\n\n\n<p>Manifest\u00f3 que incluso hay j\u00f3venes que defienden la vieja pol\u00edtica, y que esto se debe al adoctrinamiento que deriva en prestar los pensamientos y acciones, porque hay dificultad para discernir cuando esto sucede.<\/p>\n\n\n\n<p>Llam\u00f3 a que se debe romper la cultura de que el voto es un intercambio y de que el bienestar del pa\u00eds, as\u00ed como la institucionalidad valen 200 pesos o una pica pollo.<\/p>\n","protected":false},"excerpt":{"rendered":"<p>Lizamavel Collado dice alianza entre FP-PLD tendr\u00eda costo pol\u00edtico. Santo Domingo.-. La presidenta del Partido Poder Ciudadano, Lizamavel Collado Vargas, quien apuesta por la nueva pol\u00edtica, explic\u00f3 que la misma&hellip;<\/p>\n","protected":false},"author":1,"featured_media":49028,"comment_status":"open","ping_status":"open","sticky":false,"template":"","format":"standard","meta":{"content-type":"","jetpack_post_was_ever_published":false,"_jetpack_newsletter_access":"","_jetpack_dont_email_post_to_subs":false,"_jetpack_newsletter_tier_id":0,"_jetpack_memberships_contains_paywalled_content":false,"_jetpack_memberships_contains_paid_content":false,"footnotes":""},"categories":[25],"tags":[692,693,694,695,52],"class_list":["post-49027","post","type-post","status-publish","format-standard","has-post-thumbnail","hentry","category-portada","tag-ciudadano","tag-lizamavel-collado-vargas","tag-partido","tag-poder","tag-politica-2"],"jetpack_featured_media_url":"","jetpack-related-posts":[{"id":120287,"url":"https:\/\/lasprimeras.com.do\/index.php\/2026\/01\/22\/dirigente-de-la-fp-afirma-que-gestion-de-collado-es-mas-de-marketing-que-de-resultados\/","url_meta":{"origin":49027,"position":0},"title":"Dirigente de la FP afirma que gesti\u00f3n de Collado es m\u00e1s de marketing que de resultados","author":"Nelson Feliz","date":"22 de enero de 2026","format":false,"excerpt":"El miembro de la Direcci\u00f3n Pol\u00edtica y titular de la Secretar\u00eda de asuntos Tur\u00edsticos de la FP, denunci\u00f3 que el telef\u00e9rico de la Loma Isabel de Torres de Puerto Plata, lleva m\u00e1s de un a\u00f1o sin operar y las actuales autoridades de Turismo, no han sido capaz de ponerlo en\u2026","rel":"","context":"En \u00abPOLITICA\u00bb","block_context":{"text":"POLITICA","link":"https:\/\/lasprimeras.com.do\/index.php\/category\/politica\/"},"img":{"alt_text":"","src":"https:\/\/i0.wp.com\/lasprimeras.com.do\/wp-content\/uploads\/2026\/01\/IMG-20260122-WA0293.jpg?resize=350%2C200&ssl=1","width":350,"height":200,"srcset":"https:\/\/i0.wp.com\/lasprimeras.com.do\/wp-content\/uploads\/2026\/01\/IMG-20260122-WA0293.jpg?resize=350%2C200&ssl=1 1x, https:\/\/i0.wp.com\/lasprimeras.com.do\/wp-content\/uploads\/2026\/01\/IMG-20260122-WA0293.jpg?resize=525%2C300&ssl=1 1.5x, https:\/\/i0.wp.com\/lasprimeras.com.do\/wp-content\/uploads\/2026\/01\/IMG-20260122-WA0293.jpg?resize=700%2C400&ssl=1 2x, https:\/\/i0.wp.com\/lasprimeras.com.do\/wp-content\/uploads\/2026\/01\/IMG-20260122-WA0293.jpg?resize=1050%2C600&ssl=1 3x"},"classes":[]},{"id":122240,"url":"https:\/\/lasprimeras.com.do\/index.php\/2026\/02\/15\/hipolito-mejia-minimiza-apoyo-a-collado-y-asegura-perdera-mucho-a-poco-de-carolina\/","url_meta":{"origin":49027,"position":1},"title":"Hip\u00f3lito Mej\u00eda minimiza apoyo a Collado y asegura perder\u00e1 mucho a poco de Carolina","author":"Nelson Feliz","date":"15 de febrero de 2026","format":false,"excerpt":"El expresidente Hip\u00f3lito Mej\u00eda asegur\u00f3 hoy que su hija, Carolina Mej\u00eda, derrotar\u00e1 \u201cmucho a poco\u201d al aspirante presidencial David Collado, a quien defini\u00f3 como su m\u00e1s cercano contrincante en la carrera por la nominaci\u00f3n presidencial del Partido Revolucionario Moderno (PRM). En su declaraci\u00f3n, el veterano pol\u00edtico se fue m\u00e1s lejos\u2026","rel":"","context":"En \u00abPOLITICA\u00bb","block_context":{"text":"POLITICA","link":"https:\/\/lasprimeras.com.do\/index.php\/category\/politica\/"},"img":{"alt_text":"Hip\u00f3lito Mej\u00eda","src":"https:\/\/i0.wp.com\/lasprimeras.com.do\/wp-content\/uploads\/2026\/02\/Hipolito-Mejia.jpg?resize=350%2C200&ssl=1","width":350,"height":200,"srcset":"https:\/\/i0.wp.com\/lasprimeras.com.do\/wp-content\/uploads\/2026\/02\/Hipolito-Mejia.jpg?resize=350%2C200&ssl=1 1x, https:\/\/i0.wp.com\/lasprimeras.com.do\/wp-content\/uploads\/2026\/02\/Hipolito-Mejia.jpg?resize=525%2C300&ssl=1 1.5x, https:\/\/i0.wp.com\/lasprimeras.com.do\/wp-content\/uploads\/2026\/02\/Hipolito-Mejia.jpg?resize=700%2C400&ssl=1 2x"},"classes":[]},{"id":123066,"url":"https:\/\/lasprimeras.com.do\/index.php\/2026\/02\/25\/leonado-aguilera-resalta-liderazgo-de-abinader-y-collado-en-impulso-al-turismo-durante-roadshow-previo-a-anato-2026\/","url_meta":{"origin":49027,"position":2},"title":"Leonado Aguilera resalta liderazgo de Abinader y Collado en impulso al turismo durante RoadShow previo a ANATO 2026","author":"Nelson Feliz","date":"25 de febrero de 2026","format":false,"excerpt":"Bogot\u00e1, Colombia.\u2013 El presidente ejecutivo del Banco de Reservas, Leonardo Aguilera, destac\u00f3 el liderazgo del presidente Luis Abinader y del ministro de Turismo, David Collado, como factores determinantes en el posicionamiento internacional de la Rep\u00fablica Dominicana como destino tur\u00edstico y polo de inversi\u00f3n. Durante su intervenci\u00f3n en el RoadShow organizado\u2026","rel":"","context":"En \u00abPORTADA\u00bb","block_context":{"text":"PORTADA","link":"https:\/\/lasprimeras.com.do\/index.php\/category\/portada\/"},"img":{"alt_text":"","src":"https:\/\/i0.wp.com\/lasprimeras.com.do\/wp-content\/uploads\/2026\/02\/IMG-20260225-WA0368-scaled.jpg?resize=350%2C200&ssl=1","width":350,"height":200,"srcset":"https:\/\/i0.wp.com\/lasprimeras.com.do\/wp-content\/uploads\/2026\/02\/IMG-20260225-WA0368-scaled.jpg?resize=350%2C200&ssl=1 1x, https:\/\/i0.wp.com\/lasprimeras.com.do\/wp-content\/uploads\/2026\/02\/IMG-20260225-WA0368-scaled.jpg?resize=525%2C300&ssl=1 1.5x, https:\/\/i0.wp.com\/lasprimeras.com.do\/wp-content\/uploads\/2026\/02\/IMG-20260225-WA0368-scaled.jpg?resize=700%2C400&ssl=1 2x, https:\/\/i0.wp.com\/lasprimeras.com.do\/wp-content\/uploads\/2026\/02\/IMG-20260225-WA0368-scaled.jpg?resize=1050%2C600&ssl=1 3x, https:\/\/i0.wp.com\/lasprimeras.com.do\/wp-content\/uploads\/2026\/02\/IMG-20260225-WA0368-scaled.jpg?resize=1400%2C800&ssl=1 4x"},"classes":[]},{"id":120069,"url":"https:\/\/lasprimeras.com.do\/index.php\/2026\/01\/20\/bhd-reconoce-en-fitur-labor-de-ministro-david-collado-en-favor-del-turismo\/","url_meta":{"origin":49027,"position":3},"title":"BHD reconoce en FITUR labor de ministro David Collado en favor del turismo","author":"Nelson Feliz","date":"20 de enero de 2026","format":false,"excerpt":"BHD reconoce en FITUR labor de ministro David Collado en favor del turismo","rel":"","context":"En \u00abPORTADA\u00bb","block_context":{"text":"PORTADA","link":"https:\/\/lasprimeras.com.do\/index.php\/category\/portada\/"},"img":{"alt_text":"David Collado","src":"https:\/\/i0.wp.com\/lasprimeras.com.do\/wp-content\/uploads\/2026\/01\/David-Collado.jpg?resize=350%2C200&ssl=1","width":350,"height":200,"srcset":"https:\/\/i0.wp.com\/lasprimeras.com.do\/wp-content\/uploads\/2026\/01\/David-Collado.jpg?resize=350%2C200&ssl=1 1x, https:\/\/i0.wp.com\/lasprimeras.com.do\/wp-content\/uploads\/2026\/01\/David-Collado.jpg?resize=525%2C300&ssl=1 1.5x, https:\/\/i0.wp.com\/lasprimeras.com.do\/wp-content\/uploads\/2026\/01\/David-Collado.jpg?resize=700%2C400&ssl=1 2x"},"classes":[]},{"id":124597,"url":"https:\/\/lasprimeras.com.do\/index.php\/2026\/03\/14\/leonel-gana-encuesta-con-59-frente-a-un-36-de-david-collado-y-5-de-carolina-mejia\/","url_meta":{"origin":49027,"position":4},"title":"Leonel gana encuesta con 59% frente a un 36% de David Collado y 5% de Carolina Mej\u00eda","author":"Nelson Feliz","date":"14 de marzo de 2026","format":false,"excerpt":"En una encuesta realizada por el programa televisivo \u201cNoche de Fuego\u201d, el aspirante presidencial del partido Fuerza del Pueblo (FP), Leonel Fern\u00e1ndez derrot\u00f3 con 59% al precandidato presidencial del PRM, David Collado, que obtuvo 36% y Carolina Mej\u00eda 5%. Los votos registrados por Leonel fueron 35, David 21 y Carolina\u2026","rel":"","context":"En \u00abPOLITICA\u00bb","block_context":{"text":"POLITICA","link":"https:\/\/lasprimeras.com.do\/index.php\/category\/politica\/"},"img":{"alt_text":"Leonel Fern\u00e1ndez","src":"https:\/\/i0.wp.com\/lasprimeras.com.do\/wp-content\/uploads\/2025\/09\/Leonel-Fernandez.jpeg?resize=350%2C200&ssl=1","width":350,"height":200,"srcset":"https:\/\/i0.wp.com\/lasprimeras.com.do\/wp-content\/uploads\/2025\/09\/Leonel-Fernandez.jpeg?resize=350%2C200&ssl=1 1x, https:\/\/i0.wp.com\/lasprimeras.com.do\/wp-content\/uploads\/2025\/09\/Leonel-Fernandez.jpeg?resize=525%2C300&ssl=1 1.5x, https:\/\/i0.wp.com\/lasprimeras.com.do\/wp-content\/uploads\/2025\/09\/Leonel-Fernandez.jpeg?resize=700%2C400&ssl=1 2x"},"classes":[]},{"id":107509,"url":"https:\/\/lasprimeras.com.do\/index.php\/2025\/08\/27\/antonio-marte-ve-dificil-que-el-prm-retenga-el-poder-si-omar-fernandez-es-candidato-presidencial\/","url_meta":{"origin":49027,"position":5},"title":"Antonio Marte ve dif\u00edcil que el PRM retenga el poder si Omar Fern\u00e1ndez es candidato presidencial","author":"Nelson Feliz","date":"27 de agosto de 2025","format":false,"excerpt":"El senador y aliado al partido de gobierno tambi\u00e9n reconoci\u00f3 que en el PRM hay buenos candidatos y resalt\u00f3 a Carolina Mej\u00eda y la vicepresidenta Raquel Pe\u00f1a. El senador y presidente del Partido Primero la Gente (PPG), Antonio Marte, plante\u00f3 este mi\u00e9rcoles que si Omar Fern\u00e1ndez es el candidato presidencial\u2026","rel":"","context":"En \u00abPOLITICA\u00bb","block_context":{"text":"POLITICA","link":"https:\/\/lasprimeras.com.do\/index.php\/category\/politica\/"},"img":{"alt_text":"","src":"https:\/\/i0.wp.com\/lasprimeras.com.do\/wp-content\/uploads\/2025\/08\/Antonio-Marte.jpg?resize=350%2C200&ssl=1","width":350,"height":200,"srcset":"https:\/\/i0.wp.com\/lasprimeras.com.do\/wp-content\/uploads\/2025\/08\/Antonio-Marte.jpg?resize=350%2C200&ssl=1 1x, https:\/\/i0.wp.com\/lasprimeras.com.do\/wp-content\/uploads\/2025\/08\/Antonio-Marte.jpg?resize=525%2C300&ssl=1 1.5x, https:\/\/i0.wp.com\/lasprimeras.com.do\/wp-content\/uploads\/2025\/08\/Antonio-Marte.jpg?resize=700%2C400&ssl=1 2x"},"classes":[]}],"jetpack_sharing_enabled":true,"_links":{"self":[{"href":"https:\/\/lasprimeras.com.do\/index.php\/wp-json\/wp\/v2\/posts\/49027","targetHints":{"allow":["GET"]}}],"collection":[{"href":"https:\/\/lasprimeras.com.do\/index.php\/wp-json\/wp\/v2\/posts"}],"about":[{"href":"https:\/\/lasprimeras.com.do\/index.php\/wp-json\/wp\/v2\/types\/post"}],"author":[{"embeddable":true,"href":"https:\/\/lasprimeras.com.do\/index.php\/wp-json\/wp\/v2\/users\/1"}],"replies":[{"embeddable":true,"href":"https:\/\/lasprimeras.com.do\/index.php\/wp-json\/wp\/v2\/comments?post=49027"}],"version-history":[{"count":0,"href":"https:\/\/lasprimeras.com.do\/index.php\/wp-json\/wp\/v2\/posts\/49027\/revisions"}],"wp:featuredmedia":[{"embeddable":true,"href":"https:\/\/lasprimeras.com.do\/index.php\/wp-json\/"}],"wp:attachment":[{"href":"https:\/\/lasprimeras.com.do\/index.php\/wp-json\/wp\/v2\/media?parent=49027"}],"wp:term":[{"taxonomy":"category","embeddable":true,"href":"https:\/\/lasprimeras.com.do\/index.php\/wp-json\/wp\/v2\/categories?post=49027"},{"taxonomy":"post_tag","embeddable":true,"href":"https:\/\/lasprimeras.com.do\/index.php\/wp-json\/wp\/v2\/tags?post=49027"}],"curies":[{"name":"wp","href":"https:\/\/api.w.org\/{rel}","templated":true}]}}