{"id":49030,"date":"2023-05-07T11:26:06","date_gmt":"2023-05-07T15:26:06","guid":{"rendered":"https:\/\/atento.com.do\/?p=49030"},"modified":"2023-05-07T11:26:06","modified_gmt":"2023-05-07T15:26:06","slug":"a-pesar-de-la-sequia-caasd-mantiene-produccion-de-agua-potable-para-el-gsd","status":"publish","type":"post","link":"https:\/\/lasprimeras.com.do\/index.php\/2023\/05\/07\/a-pesar-de-la-sequia-caasd-mantiene-produccion-de-agua-potable-para-el-gsd\/","title":{"rendered":"A pesar de la sequ\u00eda: CAASD mantiene producci\u00f3n de agua potable para el GSD"},"content":{"rendered":"\n<p>Reitera llamado a la poblaci\u00f3n de racionalizar el agua.<\/p>\n\n\n\n<p><strong>Santo Domingo.&nbsp;\u2013<\/strong> La Corporaci\u00f3n del Acueducto y Alcantarillado de Santo Domingo (CAASD) inform\u00f3 que a pesar de las escasas lluvias se agudiza la sequ\u00eda estacionaria que afecta en la actualidad al pa\u00eds, aunque pese a la situaci\u00f3n trabaja para mantener estable la producci\u00f3n de agua potable para suplir a la poblaci\u00f3n del Distrito Nacional y la provincia,<\/p>\n\n\n\n<p>De acuerdo al reporte del Departamento de Operaciones de la instituci\u00f3n, la producci\u00f3n se situ\u00f3 en esta semana en 333.31 millones de galones diarios, indic\u00f3 un comunicado.<\/p>\n\n\n\n<p>En ese sentido explic\u00f3 que la presa de Jig\u00fcey se mantiene en la cota 509.92 metros c\u00fabicos sobre el nivel del mar, mientras que Valdesia,&nbsp;que sirve alrededor de un 40% el agua que se consume en el Gran Santo Domingo&nbsp;se encuentra en la cota 139.97,&nbsp;siendo su nivel m\u00e1ximo de 150 metros c\u00fabicos.<\/p>\n\n\n\n<p>La Corporaci\u00f3n precis\u00f3 que contin\u00faa desarrollando las&nbsp;medidas implementadas para enfrentar los efectos de la sequ\u00eda, adem\u00e1s de la campa\u00f1a \u201cAs\u00ed No\u201d para orientar y educar a los usuarios sobre el uso racional del agua.<\/p>\n\n\n\n<p><strong>Medidas implementadas por la CAASD<\/strong><\/p>\n\n\n\n<p><br>\u2022 Aumento de la flota de camiones cisterna privados para que junto con los de la CAASD se incremente la distribuci\u00f3n de agua potable en los sectores m\u00e1s afectados.<\/p>\n\n\n\n<p>\u2022 Equipar pozos que est\u00e9n disponibles en sectores mayormente afectados.<\/p>\n\n\n\n<p>\u2022 Reprogramaci\u00f3n de los operativos de distribuci\u00f3n de agua.<\/p>\n\n\n\n<p>\u2022 Intensificar los trabajos de correcci\u00f3n de aver\u00edas para minimizar las p\u00e9rdidas de agua en la infraestructura.<\/p>\n\n\n\n<p>\u2022 El personal t\u00e9cnico de la CAASD se mantiene operando las 24 horas del d\u00eda, a fin de garantizar que este plan de contingencia se ejecute seg\u00fan lo previsto para que la ciudadan\u00eda sea impactada lo menos posible por esta sequ\u00eda.<\/p>\n\n\n\n<p>Llamado al cuidado del agua<\/p>\n\n\n\n<p>La instituci\u00f3n reiter\u00f3 su llamado a la poblaci\u00f3n hacer uso consciente del agua, evitando desperdiciarla en labores innecesarias en estos momentos de sequ\u00eda.<\/p>\n","protected":false},"excerpt":{"rendered":"<p>Reitera llamado a la poblaci\u00f3n de racionalizar el agua. Santo Domingo.&nbsp;\u2013 La Corporaci\u00f3n del Acueducto y Alcantarillado de Santo Domingo (CAASD) inform\u00f3 que a pesar de las escasas lluvias se&hellip;<\/p>\n","protected":false},"author":1,"featured_media":45856,"comment_status":"open","ping_status":"open","sticky":false,"template":"","format":"standard","meta":{"content-type":"","jetpack_post_was_ever_published":false,"_jetpack_newsletter_access":"","_jetpack_dont_email_post_to_subs":false,"_jetpack_newsletter_tier_id":0,"_jetpack_memberships_contains_paywalled_content":false,"_jetpack_memberships_contains_paid_content":false,"footnotes":""},"categories":[35,25],"tags":[696,697,698,699,700],"class_list":["post-49030","post","type-post","status-publish","format-standard","has-post-thumbnail","hentry","category-nacionales","category-portada","tag-agua-potable","tag-caasd","tag-gsd","tag-produccion","tag-sequia"],"jetpack_featured_media_url":"","jetpack-related-posts":[{"id":53891,"url":"https:\/\/lasprimeras.com.do\/index.php\/2023\/07\/03\/produccion-de-agua-potable-ronda-los-373-millones-de-galones-para-el-gsd\/","url_meta":{"origin":49030,"position":0},"title":"Producci\u00f3n de agua potable ronda los 373 millones de galones para el GSD","author":"Nelson Feliz","date":"3 de julio de 2023","format":false,"excerpt":"Los sectores m\u00e1s afectados por la falta de agua potable contin\u00faan siendo los municipios de Pedro Brand, Los Alcarrizos y Santo Domingo Este, as\u00ed como los sectores Los Girasoles y Pantoja. La Corporaci\u00f3n del Acueducto y Alcantarillado de Santo Domingo (CAASD), inform\u00f3 que la producci\u00f3n de agua potable para el\u2026","rel":"","context":"En \u00abNACIONALES\u00bb","block_context":{"text":"NACIONALES","link":"https:\/\/lasprimeras.com.do\/index.php\/category\/nacionales\/"},"img":{"alt_text":"CAASD","src":"https:\/\/i0.wp.com\/lasprimeras.com.do\/wp-content\/uploads\/2023\/06\/caasd.jpg?resize=350%2C200&ssl=1","width":350,"height":200,"srcset":"https:\/\/i0.wp.com\/lasprimeras.com.do\/wp-content\/uploads\/2023\/06\/caasd.jpg?resize=350%2C200&ssl=1 1x, https:\/\/i0.wp.com\/lasprimeras.com.do\/wp-content\/uploads\/2023\/06\/caasd.jpg?resize=525%2C300&ssl=1 1.5x, https:\/\/i0.wp.com\/lasprimeras.com.do\/wp-content\/uploads\/2023\/06\/caasd.jpg?resize=700%2C400&ssl=1 2x"},"classes":[]},{"id":59791,"url":"https:\/\/lasprimeras.com.do\/index.php\/2023\/09\/07\/director-de-la-caasd-informa-suministro-de-agua-potable-comienza-a-normalizarse-en-el-gsd\/","url_meta":{"origin":49030,"position":1},"title":"Director de la CAASD informa suministro de agua potable comienza a normalizarse en el GSD","author":"Nelson Feliz","date":"7 de septiembre de 2023","format":false,"excerpt":"\u00a0Producci\u00f3n de la \u00faltima semana se ubic\u00f3 en 416.62 millones de galones diarios. El director general de la Corporaci\u00f3n del Acueducto y Alcantarillado de Santo Domingo (CAASD), ingeniero Felipe Suberv\u00ed (Fellito), inform\u00f3 que la producci\u00f3n de agua potable en el Gran Santo Domingo ha experimentado un considerable aumento por lo\u2026","rel":"","context":"En \u00abNACIONALES\u00bb","block_context":{"text":"NACIONALES","link":"https:\/\/lasprimeras.com.do\/index.php\/category\/nacionales\/"},"img":{"alt_text":"Felipe Subervi","src":"https:\/\/i0.wp.com\/lasprimeras.com.do\/wp-content\/uploads\/2023\/09\/Felipe-Subervi.jpg?resize=350%2C200&ssl=1","width":350,"height":200,"srcset":"https:\/\/i0.wp.com\/lasprimeras.com.do\/wp-content\/uploads\/2023\/09\/Felipe-Subervi.jpg?resize=350%2C200&ssl=1 1x, https:\/\/i0.wp.com\/lasprimeras.com.do\/wp-content\/uploads\/2023\/09\/Felipe-Subervi.jpg?resize=525%2C300&ssl=1 1.5x, https:\/\/i0.wp.com\/lasprimeras.com.do\/wp-content\/uploads\/2023\/09\/Felipe-Subervi.jpg?resize=700%2C400&ssl=1 2x"},"classes":[]},{"id":78901,"url":"https:\/\/lasprimeras.com.do\/index.php\/2024\/03\/21\/caasd-informa-sequia-estacional-reduce-produccion-de-agua-potable\/","url_meta":{"origin":49030,"position":2},"title":"CAASD informa sequ\u00eda estacional reduce producci\u00f3n de agua potable","author":"BIMARY DE JES\u00daS Matos","date":"21 de marzo de 2024","format":false,"excerpt":"Santo Domingo. \u2013 La Corporaci\u00f3n del Acueducto y Alcantarillado de Santo Domingo (CAASD) inform\u00f3 que la producci\u00f3n de agua potable se sit\u00faa en unos 379 millones de galones diarios, debido a la reducci\u00f3n de lluvias que ha impactado las cuencas de los r\u00edos, producto de la sequ\u00eda estacionaria que atraviesa\u2026","rel":"","context":"En \u00abPORTADA\u00bb","block_context":{"text":"PORTADA","link":"https:\/\/lasprimeras.com.do\/index.php\/category\/portada\/"},"img":{"alt_text":"","src":"https:\/\/i0.wp.com\/lasprimeras.com.do\/wp-content\/uploads\/2024\/03\/WhatsApp-Image-2024-03-21-at-2.24.18-PM.jpeg?resize=350%2C200&ssl=1","width":350,"height":200,"srcset":"https:\/\/i0.wp.com\/lasprimeras.com.do\/wp-content\/uploads\/2024\/03\/WhatsApp-Image-2024-03-21-at-2.24.18-PM.jpeg?resize=350%2C200&ssl=1 1x, https:\/\/i0.wp.com\/lasprimeras.com.do\/wp-content\/uploads\/2024\/03\/WhatsApp-Image-2024-03-21-at-2.24.18-PM.jpeg?resize=525%2C300&ssl=1 1.5x, https:\/\/i0.wp.com\/lasprimeras.com.do\/wp-content\/uploads\/2024\/03\/WhatsApp-Image-2024-03-21-at-2.24.18-PM.jpeg?resize=700%2C400&ssl=1 2x, https:\/\/i0.wp.com\/lasprimeras.com.do\/wp-content\/uploads\/2024\/03\/WhatsApp-Image-2024-03-21-at-2.24.18-PM.jpeg?resize=1050%2C600&ssl=1 3x"},"classes":[]},{"id":51614,"url":"https:\/\/lasprimeras.com.do\/index.php\/2023\/06\/01\/caasd-informa-produccion-de-agua-potable-se-mantiene-en-400-millones-de-galones\/","url_meta":{"origin":49030,"position":3},"title":"CAASD informa producci\u00f3n de agua potable se mantiene en 400 millones de galones","author":"prenxa100","date":"1 de junio de 2023","format":false,"excerpt":"La instituci\u00f3n destac\u00f3 que a trav\u00e9s de camiones cisterna lleva el preciado l\u00edquido a las comunidades que enfrentan dificultad para obtener el servicio. https:\/\/youtu.be\/FCPE5wOoM98 Santo Domingo. \u2013 La Corporaci\u00f3n del Acueducto y Alcantarillado de Santo Domingo (CAASD) inform\u00f3 que la producci\u00f3n de agua potable se mantiene sobre los 400 millones\u2026","rel":"","context":"En \u00abNACIONALES\u00bb","block_context":{"text":"NACIONALES","link":"https:\/\/lasprimeras.com.do\/index.php\/category\/nacionales\/"},"img":{"alt_text":"","src":"https:\/\/i0.wp.com\/img.youtube.com\/vi\/FCPE5wOoM98\/0.jpg?resize=350%2C200","width":350,"height":200},"classes":[]},{"id":108157,"url":"https:\/\/lasprimeras.com.do\/index.php\/2025\/09\/03\/caasd-refuerza-acciones-para-garantizar-agua-potable-ante-sequia\/","url_meta":{"origin":49030,"position":4},"title":"CAASD refuerza acciones para garantizar agua potable ante sequ\u00eda","author":"Nelson Feliz","date":"3 de septiembre de 2025","format":false,"excerpt":"Explica que, debido a la falta de lluvias, los sistemas Isa-Mana y Duey han reducido su producci\u00f3n en un 50 % de su capacidad La Corporaci\u00f3n del Acueducto y Alcantarillado de Santo Domingo (CAASD) inform\u00f3 que, debido a la sequ\u00eda que atraviesa el pa\u00eds y que impacta directamente los sistemas\u2026","rel":"","context":"En \u00abNACIONALES\u00bb","block_context":{"text":"NACIONALES","link":"https:\/\/lasprimeras.com.do\/index.php\/category\/nacionales\/"},"img":{"alt_text":"","src":"https:\/\/i0.wp.com\/lasprimeras.com.do\/wp-content\/uploads\/2025\/09\/CAASD-1.jpg?resize=350%2C200&ssl=1","width":350,"height":200,"srcset":"https:\/\/i0.wp.com\/lasprimeras.com.do\/wp-content\/uploads\/2025\/09\/CAASD-1.jpg?resize=350%2C200&ssl=1 1x, https:\/\/i0.wp.com\/lasprimeras.com.do\/wp-content\/uploads\/2025\/09\/CAASD-1.jpg?resize=525%2C300&ssl=1 1.5x, https:\/\/i0.wp.com\/lasprimeras.com.do\/wp-content\/uploads\/2025\/09\/CAASD-1.jpg?resize=700%2C400&ssl=1 2x"},"classes":[]},{"id":51155,"url":"https:\/\/lasprimeras.com.do\/index.php\/2023\/05\/28\/caasd-informa-produccion-de-agua-potable-se-situa-en-402-millones-de-galones-diarios\/","url_meta":{"origin":49030,"position":5},"title":"CAASD informa producci\u00f3n de agua potable se sit\u00faa en 402 millones de galones diarios","author":"prenxa100","date":"28 de mayo de 2023","format":false,"excerpt":"Fellito Suberv\u00ed afirm\u00f3 que las lluvias permitieron mejorar los niveles de agua en las presas. Santo Domingo. \u2013 El director de la Corporaci\u00f3n del Acueducto y Alcantarillado de Santo Domingo (CAASD), Felipe Suberv\u00ed (Fellito), inform\u00f3 que la producci\u00f3n de agua potable se sit\u00faa por encima de los 400 millones de\u2026","rel":"","context":"En \u00abNACIONALES\u00bb","block_context":{"text":"NACIONALES","link":"https:\/\/lasprimeras.com.do\/index.php\/category\/nacionales\/"},"img":{"alt_text":"","src":"","width":0,"height":0},"classes":[]}],"jetpack_sharing_enabled":true,"_links":{"self":[{"href":"https:\/\/lasprimeras.com.do\/index.php\/wp-json\/wp\/v2\/posts\/49030","targetHints":{"allow":["GET"]}}],"collection":[{"href":"https:\/\/lasprimeras.com.do\/index.php\/wp-json\/wp\/v2\/posts"}],"about":[{"href":"https:\/\/lasprimeras.com.do\/index.php\/wp-json\/wp\/v2\/types\/post"}],"author":[{"embeddable":true,"href":"https:\/\/lasprimeras.com.do\/index.php\/wp-json\/wp\/v2\/users\/1"}],"replies":[{"embeddable":true,"href":"https:\/\/lasprimeras.com.do\/index.php\/wp-json\/wp\/v2\/comments?post=49030"}],"version-history":[{"count":0,"href":"https:\/\/lasprimeras.com.do\/index.php\/wp-json\/wp\/v2\/posts\/49030\/revisions"}],"wp:featuredmedia":[{"embeddable":true,"href":"https:\/\/lasprimeras.com.do\/index.php\/wp-json\/"}],"wp:attachment":[{"href":"https:\/\/lasprimeras.com.do\/index.php\/wp-json\/wp\/v2\/media?parent=49030"}],"wp:term":[{"taxonomy":"category","embeddable":true,"href":"https:\/\/lasprimeras.com.do\/index.php\/wp-json\/wp\/v2\/categories?post=49030"},{"taxonomy":"post_tag","embeddable":true,"href":"https:\/\/lasprimeras.com.do\/index.php\/wp-json\/wp\/v2\/tags?post=49030"}],"curies":[{"name":"wp","href":"https:\/\/api.w.org\/{rel}","templated":true}]}}