{"id":49032,"date":"2023-05-07T11:33:02","date_gmt":"2023-05-07T15:33:02","guid":{"rendered":"https:\/\/atento.com.do\/?p=49032"},"modified":"2023-05-07T11:33:02","modified_gmt":"2023-05-07T15:33:02","slug":"doctor-puello-el-covid-19-aumento-diagnostico-de-cancer-diabetes-trastornos-cardiovasculares-e-hipertension-en-rd","status":"publish","type":"post","link":"https:\/\/lasprimeras.com.do\/index.php\/2023\/05\/07\/doctor-puello-el-covid-19-aumento-diagnostico-de-cancer-diabetes-trastornos-cardiovasculares-e-hipertension-en-rd\/","title":{"rendered":"Doctor Puello: \u201cEl COVID-19 aument\u00f3 diagn\u00f3stico de c\u00e1ncer, diabetes, trastornos cardiovasculares e hipertensi\u00f3n en RD"},"content":{"rendered":"\n<p>Presidente de la Ciudad Sanitaria afirma que el COVID-19 atac\u00f3 de manera \u201cinmisericorde\u201d el sistema inmunol\u00f3gico de todos los dominicanos.<\/p>\n\n\n\n<p><strong>Santo Domingo.-.<\/strong> A pesar de que la&nbsp; Organizaci\u00f3n Mundial de la Salud (OMS) se\u00f1al\u00f3 el viernes que el COVID-19 ya no califica como una emergencia global, marcando un final simb\u00f3lico a la devastadora pandemia de coronavirus que desencaden\u00f3 confinamientos que alguna vez fueron impensables, trastorn\u00f3 econom\u00edas en todo el mundo y cobr\u00f3 la vida de millones de personas, sus consecuencias siguen haciendo estragos en el mundo y los dominicanos no escapan de ellas.<\/p>\n\n\n\n<p>Es que a juicio del prominente medico neurocirujano Jos\u00e9 Joaqu\u00edn Puello, el COVID-19 atac\u00f3 de manera \u201cinmisericorde\u201d el sistema inmunol\u00f3gico de todos los dominicanos.<\/p>\n\n\n\n<p>El presidente de la Ciudad Sanitaria manifest\u00f3 que hoy los dominicanos se enfrentan a diversas complejidades de salud a causa del Covid-19.<\/p>\n\n\n\n<p>&nbsp;\u201cNo hay ninguna duda que la alimentaci\u00f3n del dominicano es cada vez mejor, ha mejorado, no es que sea lo ideal todav\u00eda no,&nbsp; ahora bien lo que s\u00ed te puedo decir que nos ha afectado es la pandemia, el virus el coronavirus atac\u00f3 de manera inmisericorde al sistema inmunol\u00f3gico de todos nosotros los dominicanos\u201d, revel\u00f3 el doctor Jos\u00e9 Joaqu\u00edn Puello , entrevistado por Mois\u00e9s Gonz\u00e1lez del peri\u00f3dico digital y programa Despertar Nacional.<\/p>\n\n\n\n<p>&nbsp;El&nbsp; doctor Jos\u00e9 Joaqu\u00edn Puello afirm\u00f3 el COVID-19 ha sido el detonante de un aumento en el diagn\u00f3stico de diferentes&nbsp; enfermedades en el pa\u00eds incluyendo el c\u00e1ncer.<\/p>\n\n\n\n<p>\u201cAhora estamos viendo las secuelas&nbsp; de la pandemia, por ejemplo&nbsp; ha aumentado el nivel de personas con diabetes, ha aumentado el nivel de personas con trastornos cardiovasculares, sobre todo la hipertensi\u00f3n arterial, tambi\u00e9n ha aumentado el diagn\u00f3stico del c\u00e1ncer\u201d.<\/p>\n\n\n\n<p>En ese sentido, manifest\u00f3 que el virus del Covid-19 ha dejado a los dominicanos y al mundo entero desde el punto de vista del sistema inmunol\u00f3gico en un estado \u201cprecario\u201d.<\/p>\n\n\n\n<p>Ante el reto que representa para el sistema de salud dominicano y mundial las secuelas del COVID-19, el doctor Jos\u00e9 Joaqu\u00edn Puello afirm\u00f3 que se vislumbra una luz al final del t\u00fanel desde la ciencia.<\/p>\n\n\n\n<p>\u201cAnoche sali\u00f3 una de las noticias m\u00e1s agradables que he le\u00eddo en las \u00faltimos cuatro o 5 semanas y es que la Universidad de Oxford ya est\u00e1 probando una droga, un medicamento, para combatir la secuela del COVID-19, hasta ahora solamente tiene un n\u00famero y unas letras todav\u00eda no sabemos de qu\u00e9 se trata pero ya en la noche de anoche se dio ya la noticia de que el medicamento ha sido probado. Solamente estamos esperando cu\u00e1l es el nombre y que vamos hacer con \u00e9l,&nbsp; se trata de una combinaci\u00f3n de un laboratorio que se llama Excella con&nbsp;&nbsp; Universidad de Oxford y anoche ya anunciaron que el medicamento ya fue probado por unas 361 personas y parece que recupera el sistema inmunol\u00f3gico, vamos a ver cuando ya salga a la luz\u201d.<\/p>\n\n\n\n<p>El doctor Jos\u00e9 Joaqu\u00edn Puello destac\u00f3 tambi\u00e9n el impacto que tendr\u00e1 para la formaci\u00f3n de los m\u00e9dicos dominicanos el memor\u00e1ndum de entendimiento entre el Gobierno dominicano, el Sistema de Salud Acad\u00e9mico de Medicina Montefiore y la Universidad Aut\u00f3noma Santo Domingo (UASD), que busca la colaboraci\u00f3n en futuros proyectos para que el pueblo dominicano y su di\u00e1spora tengan acceso a atenci\u00f3n m\u00e9dica de primera clase dentro del sistema Montefiore.<\/p>\n","protected":false},"excerpt":{"rendered":"<p>Presidente de la Ciudad Sanitaria afirma que el COVID-19 atac\u00f3 de manera \u201cinmisericorde\u201d el sistema inmunol\u00f3gico de todos los dominicanos. Santo Domingo.-. A pesar de que la&nbsp; Organizaci\u00f3n Mundial de&hellip;<\/p>\n","protected":false},"author":1,"featured_media":42069,"comment_status":"open","ping_status":"open","sticky":false,"template":"","format":"standard","meta":{"content-type":"","jetpack_post_was_ever_published":false,"_jetpack_newsletter_access":"","_jetpack_dont_email_post_to_subs":false,"_jetpack_newsletter_tier_id":0,"_jetpack_memberships_contains_paywalled_content":false,"_jetpack_memberships_contains_paid_content":false,"footnotes":""},"categories":[25],"tags":[701,702,703,704,705,706,707,708,709,127,710],"class_list":["post-49032","post","type-post","status-publish","format-standard","has-post-thumbnail","hentry","category-portada","tag-aumento-2","tag-cancer","tag-cardiovasculares","tag-covid-19","tag-diabetes","tag-diagnostico","tag-doctor","tag-hipertension","tag-jose-joaquin-puello","tag-rd","tag-trastornos"],"jetpack_featured_media_url":"","jetpack-related-posts":[{"id":67688,"url":"https:\/\/lasprimeras.com.do\/index.php\/2023\/11\/17\/plutarco-arias-califica-el-trastorno-del-sueno-como-una-epidemia-mundial\/","url_meta":{"origin":49032,"position":0},"title":"Plutarco Arias califica el trastorno del sue\u00f1o como una epidemia mundial","author":"Nelson Feliz","date":"17 de noviembre de 2023","format":false,"excerpt":"El 10% de la poblaci\u00f3n dominicana sufre de trastornos respiratorios del dormir. El exministro de Salud P\u00fablica y fundador del Instituto Neumol\u00f3gico de la Apnea del Sue\u00f1o (INAPS), doctor Plutarco Arias, afirm\u00f3 que el 10 % de la poblaci\u00f3n dominicana de m\u00e1s de 40 a\u00f1os tiene o sufre trastornos respiratorios\u2026","rel":"","context":"En \u00abPORTADA\u00bb","block_context":{"text":"PORTADA","link":"https:\/\/lasprimeras.com.do\/index.php\/category\/portada\/"},"img":{"alt_text":"Plutarco Arias","src":"https:\/\/i0.wp.com\/lasprimeras.com.do\/wp-content\/uploads\/2023\/11\/Plutarco-Arias.jpg?resize=350%2C200&ssl=1","width":350,"height":200,"srcset":"https:\/\/i0.wp.com\/lasprimeras.com.do\/wp-content\/uploads\/2023\/11\/Plutarco-Arias.jpg?resize=350%2C200&ssl=1 1x, https:\/\/i0.wp.com\/lasprimeras.com.do\/wp-content\/uploads\/2023\/11\/Plutarco-Arias.jpg?resize=525%2C300&ssl=1 1.5x, https:\/\/i0.wp.com\/lasprimeras.com.do\/wp-content\/uploads\/2023\/11\/Plutarco-Arias.jpg?resize=700%2C400&ssl=1 2x"},"classes":[]},{"id":61660,"url":"https:\/\/lasprimeras.com.do\/index.php\/2023\/09\/29\/enfermedades-cardiovasculares-principal-causa-de-muerte-en-el-mundo-aqui-7-recomendaciones\/","url_meta":{"origin":49032,"position":1},"title":"Enfermedades cardiovasculares principal causa de muerte en el mundo; aqu\u00ed 7 recomendaciones","author":"Nelson Feliz","date":"29 de septiembre de 2023","format":false,"excerpt":"Las enfermedades cardiovasculares (ECV) son la principal causa de muerte en todo el mundo. La mayor\u00eda de estas afecciones pueden prevenirse siguiendo siete recomendaciones principales como: no fumar, hacer ejercicio, seguir una dieta saludable, controlar el peso, dormir lo suficiente, controlar el estr\u00e9s y acudir a revisiones m\u00e9dicas peri\u00f3dicas. Seg\u00fan\u2026","rel":"","context":"En \u00abPORTADA\u00bb","block_context":{"text":"PORTADA","link":"https:\/\/lasprimeras.com.do\/index.php\/category\/portada\/"},"img":{"alt_text":"Aneyis Alc\u00e1ntara","src":"https:\/\/i0.wp.com\/lasprimeras.com.do\/wp-content\/uploads\/2023\/09\/Aneyis-Alcantara.jpg?resize=350%2C200&ssl=1","width":350,"height":200,"srcset":"https:\/\/i0.wp.com\/lasprimeras.com.do\/wp-content\/uploads\/2023\/09\/Aneyis-Alcantara.jpg?resize=350%2C200&ssl=1 1x, https:\/\/i0.wp.com\/lasprimeras.com.do\/wp-content\/uploads\/2023\/09\/Aneyis-Alcantara.jpg?resize=525%2C300&ssl=1 1.5x"},"classes":[]},{"id":99152,"url":"https:\/\/lasprimeras.com.do\/index.php\/2025\/05\/18\/mapfre-dominicana-anuncia-jornadas-gratuitas-a-traves-de-su-ruta-latidos-2025\/","url_meta":{"origin":49032,"position":2},"title":"MAPFRE Dominicana anuncia jornadas gratuitas a trav\u00e9s de su \u201cRuta Latidos 2025\u201d","author":"Nelson Feliz","date":"18 de mayo de 2025","format":false,"excerpt":"Con el objetivo de concientizar sobre la prevenci\u00f3n y el diagn\u00f3stico a tiempo de las enfermedades cardiovasculares y, en ocasi\u00f3n de celebrarse el D\u00eda Mundial de la Hipertensi\u00f3n, MAPFRE Salud ARS, realizar\u00e1 la jornada \u201cRuta Latidos 2025\u201d, una actividad en favor del bienestar de la poblaci\u00f3n dominicana. En esa l\u00ednea\u2026","rel":"","context":"En \u00abSALUD\u00bb","block_context":{"text":"SALUD","link":"https:\/\/lasprimeras.com.do\/index.php\/category\/salud\/"},"img":{"alt_text":"","src":"https:\/\/i0.wp.com\/lasprimeras.com.do\/wp-content\/uploads\/2025\/05\/Personal-medico-y-pacientes-durante-la-evaluacion.jpg?resize=350%2C200&ssl=1","width":350,"height":200,"srcset":"https:\/\/i0.wp.com\/lasprimeras.com.do\/wp-content\/uploads\/2025\/05\/Personal-medico-y-pacientes-durante-la-evaluacion.jpg?resize=350%2C200&ssl=1 1x, https:\/\/i0.wp.com\/lasprimeras.com.do\/wp-content\/uploads\/2025\/05\/Personal-medico-y-pacientes-durante-la-evaluacion.jpg?resize=525%2C300&ssl=1 1.5x, https:\/\/i0.wp.com\/lasprimeras.com.do\/wp-content\/uploads\/2025\/05\/Personal-medico-y-pacientes-durante-la-evaluacion.jpg?resize=700%2C400&ssl=1 2x"},"classes":[]},{"id":79091,"url":"https:\/\/lasprimeras.com.do\/index.php\/2024\/03\/23\/las-enfermedades-aparecen-en-la-depresion-y-como-identificarlas\/","url_meta":{"origin":49032,"position":3},"title":"Las enfermedades  aparecen en la depresi\u00f3n y c\u00f3mo identificarlas","author":"Juana Mercedes","date":"23 de marzo de 2024","format":false,"excerpt":"Tristeza, cansancio, y problemas para dormir suelen ser s\u00edntomas que hacen pensar en la depresi\u00f3n. Pero los especialistas dicen que muchas enfermedades imitan a este trastorno, y pueden producir errores en el diagn\u00f3stico. Seg\u00fan un art\u00edculo publicado en la revista\u00a0Current Psychiatry, entre el 26 y el 45% de los pacientes\u2026","rel":"","context":"En \u00abSin categor\u00eda\u00bb","block_context":{"text":"Sin categor\u00eda","link":"https:\/\/lasprimeras.com.do\/index.php\/category\/sin-categoria\/"},"img":{"alt_text":"enfermedades","src":"https:\/\/i0.wp.com\/lasprimeras.com.do\/wp-content\/uploads\/2024\/03\/image-3.png?resize=350%2C200&ssl=1","width":350,"height":200,"srcset":"https:\/\/i0.wp.com\/lasprimeras.com.do\/wp-content\/uploads\/2024\/03\/image-3.png?resize=350%2C200&ssl=1 1x, https:\/\/i0.wp.com\/lasprimeras.com.do\/wp-content\/uploads\/2024\/03\/image-3.png?resize=525%2C300&ssl=1 1.5x"},"classes":[]},{"id":72243,"url":"https:\/\/lasprimeras.com.do\/index.php\/2023\/12\/28\/ministerio-de-salud-abre-236-centros-de-vacunacion-contra-el-covid\/","url_meta":{"origin":49032,"position":4},"title":"Ministerio de Salud abre 236 centros de vacunaci\u00f3n contra el Covid","author":"BIMARY DE JES\u00daS Matos","date":"28 de diciembre de 2023","format":false,"excerpt":"Santo Domingo.-Aunque esta semana el pa\u00eds notific\u00f3 la circulaci\u00f3n de la nueva variante JN.I del Covid-19, las notificaciones de nuevos casos positivos del virus registraron disminuci\u00f3n con relaci\u00f3n a la semana anterior. No obstante, el Ministerio de Salud P\u00fablica dio a conocer una lista de 236 centros de vacunaci\u00f3n para\u2026","rel":"","context":"En \u00abPORTADA\u00bb","block_context":{"text":"PORTADA","link":"https:\/\/lasprimeras.com.do\/index.php\/category\/portada\/"},"img":{"alt_text":"","src":"https:\/\/i0.wp.com\/lasprimeras.com.do\/wp-content\/uploads\/2023\/12\/El-texto-del-parrafo-5.jpg?resize=350%2C200&ssl=1","width":350,"height":200,"srcset":"https:\/\/i0.wp.com\/lasprimeras.com.do\/wp-content\/uploads\/2023\/12\/El-texto-del-parrafo-5.jpg?resize=350%2C200&ssl=1 1x, https:\/\/i0.wp.com\/lasprimeras.com.do\/wp-content\/uploads\/2023\/12\/El-texto-del-parrafo-5.jpg?resize=525%2C300&ssl=1 1.5x"},"classes":[]},{"id":55008,"url":"https:\/\/lasprimeras.com.do\/index.php\/2023\/07\/17\/daniel-rivera-el-32-sufre-hipertension-12-tiene-diabetes-y-el-70-sobrepeso\/","url_meta":{"origin":49032,"position":5},"title":"Daniel Rivera: &#8220;El 32% sufre hipertensi\u00f3n, 12% tiene diabetes y el 70% sobrepeso&#8221;","author":"Nelson Feliz","date":"17 de julio de 2023","format":false,"excerpt":"El ministro de Salud P\u00fablica, Daniel Rivera, asegur\u00f3 que el ministerio que encabeza mantiene un programa de asistencia a la poblaci\u00f3n llamado Ruta de la Salud, que se impulsa tras un estudio que determin\u00f3 que el 32% de las personas sufre de hipertensi\u00f3n arterial, 12% tiene diabetes y el 70%\u2026","rel":"","context":"En \u00abPORTADA\u00bb","block_context":{"text":"PORTADA","link":"https:\/\/lasprimeras.com.do\/index.php\/category\/portada\/"},"img":{"alt_text":"Daniel Rivera","src":"https:\/\/i0.wp.com\/lasprimeras.com.do\/wp-content\/uploads\/2023\/07\/Daniel-Rivera-1.jpg?resize=350%2C200&ssl=1","width":350,"height":200,"srcset":"https:\/\/i0.wp.com\/lasprimeras.com.do\/wp-content\/uploads\/2023\/07\/Daniel-Rivera-1.jpg?resize=350%2C200&ssl=1 1x, https:\/\/i0.wp.com\/lasprimeras.com.do\/wp-content\/uploads\/2023\/07\/Daniel-Rivera-1.jpg?resize=525%2C300&ssl=1 1.5x"},"classes":[]}],"jetpack_sharing_enabled":true,"_links":{"self":[{"href":"https:\/\/lasprimeras.com.do\/index.php\/wp-json\/wp\/v2\/posts\/49032","targetHints":{"allow":["GET"]}}],"collection":[{"href":"https:\/\/lasprimeras.com.do\/index.php\/wp-json\/wp\/v2\/posts"}],"about":[{"href":"https:\/\/lasprimeras.com.do\/index.php\/wp-json\/wp\/v2\/types\/post"}],"author":[{"embeddable":true,"href":"https:\/\/lasprimeras.com.do\/index.php\/wp-json\/wp\/v2\/users\/1"}],"replies":[{"embeddable":true,"href":"https:\/\/lasprimeras.com.do\/index.php\/wp-json\/wp\/v2\/comments?post=49032"}],"version-history":[{"count":0,"href":"https:\/\/lasprimeras.com.do\/index.php\/wp-json\/wp\/v2\/posts\/49032\/revisions"}],"wp:featuredmedia":[{"embeddable":true,"href":"https:\/\/lasprimeras.com.do\/index.php\/wp-json\/"}],"wp:attachment":[{"href":"https:\/\/lasprimeras.com.do\/index.php\/wp-json\/wp\/v2\/media?parent=49032"}],"wp:term":[{"taxonomy":"category","embeddable":true,"href":"https:\/\/lasprimeras.com.do\/index.php\/wp-json\/wp\/v2\/categories?post=49032"},{"taxonomy":"post_tag","embeddable":true,"href":"https:\/\/lasprimeras.com.do\/index.php\/wp-json\/wp\/v2\/tags?post=49032"}],"curies":[{"name":"wp","href":"https:\/\/api.w.org\/{rel}","templated":true}]}}