{"id":49034,"date":"2023-05-07T11:48:20","date_gmt":"2023-05-07T15:48:20","guid":{"rendered":"https:\/\/atento.com.do\/?p=49034"},"modified":"2023-05-07T11:48:20","modified_gmt":"2023-05-07T15:48:20","slug":"madrid-leonel-anuncio-creacion-de-un-ministerio-de-los-dominicanos-en-el-exterior","status":"publish","type":"post","link":"https:\/\/lasprimeras.com.do\/index.php\/2023\/05\/07\/madrid-leonel-anuncio-creacion-de-un-ministerio-de-los-dominicanos-en-el-exterior\/","title":{"rendered":"Madrid: Leonel anunci\u00f3 creaci\u00f3n de un Ministerio de los Dominicanos en el Exterior"},"content":{"rendered":"\n<p><strong>MADRID, ESPA\u00d1A.-<\/strong>El presidente de la Fuerza del Pueblo, Leonel Fern\u00e1ndez, se comprometi\u00f3 hoy en Madrid, ante un grupo de m\u00e1s de trescientos dirigentes de la FP en Europa, a crear un Ministerio de los Dominicanos en el Exterior, en un pr\u00f3ximo mandato.<\/p>\n\n\n\n<p>Fern\u00e1ndez, sostuvo que se suprimir\u00e1 el Instituto de los Dominicanos en el Exterior, INDEX y se crear\u00e1 un organismo que realmente d\u00e9 respuestas a las necesidades de los dominicanos que viven fuera del pa\u00eds.<\/p>\n\n\n\n<p>El ex mandatario, destac\u00f3 la importancia de escuchar a los dominicanos del exterior y asumi\u00f3 ante la dirigencia del partido en Europa.<\/p>\n\n\n\n<p>El partido en Europa mostr\u00f3 a Fern\u00e1ndez los avances de la organizaci\u00f3n en el \u00faltimo a\u00f1o, Roberto Jim\u00e9nez, secretario general del partido, present\u00f3 datos del crecimiento significativo que ha experimentado la Fuerza del Pueblo en las direcciones de Pa\u00edses, Regiones, de base y direcciones medias.<\/p>\n\n\n\n<p>Jim\u00e9nez, destac\u00f3 el objetivo del partido de ganar las elecciones en 2024 y se\u00f1al\u00f3 que se est\u00e1n realizando esfuerzos para fortalecer las estructuras internas y aumentar el n\u00famero de afiliados.<\/p>\n\n\n\n<p><strong>FP tiene 2 millones de afiliados<\/strong><\/p>\n\n\n\n<p>Uno de los logros destacados durante el evento es haber logrado la meta de los 2 millones de afiliados en 42 recintos electorales de los 98 que al 2020 estableci\u00f3 la JCE en los \u00faltimos meses, as\u00ed como la creaci\u00f3n de 2,105 direcciones de bases y 241 direcciones medias, bajo el trabajo realizado por la organizaci\u00f3n en 14 pa\u00edses de Europa y en m\u00e1s de 36 autonom\u00edas y regiones dentro de ellos, aunque hasta el momento solo se ejerce el voto en 10 de los naciones y en todas las regiones donde existen recintos electorales instalados para ejercer el derecho al voto.<\/p>\n\n\n\n<p>Sobre estos datos, Leonel Fern\u00e1ndez, dijo no tener duda de que el partido llegar\u00e1 al poder en 2024. Durante el acto, fueron juramentados ex dirigentes del PLD, PRSC y PRM, quienes pasaron a formar parte de la Fuerza del Pueblo.<\/p>\n\n\n\n<figure class=\"wp-block-image size-full\"><img decoding=\"async\" src=\"https:\/\/atento.com.do\/wp-content\/uploads\/2023\/05\/WhatsApp-Image-2023-05-07-at-10.30.30-AM.jpeg\" alt=\"\" class=\"wp-image-49036\"\/><\/figure>\n\n\n\n<p>En el transcurso del encuentro, el presidente Leonel Fern\u00e1ndez entreg\u00f3 los certificados a los compa\u00f1eros y compa\u00f1eras que lograron la meta de los 2 millones que se ha programado la alta direcci\u00f3n del Partido. Este reconocimiento fue recibido con alegr\u00eda y gratitud por parte de los homenajeados, quienes ven en estos logros un reflejo del trabajo arduo y dedicado que han realizado.<\/p>\n\n\n\n<p>La Fuerza del Pueblo contin\u00faa fortaleciendo sus estructuras, expandiendo su base de apoyo y consolidando su compromiso de representar los intereses de los dominicanos en el exterior. El partido se encuentra enfocado en la preparaci\u00f3n para las elecciones de 2024 y en la construcci\u00f3n de un futuro pr\u00f3spero para todos los ciudadanos.<\/p>\n\n\n\n<p>El acto fue celebrado en el auditorio de La Uni\u00f3n General de Trabajadores UGT, en Madrid, Espa\u00f1a.<\/p>\n","protected":false},"excerpt":{"rendered":"<p>MADRID, ESPA\u00d1A.-El presidente de la Fuerza del Pueblo, Leonel Fern\u00e1ndez, se comprometi\u00f3 hoy en Madrid, ante un grupo de m\u00e1s de trescientos dirigentes de la FP en Europa, a crear&hellip;<\/p>\n","protected":false},"author":1,"featured_media":49035,"comment_status":"open","ping_status":"open","sticky":false,"template":"","format":"standard","meta":{"content-type":"","jetpack_post_was_ever_published":false,"_jetpack_newsletter_access":"","_jetpack_dont_email_post_to_subs":false,"_jetpack_newsletter_tier_id":0,"_jetpack_memberships_contains_paywalled_content":false,"_jetpack_memberships_contains_paid_content":false,"footnotes":""},"categories":[25],"tags":[487,711,51,670,444],"class_list":["post-49034","post","type-post","status-publish","format-standard","has-post-thumbnail","hentry","category-portada","tag-dominicanos","tag-exterior","tag-leonel-fernandez","tag-madrid","tag-ministerio"],"jetpack_featured_media_url":"","jetpack-related-posts":[{"id":49153,"url":"https:\/\/lasprimeras.com.do\/index.php\/2023\/05\/08\/leonel-fernandez-juramenta-mas-de-150-mujeres-del-prm-en-madrid\/","url_meta":{"origin":49034,"position":0},"title":"Leonel Fern\u00e1ndez juramenta m\u00e1s de 150 mujeres del PRM en Madrid","author":"prenxa100","date":"8 de mayo de 2023","format":false,"excerpt":"Madrid, Espa\u00f1a \u2013 El presidente de la Fuerza del Pueblo doctor Leonel Fern\u00e1ndez, jurament\u00f3 m\u00e1s de 150 mujeres en Madrid, provenientes del Partido Revolucionario Moderno (PRM), quienes se unieron oficialmente a la organizaci\u00f3n pol\u00edtica. Este evento marca el inicio del movimiento \u201cMujeres con Leonel en Europa\u201d, liderado por Corcia Moreno\u2026","rel":"","context":"En \u00abPORTADA\u00bb","block_context":{"text":"PORTADA","link":"https:\/\/lasprimeras.com.do\/index.php\/category\/portada\/"},"img":{"alt_text":"","src":"","width":0,"height":0},"classes":[]},{"id":90906,"url":"https:\/\/lasprimeras.com.do\/index.php\/2024\/11\/02\/leonel-fernandez-encabeza-asamblea-en-espana-con-dirigentes-de-fp\/","url_meta":{"origin":49034,"position":1},"title":"Leonel Fern\u00e1ndez encabeza asamblea en Espa\u00f1a con dirigentes de FP","author":"Nelson Feliz","date":"2 de noviembre de 2024","format":false,"excerpt":"El l\u00edder de Fuerza del Pueblo refuerza la presencia del partido en Europa y llama a la expansi\u00f3n en el exterior. Madrid, Espa\u00f1a \u2013 El presidente y l\u00edder del partido Fuerza del Pueblo (FP), Leonel Fern\u00e1ndez, encabez\u00f3 en la capital espa\u00f1ola una asamblea con dirigentes de su organizaci\u00f3n, provenientes de\u2026","rel":"","context":"En \u00abPORTADA\u00bb","block_context":{"text":"PORTADA","link":"https:\/\/lasprimeras.com.do\/index.php\/category\/portada\/"},"img":{"alt_text":"Leonel Fern\u00e1ndez","src":"https:\/\/i0.wp.com\/lasprimeras.com.do\/wp-content\/uploads\/2024\/11\/Leonel-Fernandez-4.jpg?resize=350%2C200&ssl=1","width":350,"height":200,"srcset":"https:\/\/i0.wp.com\/lasprimeras.com.do\/wp-content\/uploads\/2024\/11\/Leonel-Fernandez-4.jpg?resize=350%2C200&ssl=1 1x, https:\/\/i0.wp.com\/lasprimeras.com.do\/wp-content\/uploads\/2024\/11\/Leonel-Fernandez-4.jpg?resize=525%2C300&ssl=1 1.5x, https:\/\/i0.wp.com\/lasprimeras.com.do\/wp-content\/uploads\/2024\/11\/Leonel-Fernandez-4.jpg?resize=700%2C400&ssl=1 2x"},"classes":[]},{"id":48887,"url":"https:\/\/lasprimeras.com.do\/index.php\/2023\/05\/04\/leonel-fernandez-juramentara-cientos-de-ex-dirigentes-del-prm-en-espana\/","url_meta":{"origin":49034,"position":2},"title":"Leonel Fern\u00e1ndez juramentar\u00e1 cientos de ex dirigentes del PRM en Espa\u00f1a","author":"prenxa100","date":"4 de mayo de 2023","format":false,"excerpt":"Madrid, Espa\u00f1a.-. El presidente de la Fuerza del Pueblo, Leonel Fern\u00e1ndez, lleg\u00f3 hoy a Madrid para celebrar diversos encuentros y tres juramentaciones en el campo intelectual y con dirigentes europeos. El primer evento, al que asistir\u00e1n miembros dirigentes de toda Europa, donde se juramentaran dirigentes del PRSC, del PRM y\u2026","rel":"","context":"En \u00abPORTADA\u00bb","block_context":{"text":"PORTADA","link":"https:\/\/lasprimeras.com.do\/index.php\/category\/portada\/"},"img":{"alt_text":"","src":"","width":0,"height":0},"classes":[]},{"id":117877,"url":"https:\/\/lasprimeras.com.do\/index.php\/2025\/12\/14\/leonel-fernandez-firmara-varios-convenios-en-beneficio-de-la-rd-en-ny\/","url_meta":{"origin":49034,"position":3},"title":"Leonel Fern\u00e1ndez firmar\u00e1 varios convenios en beneficio de la RD en NY","author":"Nelson Feliz","date":"14 de diciembre de 2025","format":false,"excerpt":"El expresidente tambi\u00e9n sostendr\u00e1 encuentros acad\u00e9micos, pol\u00edticos, familiares y con dirigentes de la Fuerza del Pueblo en Estados Unidos. Nueva York, EE. UU.\u2013 El expresidente de la Rep\u00fablica y presidente del partido Fuerza del Pueblo, Leonel Fern\u00e1ndez, se encuentra en la ciudad de Nueva York desarrollando una agenda de trabajo\u2026","rel":"","context":"En \u00abPOLITICA\u00bb","block_context":{"text":"POLITICA","link":"https:\/\/lasprimeras.com.do\/index.php\/category\/politica\/"},"img":{"alt_text":"Leonel Fern\u00e1ndez","src":"https:\/\/i0.wp.com\/lasprimeras.com.do\/wp-content\/uploads\/2025\/12\/Leonel-Fernandez-1.jpg?resize=350%2C200&ssl=1","width":350,"height":200,"srcset":"https:\/\/i0.wp.com\/lasprimeras.com.do\/wp-content\/uploads\/2025\/12\/Leonel-Fernandez-1.jpg?resize=350%2C200&ssl=1 1x, https:\/\/i0.wp.com\/lasprimeras.com.do\/wp-content\/uploads\/2025\/12\/Leonel-Fernandez-1.jpg?resize=525%2C300&ssl=1 1.5x, https:\/\/i0.wp.com\/lasprimeras.com.do\/wp-content\/uploads\/2025\/12\/Leonel-Fernandez-1.jpg?resize=700%2C400&ssl=1 2x"},"classes":[]},{"id":53786,"url":"https:\/\/lasprimeras.com.do\/index.php\/2023\/07\/01\/radhames-jimenez-juramenta-en-la-fp-a-carmen-ramirez\/","url_meta":{"origin":49034,"position":4},"title":"Radham\u00e9s Jim\u00e9nez juramenta en la FP a Carmen Ram\u00edrez","author":"Nelson Feliz","date":"1 de julio de 2023","format":false,"excerpt":"Ram\u00edrez es una dirigente pol\u00edtica activa en el exterior. El\u00a0 vicepresidente y coordinador pol\u00edtico de la Fuerza\u00a0 del Pueblo, Radham\u00e9s Jim\u00e9nez Pe\u00f1a, \u00a0jurament\u00f3 en esa organizaci\u00f3n pol\u00edtica a Carmen Ram\u00edrez, quien renunci\u00f3 del PRM, y decidi\u00f3 formar filas al lado del ex presidente Leonel Fern\u00e1ndez. Seg\u00fan Ram\u00edrez, decidi\u00f3 abandonar el\u2026","rel":"","context":"En \u00abPORTADA\u00bb","block_context":{"text":"PORTADA","link":"https:\/\/lasprimeras.com.do\/index.php\/category\/portada\/"},"img":{"alt_text":"Carmen Ram\u00edrez","src":"https:\/\/i0.wp.com\/lasprimeras.com.do\/wp-content\/uploads\/2023\/07\/Carmen-Ramirez.jpg?resize=350%2C200&ssl=1","width":350,"height":200,"srcset":"https:\/\/i0.wp.com\/lasprimeras.com.do\/wp-content\/uploads\/2023\/07\/Carmen-Ramirez.jpg?resize=350%2C200&ssl=1 1x, https:\/\/i0.wp.com\/lasprimeras.com.do\/wp-content\/uploads\/2023\/07\/Carmen-Ramirez.jpg?resize=525%2C300&ssl=1 1.5x"},"classes":[]},{"id":109769,"url":"https:\/\/lasprimeras.com.do\/index.php\/2025\/09\/22\/leonel-fernandez-encabeza-acto-con-cientos-de-empresarios-en-nj\/","url_meta":{"origin":49034,"position":5},"title":"Leonel Fern\u00e1ndez encabeza acto con cientos de empresarios en NJ","author":"Nelson Feliz","date":"22 de septiembre de 2025","format":false,"excerpt":"https:\/\/www.youtube.com\/watch?v=o8TjD1E655s Por Ram\u00f3n Mercedes NUEVA JERSEY.- El presidente Leonel Fern\u00e1ndez encabez\u00f3 un \u00abCoctel Empresarial Comunitario\u00bb con cientos de empresarios y profesionales la noche del pasado s\u00e1bado en el condado de Bergen-NJ. La actividad, organizada por el movimiento \u00abS\u00fabete en la Nueva Ola\u00bb, que dirige el reconocido dirigente de la Fuerza\u2026","rel":"","context":"En \u00abPOLITICA\u00bb","block_context":{"text":"POLITICA","link":"https:\/\/lasprimeras.com.do\/index.php\/category\/politica\/"},"img":{"alt_text":"","src":"https:\/\/i0.wp.com\/lasprimeras.com.do\/wp-content\/uploads\/2025\/09\/WhatsApp-Image-2025-09-22-at-7.05.56-AM.jpeg?resize=350%2C200&ssl=1","width":350,"height":200,"srcset":"https:\/\/i0.wp.com\/lasprimeras.com.do\/wp-content\/uploads\/2025\/09\/WhatsApp-Image-2025-09-22-at-7.05.56-AM.jpeg?resize=350%2C200&ssl=1 1x, https:\/\/i0.wp.com\/lasprimeras.com.do\/wp-content\/uploads\/2025\/09\/WhatsApp-Image-2025-09-22-at-7.05.56-AM.jpeg?resize=525%2C300&ssl=1 1.5x"},"classes":[]}],"jetpack_sharing_enabled":true,"_links":{"self":[{"href":"https:\/\/lasprimeras.com.do\/index.php\/wp-json\/wp\/v2\/posts\/49034","targetHints":{"allow":["GET"]}}],"collection":[{"href":"https:\/\/lasprimeras.com.do\/index.php\/wp-json\/wp\/v2\/posts"}],"about":[{"href":"https:\/\/lasprimeras.com.do\/index.php\/wp-json\/wp\/v2\/types\/post"}],"author":[{"embeddable":true,"href":"https:\/\/lasprimeras.com.do\/index.php\/wp-json\/wp\/v2\/users\/1"}],"replies":[{"embeddable":true,"href":"https:\/\/lasprimeras.com.do\/index.php\/wp-json\/wp\/v2\/comments?post=49034"}],"version-history":[{"count":0,"href":"https:\/\/lasprimeras.com.do\/index.php\/wp-json\/wp\/v2\/posts\/49034\/revisions"}],"wp:featuredmedia":[{"embeddable":true,"href":"https:\/\/lasprimeras.com.do\/index.php\/wp-json\/"}],"wp:attachment":[{"href":"https:\/\/lasprimeras.com.do\/index.php\/wp-json\/wp\/v2\/media?parent=49034"}],"wp:term":[{"taxonomy":"category","embeddable":true,"href":"https:\/\/lasprimeras.com.do\/index.php\/wp-json\/wp\/v2\/categories?post=49034"},{"taxonomy":"post_tag","embeddable":true,"href":"https:\/\/lasprimeras.com.do\/index.php\/wp-json\/wp\/v2\/tags?post=49034"}],"curies":[{"name":"wp","href":"https:\/\/api.w.org\/{rel}","templated":true}]}}