{"id":49047,"date":"2023-05-07T13:18:28","date_gmt":"2023-05-07T17:18:28","guid":{"rendered":"https:\/\/atento.com.do\/?p=49047"},"modified":"2023-05-07T13:18:28","modified_gmt":"2023-05-07T17:18:28","slug":"apresan-dos-hombres-acusados-de-ultimar-un-hacendado-y-su-companera-en-puerto-plata","status":"publish","type":"post","link":"https:\/\/lasprimeras.com.do\/index.php\/2023\/05\/07\/apresan-dos-hombres-acusados-de-ultimar-un-hacendado-y-su-companera-en-puerto-plata\/","title":{"rendered":"Apresan dos hombres acusados de ultimar un hacendado y su compa\u00f1era en Puerto Plata"},"content":{"rendered":"\n<p>&nbsp;-Se profundizan las investigaciones para establecer el m\u00f3vil y circunstancias.<\/p>\n\n\n\n<p><strong>Villa Isabela, Puerto Plata .-.<\/strong> La Polic\u00eda apreso &nbsp;en Puerto Plata dos hombres se\u00f1alados como los autores de las muertes e incineraci\u00f3n de los cuerpos del hacendado Eduardo Generoso P\u00e9rez Rojas, de 79 a\u00f1os, y su compa\u00f1era sentimental Maribel del Carmen Acosta, de 48, el hecho ocurri\u00f3 en el sector Rancho Manuel de la comunidad Estero Hondo, Villa Isabela.<\/p>\n\n\n\n<p>Los detenidos son Juan Alberto Perdomo Vargas y Manuel Francisco Pichardo, empleados de las v\u00edctimas, quienes admitieron haber ultimado a la pareja en circunstancias a\u00fan no precisadas en raz\u00f3n de ofrecer distintas versiones, por lo cual se esperan&nbsp;resultados del&nbsp;Instituto Nacional de Ciencias Forenses (Inacif).<\/p>\n\n\n\n<p>Se precisa que uno de los presuntos autores apresados, Perdomo Vargas, era persona de confianza del hacendado asesinado junto a su actual compa\u00f1era sentimental.<\/p>\n\n\n\n<p>En el proceso investigativo, que se encuentra en su fase inicial, se pudo establecer que los apresados, tras cometer el doble asesinato, utilizaron el celular de la se\u00f1ora Del Carmen Acosta, hoy occisa, para tratar suplantar su identidad y comunicarle a familiares del hacendado P\u00e9rez Rojas (v\u00edctima) que se encontraban bien, pero que su compa\u00f1ero no quer\u00eda que sus hijos supieran donde estaba.<\/p>\n\n\n\n<p>Esta conversaci\u00f3n, mostrada a los investigadores por una hija del hacendado que hab\u00eda denunciado su desaparici\u00f3n, llam\u00f3 la atenci\u00f3n debido a que el escrito ten\u00eda m\u00faltiples faltas ortogr\u00e1ficas, lo cual no se correspond\u00eda a la preparaci\u00f3n acad\u00e9mica de la se\u00f1ora Del Carmen Acosta, quien era maestra de profesi\u00f3n.<\/p>\n\n\n\n<p>Por el momento, los investigadores en coordinaci\u00f3n con representantes del Ministerio P\u00fablico se encuentran analizando distintas evidencias levantadas en el proceso investigativo, incluyendo versiones de los detenidos que deben ser corroboradas.&nbsp;<\/p>\n\n\n\n<p>Oportunamente, la instituci\u00f3n del orden ofrecer\u00e1 mayores detalles del caso, conforme avance el proceso investigativo.<\/p>\n","protected":false},"excerpt":{"rendered":"<p>&nbsp;-Se profundizan las investigaciones para establecer el m\u00f3vil y circunstancias. Villa Isabela, Puerto Plata .-. La Polic\u00eda apreso &nbsp;en Puerto Plata dos hombres se\u00f1alados como los autores de las muertes&hellip;<\/p>\n","protected":false},"author":1,"featured_media":43392,"comment_status":"open","ping_status":"open","sticky":false,"template":"","format":"standard","meta":{"content-type":"","jetpack_post_was_ever_published":false,"_jetpack_newsletter_access":"","_jetpack_dont_email_post_to_subs":false,"_jetpack_newsletter_tier_id":0,"_jetpack_memberships_contains_paywalled_content":false,"_jetpack_memberships_contains_paid_content":false,"footnotes":""},"categories":[35],"tags":[713,637,714,685,715,687,716],"class_list":["post-49047","post","type-post","status-publish","format-standard","has-post-thumbnail","hentry","category-nacionales","tag-acusados","tag-apresan","tag-companera","tag-hacendado","tag-hombres","tag-puerto-plata","tag-ultimar"],"jetpack_featured_media_url":"","jetpack-related-posts":[{"id":49063,"url":"https:\/\/lasprimeras.com.do\/index.php\/2023\/05\/06\/encuentran-muertos-hacendado-y-a-su-esposa-en-puerto-plata\/","url_meta":{"origin":49047,"position":0},"title":"Encuentran muertos\u00a0 hacendado y a su esposa en Puerto Plata","author":"prenxa100","date":"6 de mayo de 2023","format":false,"excerpt":"Justamente al lado de la casa donde hace varios meses asesinaron al t\u00edo y la esposa de Soto Jim\u00e9nez. PUERTO PLATA.-. Agentes de la \u00a0Polic\u00eda Nacional de Puerto Plata encontraron muerto al reconocido hacendado y empresario Generoso P\u00e9rez y su esposa en la comunidad de Estero Hondo Villa Isabela, Puerto\u2026","rel":"","context":"En \u00abNACIONALES\u00bb","block_context":{"text":"NACIONALES","link":"https:\/\/lasprimeras.com.do\/index.php\/category\/nacionales\/"},"img":{"alt_text":"","src":"","width":0,"height":0},"classes":[]},{"id":114505,"url":"https:\/\/lasprimeras.com.do\/index.php\/2025\/11\/14\/condenan-a-30-anos-a-dos-hombres-por-matar-y-quemar-a-hacendado-y-su-esposa-en-puerto-plata\/","url_meta":{"origin":49047,"position":1},"title":"Condenan a 30 a\u00f1os a dos hombres por matar y quemar a hacendado y su esposa en Puerto Plata","author":"Nelson Feliz","date":"14 de noviembre de 2025","format":false,"excerpt":"Juan Alberto Perdomo y Manuel Francisco Pichardo eran trabajadores de confianza de las v\u00edctimas y les robaron unas reses antes de planificar su asesinato. El Tribunal Colegiado de Puerto Plata conden\u00f3 este jueves a 30 a\u00f1os de prisi\u00f3n (m\u00e1xima en el pa\u00eds) a dos hombres hallados culpables de asesinar a\u2026","rel":"","context":"En \u00abNACIONALES\u00bb","block_context":{"text":"NACIONALES","link":"https:\/\/lasprimeras.com.do\/index.php\/category\/nacionales\/"},"img":{"alt_text":"El ganadero Eduardo Generoso P\u00e9rez y su pareja Maribel del Carmen Acosta","src":"https:\/\/i0.wp.com\/lasprimeras.com.do\/wp-content\/uploads\/2025\/11\/El-ganadero-Eduardo-Generoso-Perez-y-su-pareja-Maribel-del-Carmen-Acosta.jpg?resize=350%2C200&ssl=1","width":350,"height":200,"srcset":"https:\/\/i0.wp.com\/lasprimeras.com.do\/wp-content\/uploads\/2025\/11\/El-ganadero-Eduardo-Generoso-Perez-y-su-pareja-Maribel-del-Carmen-Acosta.jpg?resize=350%2C200&ssl=1 1x, https:\/\/i0.wp.com\/lasprimeras.com.do\/wp-content\/uploads\/2025\/11\/El-ganadero-Eduardo-Generoso-Perez-y-su-pareja-Maribel-del-Carmen-Acosta.jpg?resize=525%2C300&ssl=1 1.5x, https:\/\/i0.wp.com\/lasprimeras.com.do\/wp-content\/uploads\/2025\/11\/El-ganadero-Eduardo-Generoso-Perez-y-su-pareja-Maribel-del-Carmen-Acosta.jpg?resize=700%2C400&ssl=1 2x"},"classes":[]},{"id":64535,"url":"https:\/\/lasprimeras.com.do\/index.php\/2023\/10\/20\/hombre-hiere-su-pareja-sentimental-en-villa-isabela-puerto-plata\/","url_meta":{"origin":49047,"position":2},"title":"Hombre hiere su pareja sentimental en Villa Isabela &#8211; Puerto\u00a0 Plata","author":"Nelson Feliz","date":"20 de octubre de 2023","format":false,"excerpt":"Por Aneudy Peralta Una ciudadana de nombre Yamilka Cabrera fue llevada de emergencia al hospital p\u00fablico de Villa Isabela - Puerto\u00a0 Plata, luego de recibir heridas cortas punzantes de parte de su pareja sentimental. Se trata de Jos\u00e9 An\u00edbal Clase G\u00f3mez quien el minuto m\u00e1s tarde tambi\u00e9n fue llevado al\u2026","rel":"","context":"En \u00abNACIONALES\u00bb","block_context":{"text":"NACIONALES","link":"https:\/\/lasprimeras.com.do\/index.php\/category\/nacionales\/"},"img":{"alt_text":"mujer herida","src":"https:\/\/i0.wp.com\/lasprimeras.com.do\/wp-content\/uploads\/2023\/10\/mujer-herida.jpg?resize=350%2C200&ssl=1","width":350,"height":200,"srcset":"https:\/\/i0.wp.com\/lasprimeras.com.do\/wp-content\/uploads\/2023\/10\/mujer-herida.jpg?resize=350%2C200&ssl=1 1x, https:\/\/i0.wp.com\/lasprimeras.com.do\/wp-content\/uploads\/2023\/10\/mujer-herida.jpg?resize=525%2C300&ssl=1 1.5x, https:\/\/i0.wp.com\/lasprimeras.com.do\/wp-content\/uploads\/2023\/10\/mujer-herida.jpg?resize=700%2C400&ssl=1 2x"},"classes":[]},{"id":70471,"url":"https:\/\/lasprimeras.com.do\/index.php\/2023\/12\/11\/cierran-gallera-en-puerto-plata-donde-mataron-hombre-e-hirieron-otro-a-balazos\/","url_meta":{"origin":49047,"position":3},"title":"Cierran gallera en Puerto Plata donde mataron hombre e hirieron otro a balazos","author":"Nelson Feliz","date":"11 de diciembre de 2023","format":false,"excerpt":"El Ministerio de Interior y Polic\u00eda cerr\u00f3 la gallera en el paraje Cam\u00fa del municipio Villa Montellano, provincia Puerto Plata, donde la noche del pasado viernes un hombre muri\u00f3 y otro result\u00f3 herido a balazos, durante una discusi\u00f3n por una apuesta. La informaci\u00f3n sobre el cierre del Club Gall\u00edstico Cam\u00fa,\u2026","rel":"","context":"En \u00abJUSTICIA\u00bb","block_context":{"text":"JUSTICIA","link":"https:\/\/lasprimeras.com.do\/index.php\/category\/justicia\/"},"img":{"alt_text":"","src":"https:\/\/i0.wp.com\/lasprimeras.com.do\/wp-content\/uploads\/2023\/12\/gallera.jpg?resize=350%2C200&ssl=1","width":350,"height":200,"srcset":"https:\/\/i0.wp.com\/lasprimeras.com.do\/wp-content\/uploads\/2023\/12\/gallera.jpg?resize=350%2C200&ssl=1 1x, https:\/\/i0.wp.com\/lasprimeras.com.do\/wp-content\/uploads\/2023\/12\/gallera.jpg?resize=525%2C300&ssl=1 1.5x, https:\/\/i0.wp.com\/lasprimeras.com.do\/wp-content\/uploads\/2023\/12\/gallera.jpg?resize=700%2C400&ssl=1 2x"},"classes":[]},{"id":55715,"url":"https:\/\/lasprimeras.com.do\/index.php\/2023\/07\/24\/apresan-hombre-buscado-desde-2019-por-homicidio-de-otro-en-villa-gonzalez\/","url_meta":{"origin":49047,"position":4},"title":"Apresan hombre buscado desde 2019 por homicidio de otro en Villa Gonz\u00e1lez","author":"Nelson Feliz","date":"24 de julio de 2023","format":false,"excerpt":"Agentes de la Divisi\u00f3n de Homicidios de esta Jurisdicci\u00f3n, apresaron en la Provincia de Puerto Plata, un hombre quien era buscado desde 2019 por haber ultimado a otro de varios disparos en medio de un asalto en Villa Gonz\u00e1lez, Santiago. El hombre que era buscado mediante una orden de arresto,\u2026","rel":"","context":"En \u00abMILITARES\u00bb","block_context":{"text":"MILITARES","link":"https:\/\/lasprimeras.com.do\/index.php\/category\/militares\/"},"img":{"alt_text":"preso-celda","src":"https:\/\/i0.wp.com\/lasprimeras.com.do\/wp-content\/uploads\/2023\/06\/preso-celda.jpg?resize=350%2C200&ssl=1","width":350,"height":200,"srcset":"https:\/\/i0.wp.com\/lasprimeras.com.do\/wp-content\/uploads\/2023\/06\/preso-celda.jpg?resize=350%2C200&ssl=1 1x, https:\/\/i0.wp.com\/lasprimeras.com.do\/wp-content\/uploads\/2023\/06\/preso-celda.jpg?resize=525%2C300&ssl=1 1.5x, https:\/\/i0.wp.com\/lasprimeras.com.do\/wp-content\/uploads\/2023\/06\/preso-celda.jpg?resize=700%2C400&ssl=1 2x"},"classes":[]},{"id":74014,"url":"https:\/\/lasprimeras.com.do\/index.php\/2024\/01\/18\/investigan-muerte-de-hombre-hallado-con-un-disparo-en-la-cabeza\/","url_meta":{"origin":49047,"position":5},"title":"Investigan muerte de hombre hallado con un disparo en la cabeza","author":"Nelson Feliz","date":"18 de enero de 2024","format":false,"excerpt":"Puerto Plata.-Las autoridades investigan la muerte de un hombre hallado con un disparo en la cabeza. El cuerpo de Starling Bautista, de 23 a\u00f1os, fue encontrado en unos matorrales de la playa Bergant\u00edn en el municipio de Villa Montellano, de Puerto Plata, en aparente suicidio. Bautista, quien resid\u00eda en el\u2026","rel":"","context":"En \u00abNACIONALES\u00bb","block_context":{"text":"NACIONALES","link":"https:\/\/lasprimeras.com.do\/index.php\/category\/nacionales\/"},"img":{"alt_text":"","src":"","width":0,"height":0},"classes":[]}],"jetpack_sharing_enabled":true,"_links":{"self":[{"href":"https:\/\/lasprimeras.com.do\/index.php\/wp-json\/wp\/v2\/posts\/49047","targetHints":{"allow":["GET"]}}],"collection":[{"href":"https:\/\/lasprimeras.com.do\/index.php\/wp-json\/wp\/v2\/posts"}],"about":[{"href":"https:\/\/lasprimeras.com.do\/index.php\/wp-json\/wp\/v2\/types\/post"}],"author":[{"embeddable":true,"href":"https:\/\/lasprimeras.com.do\/index.php\/wp-json\/wp\/v2\/users\/1"}],"replies":[{"embeddable":true,"href":"https:\/\/lasprimeras.com.do\/index.php\/wp-json\/wp\/v2\/comments?post=49047"}],"version-history":[{"count":0,"href":"https:\/\/lasprimeras.com.do\/index.php\/wp-json\/wp\/v2\/posts\/49047\/revisions"}],"wp:featuredmedia":[{"embeddable":true,"href":"https:\/\/lasprimeras.com.do\/index.php\/wp-json\/"}],"wp:attachment":[{"href":"https:\/\/lasprimeras.com.do\/index.php\/wp-json\/wp\/v2\/media?parent=49047"}],"wp:term":[{"taxonomy":"category","embeddable":true,"href":"https:\/\/lasprimeras.com.do\/index.php\/wp-json\/wp\/v2\/categories?post=49047"},{"taxonomy":"post_tag","embeddable":true,"href":"https:\/\/lasprimeras.com.do\/index.php\/wp-json\/wp\/v2\/tags?post=49047"}],"curies":[{"name":"wp","href":"https:\/\/api.w.org\/{rel}","templated":true}]}}