{"id":49055,"date":"2023-05-07T14:59:09","date_gmt":"2023-05-07T18:59:09","guid":{"rendered":"https:\/\/atento.com.do\/?p=49055"},"modified":"2023-05-07T14:59:09","modified_gmt":"2023-05-07T18:59:09","slug":"fundacion-pena-gomez-reconoce-vicepresidente-banreservas","status":"publish","type":"post","link":"https:\/\/lasprimeras.com.do\/index.php\/2023\/05\/07\/fundacion-pena-gomez-reconoce-vicepresidente-banreservas\/","title":{"rendered":"Fundaci\u00f3n Pe\u00f1a G\u00f3mez reconoce vicepresidente ejecutivo de ARS-Banreservas"},"content":{"rendered":"\n<p><strong>Santo Domingo, RD. &#8211;<\/strong>La Fundaci\u00f3n por los Ideales del doctor Jos\u00e9 Francisco Pe\u00f1a G\u00f3mez, entreg\u00f3 una placa de reconocimiento a Modesto S\u00e1nchez, vicepresidente ejecutivo de ARS-Banreservas, por el apoyo ofrecido al desarrollo de la carrera pol\u00edtica del extinto l\u00edder perredista.<\/p>\n\n\n\n<p>El reconocimiento fue entregado por una comisi\u00f3n de la Fundaci\u00f3n, encabezada por su presidente Fernando Mart\u00ednez Gonz\u00e1lez, quien se hizo acompa\u00f1ar de los miembros Eulalia Arvelo y Jeffrey G\u00f3mez.<\/p>\n\n\n\n<p>Al hacer la exaltaci\u00f3n, Mart\u00ednez Gonz\u00e1lez resalt\u00f3 la calidad humana de Modesto S\u00e1nchez, cualidades que compart\u00eda con Pe\u00f1a G\u00f3mez, quien siempre exalt\u00f3 la pol\u00edtica de primero la gente.<\/p>\n\n\n\n<p>\u201cModesto S\u00e1nchez es una persona que estuvo muy ligada a la vida del doctor Pe\u00f1a G\u00f3mez, especialmente en su inicio en la pol\u00edtica, siempre le dio mucha ayuda y eso merece ser reconocido\u201d, resalt\u00f3 Mart\u00ednez Gonz\u00e1lez al entregar la placa durante un encuentro en Banreservas.<\/p>\n\n\n\n<p>Al recibirla, S\u00e1nchez dijo que no esperaba que alguien le hiciera un reconocimiento, ni que se hubieran fijado en el trabajo que realiz\u00f3 en favor de que Pe\u00f1a G\u00f3mez pudiera avanzar en la pol\u00edtica como lo hizo.<\/p>\n\n\n\n<p>Agradeci\u00f3 a la Fundaci\u00f3n por los Ideales de Pe\u00f1a G\u00f3mez tenerlo en cuenta para ese reconocimiento, y aprovech\u00f3 para pedirle al presidente Luis Abinader que le asigne fondos, a fin de que pueda seguir desarrollando sus actividades sociales en beneficio de los m\u00e1s pobres.<\/p>\n","protected":false},"excerpt":{"rendered":"<p>Santo Domingo, RD. &#8211;La Fundaci\u00f3n por los Ideales del doctor Jos\u00e9 Francisco Pe\u00f1a G\u00f3mez, entreg\u00f3 una placa de reconocimiento a Modesto S\u00e1nchez, vicepresidente ejecutivo de ARS-Banreservas, por el apoyo ofrecido&hellip;<\/p>\n","protected":false},"author":1,"featured_media":43413,"comment_status":"open","ping_status":"open","sticky":false,"template":"","format":"standard","meta":{"content-type":"","jetpack_post_was_ever_published":false,"_jetpack_newsletter_access":"","_jetpack_dont_email_post_to_subs":false,"_jetpack_newsletter_tier_id":0,"_jetpack_memberships_contains_paywalled_content":false,"_jetpack_memberships_contains_paid_content":false,"footnotes":""},"categories":[35],"tags":[726,727,728,729],"class_list":["post-49055","post","type-post","status-publish","format-standard","has-post-thumbnail","hentry","category-nacionales","tag-banreservas","tag-fundacion-pena-gomez","tag-reconoce","tag-vicepresidente"],"jetpack_featured_media_url":"","jetpack-related-posts":[{"id":124011,"url":"https:\/\/lasprimeras.com.do\/index.php\/2026\/03\/07\/fundacion-denuncia-uso-incorrecto-del-nombre-del-aila\/","url_meta":{"origin":49055,"position":0},"title":"Fundaci\u00f3n denuncia uso incorrecto del nombre del AILA","author":"Nelson Feliz","date":"7 de marzo de 2026","format":false,"excerpt":"Seg\u00fan la entidad, omitir la denominaci\u00f3n oficial representa una falta de respeto a la legislaci\u00f3n vigente y al legado del dirigente El presidente de la Fundaci\u00f3n por los Ideales del Doctor Jos\u00e9 Francisco Pe\u00f1a G\u00f3mez denunci\u00f3 este viernes el uso incorrecto del nombre oficial del Aeropuerto Internacional de Las Am\u00e9ricas\u2026","rel":"","context":"En \u00abPOLITICA\u00bb","block_context":{"text":"POLITICA","link":"https:\/\/lasprimeras.com.do\/index.php\/category\/politica\/"},"img":{"alt_text":"Fernando Mart\u00ednez","src":"https:\/\/i0.wp.com\/lasprimeras.com.do\/wp-content\/uploads\/2026\/03\/Fernando-Martinez.jpg?resize=350%2C200&ssl=1","width":350,"height":200,"srcset":"https:\/\/i0.wp.com\/lasprimeras.com.do\/wp-content\/uploads\/2026\/03\/Fernando-Martinez.jpg?resize=350%2C200&ssl=1 1x, https:\/\/i0.wp.com\/lasprimeras.com.do\/wp-content\/uploads\/2026\/03\/Fernando-Martinez.jpg?resize=525%2C300&ssl=1 1.5x, https:\/\/i0.wp.com\/lasprimeras.com.do\/wp-content\/uploads\/2026\/03\/Fernando-Martinez.jpg?resize=700%2C400&ssl=1 2x"},"classes":[]},{"id":125277,"url":"https:\/\/lasprimeras.com.do\/index.php\/2026\/03\/21\/abinader-encabeza-renombramiento-de-la-avenida-ecologica-como-jose-fco-pena-gomez-en-santo-domingo-este\/","url_meta":{"origin":49055,"position":1},"title":"Abinader encabeza renombramiento de la avenida Ecol\u00f3gica como Jos\u00e9 Fco. Pe\u00f1a G\u00f3mez en Santo Domingo Este","author":"Nelson Feliz","date":"21 de marzo de 2026","format":false,"excerpt":"Mandatario dice que, si bien es importante honrar la memoria de Pe\u00f1a G\u00f3mez a trav\u00e9s de una obra de infraestructura que lleva su nombre, el verdadero reconocimiento tambi\u00e9n se materializa en las acciones de gobierno de atenci\u00f3n social, reducci\u00f3n de la pobreza y el impulso de un desarrollo econ\u00f3mico m\u00e1s\u2026","rel":"","context":"En \u00abNACIONALES\u00bb","block_context":{"text":"NACIONALES","link":"https:\/\/lasprimeras.com.do\/index.php\/category\/nacionales\/"},"img":{"alt_text":"","src":"https:\/\/i0.wp.com\/lasprimeras.com.do\/wp-content\/uploads\/2026\/03\/Luis-Abinader-10.jpg?resize=350%2C200&ssl=1","width":350,"height":200,"srcset":"https:\/\/i0.wp.com\/lasprimeras.com.do\/wp-content\/uploads\/2026\/03\/Luis-Abinader-10.jpg?resize=350%2C200&ssl=1 1x, https:\/\/i0.wp.com\/lasprimeras.com.do\/wp-content\/uploads\/2026\/03\/Luis-Abinader-10.jpg?resize=525%2C300&ssl=1 1.5x, https:\/\/i0.wp.com\/lasprimeras.com.do\/wp-content\/uploads\/2026\/03\/Luis-Abinader-10.jpg?resize=700%2C400&ssl=1 2x"},"classes":[]},{"id":112842,"url":"https:\/\/lasprimeras.com.do\/index.php\/2025\/10\/27\/senado-designa-con-los-nombres-profesor-juan-bosch-la-circunvalacion-y-doctor-jose-francisco-pena-gomez-la-av-ecologica\/","url_meta":{"origin":49055,"position":2},"title":"Senado designa con los nombres \u201cProfesor Juan Bosch\u201d la Circunvalaci\u00f3n, y \u201cDoctor Jos\u00e9 Francisco Pe\u00f1a G\u00f3mez\u201d, la Av. Ecol\u00f3gica","author":"Nelson Feliz","date":"27 de octubre de 2025","format":false,"excerpt":"Por: Adalgisa S\u00e1nchez El Senado de la Rep\u00fablica aprob\u00f3 en dos lecturas consecutivas el Proyecto de Ley que designa con los nombres \u201cProfesor Juan Bosch\u201d, la autopista Circunvalaci\u00f3n de Santo Domingo; y \u201cdoctor Jos\u00e9 Francisco Pe\u00f1a G\u00f3mez\u201d, la avenida Ecol\u00f3gica, ubicadas en la provincia Santo Domingo. La pieza legislativa es\u2026","rel":"","context":"En \u00abPOLITICA\u00bb","block_context":{"text":"POLITICA","link":"https:\/\/lasprimeras.com.do\/index.php\/category\/politica\/"},"img":{"alt_text":"","src":"https:\/\/i0.wp.com\/lasprimeras.com.do\/wp-content\/uploads\/2025\/10\/senado-5.jpg?resize=350%2C200&ssl=1","width":350,"height":200,"srcset":"https:\/\/i0.wp.com\/lasprimeras.com.do\/wp-content\/uploads\/2025\/10\/senado-5.jpg?resize=350%2C200&ssl=1 1x, https:\/\/i0.wp.com\/lasprimeras.com.do\/wp-content\/uploads\/2025\/10\/senado-5.jpg?resize=525%2C300&ssl=1 1.5x, https:\/\/i0.wp.com\/lasprimeras.com.do\/wp-content\/uploads\/2025\/10\/senado-5.jpg?resize=700%2C400&ssl=1 2x"},"classes":[]},{"id":100682,"url":"https:\/\/lasprimeras.com.do\/index.php\/2025\/06\/10\/documental-rene-fortunato-expondra-campana-racista-contra-pena-gomez\/","url_meta":{"origin":49055,"position":3},"title":"Documental Ren\u00e9 Fortunato expondr\u00e1 campa\u00f1a racista contra Pe\u00f1a G\u00f3mez","author":"Nelson Feliz","date":"10 de junio de 2025","format":false,"excerpt":"El nuevo documental de Ren\u00e9 Fortunato, \"Triunfo de la democracia\", expone la intensa campa\u00f1a racista contra el doctor Jos\u00e9 Francisco Pe\u00f1a G\u00f3mez, acus\u00e1ndolo de no ser dominicano e intentar la fusi\u00f3n de Rep\u00fablica Dominicana con la naci\u00f3n vecina. El cineasta indica que esta campa\u00f1a fue desarrollada por reconocidos voceros de\u2026","rel":"","context":"En \u00abENTRETENIMIENTO\u00bb","block_context":{"text":"ENTRETENIMIENTO","link":"https:\/\/lasprimeras.com.do\/index.php\/category\/entretenimiento\/"},"img":{"alt_text":"","src":"https:\/\/i0.wp.com\/lasprimeras.com.do\/wp-content\/uploads\/2025\/06\/Juramentacion-de-Antonio-Guzman-Congreso-Nacional-16-agosto-1978.jpg?resize=350%2C200&ssl=1","width":350,"height":200,"srcset":"https:\/\/i0.wp.com\/lasprimeras.com.do\/wp-content\/uploads\/2025\/06\/Juramentacion-de-Antonio-Guzman-Congreso-Nacional-16-agosto-1978.jpg?resize=350%2C200&ssl=1 1x, https:\/\/i0.wp.com\/lasprimeras.com.do\/wp-content\/uploads\/2025\/06\/Juramentacion-de-Antonio-Guzman-Congreso-Nacional-16-agosto-1978.jpg?resize=525%2C300&ssl=1 1.5x, https:\/\/i0.wp.com\/lasprimeras.com.do\/wp-content\/uploads\/2025\/06\/Juramentacion-de-Antonio-Guzman-Congreso-Nacional-16-agosto-1978.jpg?resize=700%2C400&ssl=1 2x"},"classes":[]},{"id":112816,"url":"https:\/\/lasprimeras.com.do\/index.php\/2025\/10\/27\/exdiputado-arremete-contra-el-cambio-de-nombre-de-la-avenida-ecologica-profesor-juan-bosch-por-la-av-doctor-jose-francisco-pena-gomez\/","url_meta":{"origin":49055,"position":4},"title":"Exdiputado arremete contra el cambio de nombre de la\u00a0avenida Ecol\u00f3gica profesor Juan Bosch por la Av. doctor Jos\u00e9 Francisco Pe\u00f1a G\u00f3mez","author":"Nelson Feliz","date":"27 de octubre de 2025","format":false,"excerpt":"El exdiputado y\u00a0 miembro del Comit\u00e9 Central del Partido de la Liberaci\u00f3n Dominicana (PLD) D,\u00a0V\u00edctor Manuel Terrero, ha alzado su voz en protesta contra la aprobaci\u00f3n legislativa que renombra la\u00a0avenida Ecol\u00f3gica\u00a0profesor Juan Bosch por la Avenida doctor Jos\u00e9 Francisco Pe\u00f1a G\u00f3mez. Terrero, un destacado miembro del Comit\u00e9 Central del Partido\u2026","rel":"","context":"En \u00abPOLITICA\u00bb","block_context":{"text":"POLITICA","link":"https:\/\/lasprimeras.com.do\/index.php\/category\/politica\/"},"img":{"alt_text":"V\u00edctor Manuel Terrero","src":"https:\/\/i0.wp.com\/lasprimeras.com.do\/wp-content\/uploads\/2024\/04\/Victor-Manuel-Terrero.jpg?resize=350%2C200&ssl=1","width":350,"height":200,"srcset":"https:\/\/i0.wp.com\/lasprimeras.com.do\/wp-content\/uploads\/2024\/04\/Victor-Manuel-Terrero.jpg?resize=350%2C200&ssl=1 1x, https:\/\/i0.wp.com\/lasprimeras.com.do\/wp-content\/uploads\/2024\/04\/Victor-Manuel-Terrero.jpg?resize=525%2C300&ssl=1 1.5x"},"classes":[]},{"id":49372,"url":"https:\/\/lasprimeras.com.do\/index.php\/2023\/05\/10\/instituciones-conmemoran-25-anos-de-partida-fisica-de-jose-francisco-pena-gomez\/","url_meta":{"origin":49055,"position":5},"title":"Instituciones conmemoran 25 a\u00f1os de partida f\u00edsica de Jos\u00e9 Francisco Pe\u00f1a G\u00f3mez","author":"prenxa100","date":"10 de mayo de 2023","format":false,"excerpt":"Realizan conversatorio sobre su vida y obra: \u201cPe\u00f1a G\u00f3mez: 25 a\u00f1os despu\u00e9s. Santo Domingo.-. La Fundaci\u00f3n Jos\u00e9 Francisco Pe\u00f1a G\u00f3mez y la Universidad Aut\u00f3noma de Santo Domingo (UASD) realizaron varios conversatorios sobre la vida y obra del fenecido l\u00edder pol\u00edtico de la Rep\u00fablica Dominicana para conmemorar los 25 a\u00f1os de\u2026","rel":"","context":"En \u00abNACIONALES\u00bb","block_context":{"text":"NACIONALES","link":"https:\/\/lasprimeras.com.do\/index.php\/category\/nacionales\/"},"img":{"alt_text":"","src":"","width":0,"height":0},"classes":[]}],"jetpack_sharing_enabled":true,"_links":{"self":[{"href":"https:\/\/lasprimeras.com.do\/index.php\/wp-json\/wp\/v2\/posts\/49055","targetHints":{"allow":["GET"]}}],"collection":[{"href":"https:\/\/lasprimeras.com.do\/index.php\/wp-json\/wp\/v2\/posts"}],"about":[{"href":"https:\/\/lasprimeras.com.do\/index.php\/wp-json\/wp\/v2\/types\/post"}],"author":[{"embeddable":true,"href":"https:\/\/lasprimeras.com.do\/index.php\/wp-json\/wp\/v2\/users\/1"}],"replies":[{"embeddable":true,"href":"https:\/\/lasprimeras.com.do\/index.php\/wp-json\/wp\/v2\/comments?post=49055"}],"version-history":[{"count":0,"href":"https:\/\/lasprimeras.com.do\/index.php\/wp-json\/wp\/v2\/posts\/49055\/revisions"}],"wp:featuredmedia":[{"embeddable":true,"href":"https:\/\/lasprimeras.com.do\/index.php\/wp-json\/"}],"wp:attachment":[{"href":"https:\/\/lasprimeras.com.do\/index.php\/wp-json\/wp\/v2\/media?parent=49055"}],"wp:term":[{"taxonomy":"category","embeddable":true,"href":"https:\/\/lasprimeras.com.do\/index.php\/wp-json\/wp\/v2\/categories?post=49055"},{"taxonomy":"post_tag","embeddable":true,"href":"https:\/\/lasprimeras.com.do\/index.php\/wp-json\/wp\/v2\/tags?post=49055"}],"curies":[{"name":"wp","href":"https:\/\/api.w.org\/{rel}","templated":true}]}}