{"id":49066,"date":"2023-05-07T16:19:05","date_gmt":"2023-05-07T20:19:05","guid":{"rendered":"https:\/\/atento.com.do\/?p=49066"},"modified":"2023-05-07T16:19:05","modified_gmt":"2023-05-07T20:19:05","slug":"inefi-y-fda-imparten-taller-de-ajedrez-en-san-cristobal","status":"publish","type":"post","link":"https:\/\/lasprimeras.com.do\/index.php\/2023\/05\/07\/inefi-y-fda-imparten-taller-de-ajedrez-en-san-cristobal\/","title":{"rendered":"INEFI y FDA imparten \u201cTaller de Ajedrez\u201d en San Crist\u00f3bal"},"content":{"rendered":"\n<p><strong>San Crist\u00f3bal.-.<\/strong> Con la finalidad de fortalecer las destrezas en la ense\u00f1anza del ajedrez y desarrollar la agilidad mental en los docentes de Educaci\u00f3n F\u00edsica, la Regional 04 de Educaci\u00f3n, imparti\u00f3 el \u201cTaller Regional de Ajedrez\u201d, dirigido a los maestros de los siete distritos educativos de la provincia San Crist\u00f3bal, impartido por los Instructores Benjam\u00edn Henr\u00edquez y Braulio Ram\u00edrez.&nbsp;<\/p>\n\n\n\n<p>El Director Regional de Educaci\u00f3n, Julios C\u00e9sar Tejeda, destac\u00f3 la importancia que tiene el ajedrez educativo para el desarrollo intelectual y acad\u00e9mico del alumno.<\/p>\n\n\n\n<p>Asegur\u00f3 que \u201cel ajedrez puede convertirse en un instrumento pedag\u00f3gico no convencional que apoyar\u00eda decididamente la labor docente, enriqueciendo al ni\u00f1o con nuevos mecanismos de pensamiento que ser\u00e1n la base para arribar a la etapa operatoria formal, ya que esta pr\u00e1ctica contribuye al desarrollo de facultades intelectuales de aquel que lo practica, porque agiliza y fortalece la memoria, favorece el incremento de la atenci\u00f3n y la concentraci\u00f3n\u201d.&nbsp;<\/p>\n\n\n\n<p>De su lado, el Coordinador Regional del \u00e1rea de Educaci\u00f3n F\u00edsica, Ra\u00fal Dipr\u00e9, quien agradeci\u00f3 el respaldo del Director Ejecutivo del INEFI Alberto Rodr\u00edguez Mella.<\/p>\n\n\n\n<p>Asegur\u00f3 que, se est\u00e1n preparando a los docentes de la Educaci\u00f3n F\u00edsica y monitores de deporte para el proceso de capacitaci\u00f3n, garantizando la optimizaci\u00f3n de las pr\u00e1cticas docentes, la gesti\u00f3n y la ense\u00f1anza del ajedrez, de modo que estas habilidades se transmitan a los estudiantes en conjunto con los conceptos b\u00e1sicos y las principales aperturas y defensas que sirvan de base para la preparaci\u00f3n con mira a los juegos nacionales.&nbsp;<\/p>\n\n\n\n<p>Adem\u00e1s del taller impartido por Benjam\u00edn Henr\u00edquez Trinidad se destac\u00f3 la participaci\u00f3n del profesor e Instructor Internacional FIDE, Braulio Ram\u00edrez, quien recientemente se convirti\u00f3 en el nuevo Instructor Internacional de la Rep\u00fablica Dominicana al concluir el Seminario de Ajedrez FIDE-TRG- online de las Am\u00e9ricas organizado por la Federaci\u00f3n Internacional de Ajedrez FIDE.<\/p>\n\n\n\n<p>Con este paso, Ram\u00edrez podr\u00e1 incrementar el proceso de superaci\u00f3n y capacitaci\u00f3n de los profesionales de la Educaci\u00f3n F\u00edsica, garantizando la optimizaci\u00f3n de las pr\u00e1cticas docentes, la gesti\u00f3n y la ense\u00f1anza en las aulas.<\/p>\n\n\n\n<p>Entre otros aspectos, los participantes practicaron el jaque mate, la coronaci\u00f3n del campe\u00f3n el enroque, pe\u00f3n, paso, colocaci\u00f3n de las piezas y valor absoluto.&nbsp;As\u00ed como, t\u00e1ctica b\u00e1sica, clavada, ataque directo, doble ataque al descubierto, desviaci\u00f3n, sacrificio, juego de partida con anotaci\u00f3n, entre otros.&nbsp;<\/p>\n\n\n\n<p>El encuentro formativo, cont\u00f3, adem\u00e1s con la participaci\u00f3n de, la Coordinadora Curricular, Clara Mar\u00eda Al\u00edes, el t\u00e9cnico Regional de Educaci\u00f3n F\u00edsica, Orlando Campusano.&nbsp;<\/p>\n\n\n\n<p>Desde el Instituto Nacional de Educaci\u00f3n F\u00edsica (INEFI), participaron, los t\u00e9cnicos, Julio Acevedo, Julio Ventura, Santo de la Rosa, el coordinador, Alberto Guante, el subcoordinador Regional, David Valerio, entre otros.<\/p>\n","protected":false},"excerpt":{"rendered":"<p>San Crist\u00f3bal.-. Con la finalidad de fortalecer las destrezas en la ense\u00f1anza del ajedrez y desarrollar la agilidad mental en los docentes de Educaci\u00f3n F\u00edsica, la Regional 04 de Educaci\u00f3n,&hellip;<\/p>\n","protected":false},"author":1,"featured_media":49067,"comment_status":"open","ping_status":"open","sticky":false,"template":"","format":"standard","meta":{"content-type":"","jetpack_post_was_ever_published":false,"_jetpack_newsletter_access":"","_jetpack_dont_email_post_to_subs":false,"_jetpack_newsletter_tier_id":0,"_jetpack_memberships_contains_paywalled_content":false,"_jetpack_memberships_contains_paid_content":false,"footnotes":""},"categories":[1],"tags":[737,474,738,651,739],"class_list":["post-49066","post","type-post","status-publish","format-standard","has-post-thumbnail","hentry","category-sin-categoria","tag-fda","tag-imparten","tag-inefi","tag-san-cristobal","tag-taller-de-ajedrez"],"jetpack_featured_media_url":"","jetpack-related-posts":[{"id":49229,"url":"https:\/\/lasprimeras.com.do\/index.php\/2023\/05\/09\/inefi-entrega-juegos-de-ajedrez-y-coordina-taller-pedagogico-en-el-liceo-profesor-simon-orozco-de-invivienda\/","url_meta":{"origin":49066,"position":0},"title":"INEFI entrega juegos de ajedrez y coordina taller pedag\u00f3gico en el Liceo Profesor Sim\u00f3n Orozco de Invivienda","author":"prenxa100","date":"9 de mayo de 2023","format":false,"excerpt":"Santo Domingo Este.-. El Instituto Nacional de Educaci\u00f3n F\u00edsica (INEFI) entreg\u00f3 juegos y relojes de ajedrez en el Liceo Profesor Sim\u00f3n Orozco de Invivienda, adem\u00e1s de la utiler\u00eda fue coordinado para el mes de junio de taller de ajedrez para los estudiantes del Liceo que ser\u00e1 impartido por el maestro\u2026","rel":"","context":"En \u00abSin categor\u00eda\u00bb","block_context":{"text":"Sin categor\u00eda","link":"https:\/\/lasprimeras.com.do\/index.php\/category\/sin-categoria\/"},"img":{"alt_text":"","src":"","width":0,"height":0},"classes":[]},{"id":68642,"url":"https:\/\/lasprimeras.com.do\/index.php\/2023\/11\/26\/benjamin-henriquez-agradece-a-luis-abinader-y-resalta-exitos-del-inefi\/","url_meta":{"origin":49066,"position":1},"title":"Benjam\u00edn Henr\u00edquez agradece a Luis Abinader y resalta \u00e9xitos del INEFI","author":"Nelson Feliz","date":"26 de noviembre de 2023","format":false,"excerpt":"El \u00e1rbitro de ajedrez Benjam\u00edn Henr\u00edquez Trinidad emiti\u00f3 el m\u00e1s profundo agradecimiento al presidente de la Rep\u00fablica Luis Abinader por el traslado del Maestro de Ajedrez Braulio Ram\u00edrez del Distrito Educativo 10-04 al Instituto Nacional de Educaci\u00f3n F\u00edsica (INEFI), instituci\u00f3n que se encuentra revolucionando el deporte escolar. La r\u00e1pida y\u2026","rel":"","context":"En \u00abSin categor\u00eda\u00bb","block_context":{"text":"Sin categor\u00eda","link":"https:\/\/lasprimeras.com.do\/index.php\/category\/sin-categoria\/"},"img":{"alt_text":"El presidente Luis Abinader junto al Docente de Ajedrez Braulio Ram\u00edrez.","src":"https:\/\/i0.wp.com\/lasprimeras.com.do\/wp-content\/uploads\/2023\/11\/Luis-Abinader-y-Benjamin-Henriquez.jpg?resize=350%2C200&ssl=1","width":350,"height":200,"srcset":"https:\/\/i0.wp.com\/lasprimeras.com.do\/wp-content\/uploads\/2023\/11\/Luis-Abinader-y-Benjamin-Henriquez.jpg?resize=350%2C200&ssl=1 1x, https:\/\/i0.wp.com\/lasprimeras.com.do\/wp-content\/uploads\/2023\/11\/Luis-Abinader-y-Benjamin-Henriquez.jpg?resize=525%2C300&ssl=1 1.5x"},"classes":[]},{"id":71039,"url":"https:\/\/lasprimeras.com.do\/index.php\/2023\/12\/16\/fda-deja-iniciado-iv-campeonato-gubernamental-de-ajedrez-2023\/","url_meta":{"origin":49066,"position":2},"title":"FDA deja iniciado IV Campeonato Gubernamental de Ajedrez 2023","author":"Nelson Feliz","date":"16 de diciembre de 2023","format":false,"excerpt":"La Federaci\u00f3n Dominicana de Ajedrez (FDA), dej\u00f3 iniciado este s\u00e1bado el IV Campeonato Gubernamental de Ajedrez 2023, evento en el que participan m\u00e1s de 20 instituciones p\u00fablicas. El presidente de la FDA, Pedro Dom\u00ednguez Brito, expres\u00f3 su satisfacci\u00f3n a la celebraci\u00f3n de este gran torneo p\u00fablico de ajedrez. Dom\u00ednguez Brito,\u2026","rel":"","context":"En \u00abDEPORTES\u00bb","block_context":{"text":"DEPORTES","link":"https:\/\/lasprimeras.com.do\/index.php\/category\/deportes\/"},"img":{"alt_text":"Campeonato Gubernamental de Ajedrez","src":"https:\/\/i0.wp.com\/lasprimeras.com.do\/wp-content\/uploads\/2023\/12\/Campeonato-Gubernamental-de-Ajedrez.jpg?resize=350%2C200&ssl=1","width":350,"height":200,"srcset":"https:\/\/i0.wp.com\/lasprimeras.com.do\/wp-content\/uploads\/2023\/12\/Campeonato-Gubernamental-de-Ajedrez.jpg?resize=350%2C200&ssl=1 1x, https:\/\/i0.wp.com\/lasprimeras.com.do\/wp-content\/uploads\/2023\/12\/Campeonato-Gubernamental-de-Ajedrez.jpg?resize=525%2C300&ssl=1 1.5x, https:\/\/i0.wp.com\/lasprimeras.com.do\/wp-content\/uploads\/2023\/12\/Campeonato-Gubernamental-de-Ajedrez.jpg?resize=700%2C400&ssl=1 2x"},"classes":[]},{"id":52273,"url":"https:\/\/lasprimeras.com.do\/index.php\/2023\/06\/08\/inefi-lleva-programa-entrenando-con-las-estrellas\/","url_meta":{"origin":49066,"position":3},"title":"INEFI lleva programa \u201cEntrenando con las Estrellas&#8221;","author":"prenxa100","date":"8 de junio de 2023","format":false,"excerpt":"El Instituto Nacional Educaci\u00f3n F\u00edsica (INEFI) llev\u00f3 su programa \u201cEntrenando con las Estrellas\u201d al centro educativo Santo Cura de As\u00eds, en el sector Capotillo, Distrito Nacional donde tambi\u00e9n se entreg\u00f3 utiler\u00eda deportiva. La jornada estuvo dirigida por Alberto Rodr\u00edguez Mella, director ejecutivo del INEFI, en la que las deportistas Yamilet\u2026","rel":"","context":"En \u00abSin categor\u00eda\u00bb","block_context":{"text":"Sin categor\u00eda","link":"https:\/\/lasprimeras.com.do\/index.php\/category\/sin-categoria\/"},"img":{"alt_text":"","src":"","width":0,"height":0},"classes":[]},{"id":49947,"url":"https:\/\/lasprimeras.com.do\/index.php\/2023\/05\/15\/federacion-de-ajedrez-inicia-xvi-campeonato-continental-absoluto-de-ajedrez\/","url_meta":{"origin":49066,"position":4},"title":"Federaci\u00f3n de Ajedrez\u00a0 inicia XVI Campeonato Continental Absoluto de Ajedrez","author":"prenxa100","date":"15 de mayo de 2023","format":false,"excerpt":"Juan Doli\u00f3, Guayacanes, RD.- La Federaci\u00f3n Dominicana de Ajedrez (FDA), dio inicio \u00e9ste lunes al XVI Campeonato Continental Absoluto de Ajedrez 2023, evento que cuenta con la participaci\u00f3n de m\u00e1s de 150 jugadores dentro de los que se destacan 24 Grandes Maestros. El presidente de la FDA, Pedro Dom\u00ednguez Brito\u2026","rel":"","context":"En \u00abSin categor\u00eda\u00bb","block_context":{"text":"Sin categor\u00eda","link":"https:\/\/lasprimeras.com.do\/index.php\/category\/sin-categoria\/"},"img":{"alt_text":"","src":"","width":0,"height":0},"classes":[]},{"id":105528,"url":"https:\/\/lasprimeras.com.do\/index.php\/2025\/08\/04\/abinader-informa-500-mil-estudiantes-y-atletas-se-han-beneficiado-con-mas-de-900-intervenciones-de-instalaciones-deportivas-en-el-pais\/","url_meta":{"origin":49066,"position":5},"title":"Abinader informa 500 mil estudiantes y atletas se han beneficiado con m\u00e1s de 900 intervenciones de instalaciones deportivas en el pa\u00eds","author":"Nelson Feliz","date":"4 de agosto de 2025","format":false,"excerpt":"Asimismo, el mandatario anunci\u00f3 que el Gobierno a trav\u00e9s del INEFI ha beneficiado un mill\u00f3n 500 mil estudiantes y atletas con la entrega de 113 mil art\u00edculos deportivos y que en los Programas de Atletas de Alto Rendimiento se han beneficiado m\u00e1s de 60,000 mil personas y 150 centros educativos\u2026","rel":"","context":"En \u00abDEPORTES\u00bb","block_context":{"text":"DEPORTES","link":"https:\/\/lasprimeras.com.do\/index.php\/category\/deportes\/"},"img":{"alt_text":"","src":"https:\/\/i0.wp.com\/lasprimeras.com.do\/wp-content\/uploads\/2025\/08\/inefi.jpg?resize=350%2C200&ssl=1","width":350,"height":200,"srcset":"https:\/\/i0.wp.com\/lasprimeras.com.do\/wp-content\/uploads\/2025\/08\/inefi.jpg?resize=350%2C200&ssl=1 1x, https:\/\/i0.wp.com\/lasprimeras.com.do\/wp-content\/uploads\/2025\/08\/inefi.jpg?resize=525%2C300&ssl=1 1.5x, https:\/\/i0.wp.com\/lasprimeras.com.do\/wp-content\/uploads\/2025\/08\/inefi.jpg?resize=700%2C400&ssl=1 2x"},"classes":[]}],"jetpack_sharing_enabled":true,"_links":{"self":[{"href":"https:\/\/lasprimeras.com.do\/index.php\/wp-json\/wp\/v2\/posts\/49066","targetHints":{"allow":["GET"]}}],"collection":[{"href":"https:\/\/lasprimeras.com.do\/index.php\/wp-json\/wp\/v2\/posts"}],"about":[{"href":"https:\/\/lasprimeras.com.do\/index.php\/wp-json\/wp\/v2\/types\/post"}],"author":[{"embeddable":true,"href":"https:\/\/lasprimeras.com.do\/index.php\/wp-json\/wp\/v2\/users\/1"}],"replies":[{"embeddable":true,"href":"https:\/\/lasprimeras.com.do\/index.php\/wp-json\/wp\/v2\/comments?post=49066"}],"version-history":[{"count":0,"href":"https:\/\/lasprimeras.com.do\/index.php\/wp-json\/wp\/v2\/posts\/49066\/revisions"}],"wp:featuredmedia":[{"embeddable":true,"href":"https:\/\/lasprimeras.com.do\/index.php\/wp-json\/"}],"wp:attachment":[{"href":"https:\/\/lasprimeras.com.do\/index.php\/wp-json\/wp\/v2\/media?parent=49066"}],"wp:term":[{"taxonomy":"category","embeddable":true,"href":"https:\/\/lasprimeras.com.do\/index.php\/wp-json\/wp\/v2\/categories?post=49066"},{"taxonomy":"post_tag","embeddable":true,"href":"https:\/\/lasprimeras.com.do\/index.php\/wp-json\/wp\/v2\/tags?post=49066"}],"curies":[{"name":"wp","href":"https:\/\/api.w.org\/{rel}","templated":true}]}}