{"id":49078,"date":"2023-05-07T18:27:58","date_gmt":"2023-05-07T22:27:58","guid":{"rendered":"https:\/\/atento.com.do\/?p=49078"},"modified":"2023-05-07T18:27:58","modified_gmt":"2023-05-07T22:27:58","slug":"prodominicana-clausura-con-exito-la-exhibicion-de-belleza","status":"publish","type":"post","link":"https:\/\/lasprimeras.com.do\/index.php\/2023\/05\/07\/prodominicana-clausura-con-exito-la-exhibicion-de-belleza\/","title":{"rendered":"ProDominicana clausura con \u00e9xito la exhibici\u00f3n de belleza"},"content":{"rendered":"\n<p>Un cierre deslumbrante para la oferta exportable.<\/p>\n\n\n\n<p><strong>Santo Domingo<\/strong>. Una clausura llena de color y emociones, celebrada en el Centro de Exportaci\u00f3n e Inversi\u00f3n de la Rep\u00fablica Dominicana (ProDominicana), concluyendo exitosamente la Exhibici\u00f3n de la Oferta Exportable del Sector Belleza. <\/p>\n\n\n\n<p>El evento fue dise\u00f1ado con el objetivo de continuar impulsando estrategias que permitan a los actores de esta industria acceder a nuevos mercados.<\/p>\n\n\n\n<p>Durante los \u00faltimos 3 meses, hemos sido testigos de la creatividad, calidad y diversidad de los productos de belleza que se producen en nuestro pa\u00eds. Desde productos para el cabello hasta cremas hidratantes, pasando por exquisitas fragancias, la oferta exportable dominicana del sector belleza nos ha dejado maravillados.<\/p>\n\n\n\n<p>La actividad, encabezada por la directora ejecutiva de ProDominicana, Biviana Riveiro Disla incluy\u00f3 un panel denominado: \u201cRep\u00fablica Dominicana Exporta Belleza\u201d en la que participaron como panelistas: Anam\u00eda Abreu, empresaria y creadora de contenidos de belleza, Gema Herrera, cosmet\u00f3loga profesional y Massiel Nina empresaria de la industria del maquillaje, moderado por Marielle Araujo conductora de Fashion Freak Club.<\/p>\n\n\n\n<p>Las panelistas conversaron sobre retos y oportunidades de la industria de la belleza en Rep\u00fablica Dominicana. Adem\u00e1s, disertaron sobre las nuevas tendencias del sector y como est\u00e9 les ha ayudado a diversificar sus ingresos y aportar al dinamismo de la econom\u00eda local.<\/p>\n\n\n\n<p>En ese sentido, Riveiro expres\u00f3 que las exportaciones del sector belleza de Rep\u00fablica Dominicana se han posicionado en los mercados internacionales gracias al nivel de calidad que poseen los cosm\u00e9ticos elaborados en el pa\u00eds.<\/p>\n\n\n\n<p>&#8220;Estamos llevando la Rep\u00fablica Dominicana a competir con bienes acabados, los que generan mayor volumen de ventas, empleos especializados y posibilitan encadenamientos productivos a nuevos niveles. En el 2022, las exportaciones de este sector alcanzaron la cifra de USD$116.6 millones, creciendo en un 6.87% en comparaci\u00f3n al 2021 y en un 3.19% al 2020. Asimismo, para el trimestre enero-marzo 2023, este sector ha acumulado un total de USD$23.74 millones en exportaciones\u201d, inform\u00f3.<\/p>\n\n\n\n<p>En cuanto al primer trimestre del 2023, las mezclas de sustancias odor\u00edferas lideran las exportaciones con USD$6.39 millones, seguido de las preparaciones para el maquillaje USD$3.69 MM. <\/p>\n\n\n\n<p>Las exportaciones de este sector han sido principalmente dirigidas a los Estados Unidos, alcanzando la cifra de USD$71.89 millones en el 2022 y representando el 61.66% del monto total alcanzado en este per\u00edodo. <\/p>\n\n\n\n<p>Para el primer trimestre del 2023, este mercado mantiene esta tendencia acumulando USD$11.46 millones.\u00a0<\/p>\n\n\n\n<p><a>ProDominicana exhibi\u00f3 los productos de empresas exportadoras de la industria de la belleza dominicana. Entre ellas se destacan: Laboratorios Capilo, Yelena Plus, Sarise Cosm\u00e9tica SRL (Wiu), Creaciones de la tierra (Moringaia), Laboratorios MK, Laboratorios JM Rodr\u00edguez (Natural Plus), Orgliz, AVA Care, Ginger Milk, Vialen, Camilo Labs, Kapril Industrial, Deya by Dewi Pe\u00f1a, Star Products, Royste SRL, Maka SRL, La Savonnerie, Efectos LMR SRL, Grupo Villa Sol, Gil Rose, Halka Hair, Laboratorios Dr. Collado, Q&amp;S Laboratorios, West S.A. Adem\u00e1s, cont\u00f3 con un brindis para el disfrute de los participantes a cargo de Oliver &amp; Oliver.<\/a><\/p>\n","protected":false},"excerpt":{"rendered":"<p>Un cierre deslumbrante para la oferta exportable. Santo Domingo. Una clausura llena de color y emociones, celebrada en el Centro de Exportaci\u00f3n e Inversi\u00f3n de la Rep\u00fablica Dominicana (ProDominicana), concluyendo&hellip;<\/p>\n","protected":false},"author":1,"featured_media":49079,"comment_status":"open","ping_status":"open","sticky":false,"template":"","format":"standard","meta":{"content-type":"","jetpack_post_was_ever_published":false,"_jetpack_newsletter_access":"","_jetpack_dont_email_post_to_subs":false,"_jetpack_newsletter_tier_id":0,"_jetpack_memberships_contains_paywalled_content":false,"_jetpack_memberships_contains_paid_content":false,"footnotes":""},"categories":[39,25],"tags":[746,747,748,749,750,751,752],"class_list":["post-49078","post","type-post","status-publish","format-standard","has-post-thumbnail","hentry","category-economia","category-portada","tag-belleza","tag-clausura","tag-deslumbrante","tag-exhibicion","tag-exportable","tag-oferta","tag-prodominicana"],"jetpack_featured_media_url":"","jetpack-related-posts":[{"id":59220,"url":"https:\/\/lasprimeras.com.do\/index.php\/2023\/09\/01\/noche-del-tabaco-y-ron-de-prodominicana-una-experiencia-de-aroma-sabor-y-textura-exportable\/","url_meta":{"origin":49078,"position":0},"title":"Noche del Tabaco y Ron de ProDominicana: una experiencia de aroma, sabor y textura exportable","author":"Nelson Feliz","date":"1 de septiembre de 2023","format":false,"excerpt":"RD se posiciona como el principal exportador de cigarros del mundo y encabeza la lista de pa\u00edses en el envi\u00f3 de ron hacia Espa\u00f1a. El Centro de Exportaci\u00f3n e Inversi\u00f3n de la Rep\u00fablica Dominicana (ProDominicana) celebr\u00f3 el encuentro \u201cNoche de Tabaco y Ron\u201d como parte de la \u201cExhibici\u00f3n trimestral dedicada\u2026","rel":"","context":"En \u00abECONOM\u00cdA\u00bb","block_context":{"text":"ECONOM\u00cdA","link":"https:\/\/lasprimeras.com.do\/index.php\/category\/economia\/"},"img":{"alt_text":"Juan Mustaf\u00e1, Biviana Riveiro y Guillermo Le\u00f3n","src":"https:\/\/i0.wp.com\/lasprimeras.com.do\/wp-content\/uploads\/2023\/09\/Juan-Mustafa-Biviana-Riveiro-y-Guillermo-Leon.jpg?resize=350%2C200&ssl=1","width":350,"height":200,"srcset":"https:\/\/i0.wp.com\/lasprimeras.com.do\/wp-content\/uploads\/2023\/09\/Juan-Mustafa-Biviana-Riveiro-y-Guillermo-Leon.jpg?resize=350%2C200&ssl=1 1x, https:\/\/i0.wp.com\/lasprimeras.com.do\/wp-content\/uploads\/2023\/09\/Juan-Mustafa-Biviana-Riveiro-y-Guillermo-Leon.jpg?resize=525%2C300&ssl=1 1.5x, https:\/\/i0.wp.com\/lasprimeras.com.do\/wp-content\/uploads\/2023\/09\/Juan-Mustafa-Biviana-Riveiro-y-Guillermo-Leon.jpg?resize=700%2C400&ssl=1 2x"},"classes":[]},{"id":55412,"url":"https:\/\/lasprimeras.com.do\/index.php\/2023\/07\/21\/prodominicana-realiza-exhibicion-de-productos-agroindustriales-con-una-exposicion-gastronomica\/","url_meta":{"origin":49078,"position":1},"title":"ProDominicana realiza exhibici\u00f3n de productos agroindustriales con una exposici\u00f3n gastron\u00f3mica","author":"Nelson Feliz","date":"21 de julio de 2023","format":false,"excerpt":"La actividad cont\u00f3 con 3 shows culinarios en vivo. Con un show gastron\u00f3mico cargado de la cultura culinaria y los sabores de productos dominicanos, el Centro de Exportaci\u00f3n e Inversi\u00f3n de la Rep\u00fablica Dominicana celebr\u00f3 la clausura de la exposici\u00f3n de productos de la oferta exportable del sector agroindustrial, a\u2026","rel":"","context":"En \u00abECONOM\u00cdA\u00bb","block_context":{"text":"ECONOM\u00cdA","link":"https:\/\/lasprimeras.com.do\/index.php\/category\/economia\/"},"img":{"alt_text":"Antonio G\u00f3mez Pe\u00f1a, Edwin Arias Chinchilla, Sang Ryul Lee, Lidia D\u00edaz, Biviana Riveiro Disla, Chef Tita, Chaveli Osoria, Axel Cabrera, Jos\u00e9 Rafael Compr\u00e9s","src":"https:\/\/i0.wp.com\/lasprimeras.com.do\/wp-content\/uploads\/2023\/07\/Antonio-Gomez-Pena-Edwin-Arias-Chinchilla-Sang-Ryul-Lee-Lidia-Diaz-Biviana-Riveiro-Disla-Chef-Tita-Chaveli-Osoria-Axel-Cabrera-Jose-Rafael-Compres.jpg?resize=350%2C200&ssl=1","width":350,"height":200,"srcset":"https:\/\/i0.wp.com\/lasprimeras.com.do\/wp-content\/uploads\/2023\/07\/Antonio-Gomez-Pena-Edwin-Arias-Chinchilla-Sang-Ryul-Lee-Lidia-Diaz-Biviana-Riveiro-Disla-Chef-Tita-Chaveli-Osoria-Axel-Cabrera-Jose-Rafael-Compres.jpg?resize=350%2C200&ssl=1 1x, https:\/\/i0.wp.com\/lasprimeras.com.do\/wp-content\/uploads\/2023\/07\/Antonio-Gomez-Pena-Edwin-Arias-Chinchilla-Sang-Ryul-Lee-Lidia-Diaz-Biviana-Riveiro-Disla-Chef-Tita-Chaveli-Osoria-Axel-Cabrera-Jose-Rafael-Compres.jpg?resize=525%2C300&ssl=1 1.5x, https:\/\/i0.wp.com\/lasprimeras.com.do\/wp-content\/uploads\/2023\/07\/Antonio-Gomez-Pena-Edwin-Arias-Chinchilla-Sang-Ryul-Lee-Lidia-Diaz-Biviana-Riveiro-Disla-Chef-Tita-Chaveli-Osoria-Axel-Cabrera-Jose-Rafael-Compres.jpg?resize=700%2C400&ssl=1 2x"},"classes":[]},{"id":51731,"url":"https:\/\/lasprimeras.com.do\/index.php\/2023\/06\/02\/prodominicana-y-jad-presentan-mejor-oferta-exportable-dominicana-en-noche-cultural\/","url_meta":{"origin":49078,"position":2},"title":"ProDominicana y JAD presentan mejor oferta exportable dominicana en Noche Cultural","author":"prenxa100","date":"2 de junio de 2023","format":false,"excerpt":"La feria recibi\u00f3 un total de m\u00e1s 170 compradores internacionales procedentes de m\u00e1s de 32 pa\u00edses. Santo Domingo. En una noche llena de folklore y tradiciones culturales dominicanas, el Centro de Exportaci\u00f3n e Inversi\u00f3n de la Rep\u00fablica Dominicana (ProDominicana) y la Junta Agroempresarial Dominicana (JAD) celebraron la \u201cNoche Cultural Dominicana\u201d\u2026","rel":"","context":"En \u00abECONOM\u00cdA\u00bb","block_context":{"text":"ECONOM\u00cdA","link":"https:\/\/lasprimeras.com.do\/index.php\/category\/economia\/"},"img":{"alt_text":"","src":"","width":0,"height":0},"classes":[]},{"id":53485,"url":"https:\/\/lasprimeras.com.do\/index.php\/2023\/06\/26\/prodominicana-continua-promocionando-la-oferta-exportable-en-summer-fancy-food-estados-unidos\/","url_meta":{"origin":49078,"position":3},"title":"ProDominicana contin\u00faa promocionando la oferta exportable en Summer Fancy Food Estados Unidos","author":"Nelson Feliz","date":"26 de junio de 2023","format":false,"excerpt":"La feria se realizar\u00e1 en Nueva York 25 al 27 de junio en el Javits Convention Center, Nueva York, Estados Unidos El Centro de Exportaci\u00f3n e Inversi\u00f3n de la Rep\u00fablica Dominicana (ProDominicana) encabeza la delegaci\u00f3n del pa\u00eds que participa en la feria internacional Summer Fancy Food Show a celebrarse del\u2026","rel":"","context":"En \u00abECONOM\u00cdA\u00bb","block_context":{"text":"ECONOM\u00cdA","link":"https:\/\/lasprimeras.com.do\/index.php\/category\/economia\/"},"img":{"alt_text":"","src":"https:\/\/i0.wp.com\/lasprimeras.com.do\/wp-content\/uploads\/2023\/06\/Acto-inaugural-Fancy-Food-1.jpg?resize=350%2C200&ssl=1","width":350,"height":200,"srcset":"https:\/\/i0.wp.com\/lasprimeras.com.do\/wp-content\/uploads\/2023\/06\/Acto-inaugural-Fancy-Food-1.jpg?resize=350%2C200&ssl=1 1x, https:\/\/i0.wp.com\/lasprimeras.com.do\/wp-content\/uploads\/2023\/06\/Acto-inaugural-Fancy-Food-1.jpg?resize=525%2C300&ssl=1 1.5x, https:\/\/i0.wp.com\/lasprimeras.com.do\/wp-content\/uploads\/2023\/06\/Acto-inaugural-Fancy-Food-1.jpg?resize=700%2C400&ssl=1 2x"},"classes":[]},{"id":124450,"url":"https:\/\/lasprimeras.com.do\/index.php\/2026\/03\/12\/prodominicana-reconoce-a-empresas-en-vanguardia-exportadora\/","url_meta":{"origin":49078,"position":4},"title":"ProDominicana reconoce a empresas en Vanguardia Exportadora","author":"Nelson Feliz","date":"12 de marzo de 2026","format":false,"excerpt":"Exportaciones dominicanas crecen 14.4% en 2025 El Centro de Exportaci\u00f3n e Inversi\u00f3n de la Rep\u00fablica Dominicana (ProDominicana) celebr\u00f3 la segunda edici\u00f3n del reconocimiento \u201cVanguardia Exportadora\u201d, un evento que destaca a las empresas que han logrado posicionar con \u00e9xito sus productos y servicios en los mercados internacionales durante el a\u00f1o 2025.\u2026","rel":"","context":"En \u00abECONOM\u00cdA\u00bb","block_context":{"text":"ECONOM\u00cdA","link":"https:\/\/lasprimeras.com.do\/index.php\/category\/economia\/"},"img":{"alt_text":"Vanguardia Exportadora","src":"https:\/\/i0.wp.com\/lasprimeras.com.do\/wp-content\/uploads\/2026\/03\/Vanguardia-Exportadora.jpg?resize=350%2C200&ssl=1","width":350,"height":200,"srcset":"https:\/\/i0.wp.com\/lasprimeras.com.do\/wp-content\/uploads\/2026\/03\/Vanguardia-Exportadora.jpg?resize=350%2C200&ssl=1 1x, https:\/\/i0.wp.com\/lasprimeras.com.do\/wp-content\/uploads\/2026\/03\/Vanguardia-Exportadora.jpg?resize=525%2C300&ssl=1 1.5x, https:\/\/i0.wp.com\/lasprimeras.com.do\/wp-content\/uploads\/2026\/03\/Vanguardia-Exportadora.jpg?resize=700%2C400&ssl=1 2x"},"classes":[]},{"id":103346,"url":"https:\/\/lasprimeras.com.do\/index.php\/2025\/07\/14\/prodominicana-participara-en-la-feria-tic-2025-para-fortalecer-el-comercio-en-el-caribe\/","url_meta":{"origin":49078,"position":5},"title":"ProDominicana participara en la feria TIC 2025 para fortalecer el comercio en el Caribe","author":"Nelson Feliz","date":"14 de julio de 2025","format":false,"excerpt":"La instituci\u00f3n estar\u00e1 presente junto con una destacada delegaci\u00f3n de empresas dominicanas que representan la diversidad y la calidad de la oferta exportable. El Centro de Exportaci\u00f3n e Inversi\u00f3n de la Rep\u00fablica Dominicana (ProDominicana) anuncia su participaci\u00f3n en la Trade & Investment Convention (TIC) 2025, una de las plataformas comerciales\u2026","rel":"","context":"En \u00abECONOM\u00cdA\u00bb","block_context":{"text":"ECONOM\u00cdA","link":"https:\/\/lasprimeras.com.do\/index.php\/category\/economia\/"},"img":{"alt_text":"","src":"https:\/\/i0.wp.com\/lasprimeras.com.do\/wp-content\/uploads\/2025\/07\/Biviana-Riveiro-Disla-Directora-Ejecutiva-de-Prodominicana-.jpg.jpg?resize=350%2C200&ssl=1","width":350,"height":200,"srcset":"https:\/\/i0.wp.com\/lasprimeras.com.do\/wp-content\/uploads\/2025\/07\/Biviana-Riveiro-Disla-Directora-Ejecutiva-de-Prodominicana-.jpg.jpg?resize=350%2C200&ssl=1 1x, https:\/\/i0.wp.com\/lasprimeras.com.do\/wp-content\/uploads\/2025\/07\/Biviana-Riveiro-Disla-Directora-Ejecutiva-de-Prodominicana-.jpg.jpg?resize=525%2C300&ssl=1 1.5x, https:\/\/i0.wp.com\/lasprimeras.com.do\/wp-content\/uploads\/2025\/07\/Biviana-Riveiro-Disla-Directora-Ejecutiva-de-Prodominicana-.jpg.jpg?resize=700%2C400&ssl=1 2x"},"classes":[]}],"jetpack_sharing_enabled":true,"_links":{"self":[{"href":"https:\/\/lasprimeras.com.do\/index.php\/wp-json\/wp\/v2\/posts\/49078","targetHints":{"allow":["GET"]}}],"collection":[{"href":"https:\/\/lasprimeras.com.do\/index.php\/wp-json\/wp\/v2\/posts"}],"about":[{"href":"https:\/\/lasprimeras.com.do\/index.php\/wp-json\/wp\/v2\/types\/post"}],"author":[{"embeddable":true,"href":"https:\/\/lasprimeras.com.do\/index.php\/wp-json\/wp\/v2\/users\/1"}],"replies":[{"embeddable":true,"href":"https:\/\/lasprimeras.com.do\/index.php\/wp-json\/wp\/v2\/comments?post=49078"}],"version-history":[{"count":0,"href":"https:\/\/lasprimeras.com.do\/index.php\/wp-json\/wp\/v2\/posts\/49078\/revisions"}],"wp:featuredmedia":[{"embeddable":true,"href":"https:\/\/lasprimeras.com.do\/index.php\/wp-json\/"}],"wp:attachment":[{"href":"https:\/\/lasprimeras.com.do\/index.php\/wp-json\/wp\/v2\/media?parent=49078"}],"wp:term":[{"taxonomy":"category","embeddable":true,"href":"https:\/\/lasprimeras.com.do\/index.php\/wp-json\/wp\/v2\/categories?post=49078"},{"taxonomy":"post_tag","embeddable":true,"href":"https:\/\/lasprimeras.com.do\/index.php\/wp-json\/wp\/v2\/tags?post=49078"}],"curies":[{"name":"wp","href":"https:\/\/api.w.org\/{rel}","templated":true}]}}