{"id":49084,"date":"2023-05-07T21:24:30","date_gmt":"2023-05-08T01:24:30","guid":{"rendered":"https:\/\/atento.com.do\/?p=49084"},"modified":"2023-05-07T21:24:30","modified_gmt":"2023-05-08T01:24:30","slug":"descubren-como-las-explosiones-solares-pudieron-haber-originado-la-vida-en-la-tierra","status":"publish","type":"post","link":"https:\/\/lasprimeras.com.do\/index.php\/2023\/05\/07\/descubren-como-las-explosiones-solares-pudieron-haber-originado-la-vida-en-la-tierra\/","title":{"rendered":"Descubren c\u00f3mo las explosiones solares pudieron haber originado la vida en la Tierra"},"content":{"rendered":"\n<p>Un nuevo estudio sugiere que las reacciones qu\u00edmicas que dieron origen a los amino\u00e1cidos pudieron haberse generado gracias a erupciones de nuestro Sol.<\/p>\n\n\n\n<p><strong>ATLANTA, RT.-.<\/strong>Una de las teor\u00edas m\u00e1s aceptadas sobre el origen de la vida en la Tierra sugiere que esta comenz\u00f3 durante el e\u00f3n H\u00e1dico, hace entre 4.000 y 4.550 millones de a\u00f1os. Sin embargo, las condiciones ambientales que contribuyeron a iniciar los procesos qu\u00edmicos que la originaron han sido objeto de debate durante d\u00e9cadas.<\/p>\n\n\n\n<p>En este contexto, una reciente investigaci\u00f3n realizada por un equipo internacional de cient\u00edficos sugiere que los primeros componentes b\u00e1sicos de la vida en la Tierra pudieron haberse formado gracias a erupciones de nuestro Sol, de acuerdo a la NASA.<\/p>\n\n\n\n<p>Desde finales del siglo XIX, se ha especulado sobre la posibilidad de que la vida se originara en peque\u00f1os estanques de agua rica en sustancias qu\u00edmicas, en una mezcla conocida como &#8216;sopa primordial&#8217; en la que, al ser energizada por rayos, calor y otras formas de energ\u00eda, se produjeron las reacciones que formaron mol\u00e9culas org\u00e1nicas, conocidas como amino\u00e1cidos.<\/p>\n\n\n\n<p>Probando la hip\u00f3tesis<\/p>\n\n\n\n<p>En la d\u00e9cada de 1950, el profesor de la Universidad de Chicago Stanley Miller intent\u00f3 recrear las condiciones primordiales en el laboratorio, en un experimento llamado Miller-Urey.<\/p>\n\n\n\n<p>Tras llenar una c\u00e1mara cerrada con metano, amon\u00edaco, agua e hidr\u00f3geno molecular, elementos predominantes en la atm\u00f3sfera primitiva terrestre, y energizarla con una chispa el\u00e9ctrica para simular un rel\u00e1mpago, descubri\u00f3 que se hab\u00edan formado 20 amino\u00e1cidos diferentes.<\/p>\n\n\n\n<p>Sin embargo, recientes investigaciones proponen que la cantidad de amon\u00edaco y metano que hab\u00eda disponible en la atm\u00f3sfera primitiva era mucho menos abundante; y que en su lugar hab\u00eda mayores concentraciones de di\u00f3xido de carbono y nitr\u00f3geno molecular, que requieren m\u00e1s energ\u00eda para descomponerse y producir amino\u00e1cidos.<\/p>\n\n\n\n<p>Seg\u00fan detallan los autores del estudio, publicado en la revista Life, los expertos probaron la hip\u00f3tesis de que la fuente de energ\u00eda que dio origen a los compuestos org\u00e1nicos proven\u00eda de las part\u00edculas solares.<\/p>\n\n\n\n<p>Para ello, reprodujeron en dos ocasiones el experimento de Miller-Urey, la primera \u00edntegramente, mientras que en la segunda utilizaron protones como fuentes de energ\u00eda, para simular las part\u00edculas solares.<\/p>\n\n\n\n<p>Tras comparar los resultados de ambas pruebas, descubrieron que con concentraciones bajas de metano (0,5 %) la mezcla energizada con protones produc\u00eda cantidades detectables de amino\u00e1cidos y \u00e1cidos carbox\u00edlicos, a diferencia de la que recibi\u00f3 descargas el\u00e9ctricas, como en el experimento original, que requirieron concentraciones del 15 % antes de que se formara en ella alg\u00fan amino\u00e1cido.<\/p>\n\n\n\n<p>Seg\u00fan explica Vladimir Airapetian, coautor de la investigaci\u00f3n, las part\u00edculas solares parecen ser una fuente de energ\u00eda m\u00e1s eficaz que los rayos, ya que en la Tierra primitiva, debido a las condiciones ambientales, no hubieran tenido la potencia necesaria para desencadenar las reacciones qu\u00edmicas para generar amino\u00e1cidos.<\/p>\n\n\n\n<p>&#8220;Estos experimentos sugieren que nuestro joven y activo Sol podr\u00eda haber catalizado los precursores de la vida m\u00e1s f\u00e1cilmente, y, quiz\u00e1, antes de lo que se supon\u00eda&#8221;, coment\u00f3 el investigador.<\/p>\n","protected":false},"excerpt":{"rendered":"<p>Un nuevo estudio sugiere que las reacciones qu\u00edmicas que dieron origen a los amino\u00e1cidos pudieron haberse generado gracias a erupciones de nuestro Sol. ATLANTA, RT.-.Una de las teor\u00edas m\u00e1s aceptadas&hellip;<\/p>\n","protected":false},"author":1,"featured_media":49085,"comment_status":"open","ping_status":"open","sticky":false,"template":"","format":"standard","meta":{"content-type":"","jetpack_post_was_ever_published":false,"_jetpack_newsletter_access":"","_jetpack_dont_email_post_to_subs":false,"_jetpack_newsletter_tier_id":0,"_jetpack_memberships_contains_paywalled_content":false,"_jetpack_memberships_contains_paid_content":false,"footnotes":""},"categories":[1],"tags":[758,759,760,761,762],"class_list":["post-49084","post","type-post","status-publish","format-standard","has-post-thumbnail","hentry","category-sin-categoria","tag-descubren","tag-explosiones","tag-originado","tag-solares","tag-vida"],"jetpack_featured_media_url":"","jetpack-related-posts":[{"id":83055,"url":"https:\/\/lasprimeras.com.do\/index.php\/2024\/05\/10\/ee-uu-emite-una-alerta-de-tormenta-geomagnetica-severa-por-primera-vez-en-dos-decadas\/","url_meta":{"origin":49084,"position":0},"title":"EE.UU. emite una alerta de tormenta geomagn\u00e9tica severa por primera vez en dos d\u00e9cadas","author":"Nelson Feliz","date":"10 de mayo de 2024","format":false,"excerpt":"Estas tormentas tienen el potencial de interferir con las comunicaciones, la red de energ\u00eda el\u00e9ctrica, la navegaci\u00f3n y las operaciones de radio y de sat\u00e9lites Washington, EFE - Una tormenta geomagn\u00e9tica, causada por una serie de erupciones solares y que podr\u00eda ser la m\u00e1s severa desde 2005, alcanzar\u00e1 la Tierra\u2026","rel":"","context":"En \u00abSin categor\u00eda\u00bb","block_context":{"text":"Sin categor\u00eda","link":"https:\/\/lasprimeras.com.do\/index.php\/category\/sin-categoria\/"},"img":{"alt_text":"","src":"https:\/\/i0.wp.com\/lasprimeras.com.do\/wp-content\/uploads\/2024\/05\/nieves.jpg?resize=350%2C200&ssl=1","width":350,"height":200,"srcset":"https:\/\/i0.wp.com\/lasprimeras.com.do\/wp-content\/uploads\/2024\/05\/nieves.jpg?resize=350%2C200&ssl=1 1x, https:\/\/i0.wp.com\/lasprimeras.com.do\/wp-content\/uploads\/2024\/05\/nieves.jpg?resize=525%2C300&ssl=1 1.5x"},"classes":[]},{"id":86344,"url":"https:\/\/lasprimeras.com.do\/index.php\/2024\/07\/23\/decenas-de-personas-corran-por-erupcion-de-rocas-agua-y-vapor-en-yellowstone\/","url_meta":{"origin":49084,"position":1},"title":"Decenas de personas corran por erupci\u00f3n de rocas, agua y vapor en Yellowstone","author":"Nelson Feliz","date":"23 de julio de 2024","format":false,"excerpt":"POR MEAD GRUVER, AMY BETH HANSON Y MATTHEW BROWN CHEYENNE, Wyoming (AP) \u2014 Una erupci\u00f3n sorpresiva en el Parque Nacional de Yellowstone arroj\u00f3 vapor, agua y rocas y tierra de color oscuro hacia el cielo el martes y provoc\u00f3 que los turistas salieran corriendo a buscar seguridad. La explosi\u00f3n hidrotermal\u2026","rel":"","context":"En \u00abSin categor\u00eda\u00bb","block_context":{"text":"Sin categor\u00eda","link":"https:\/\/lasprimeras.com.do\/index.php\/category\/sin-categoria\/"},"img":{"alt_text":"","src":"https:\/\/i0.wp.com\/lasprimeras.com.do\/wp-content\/uploads\/2024\/07\/dos.png?resize=350%2C200&ssl=1","width":350,"height":200,"srcset":"https:\/\/i0.wp.com\/lasprimeras.com.do\/wp-content\/uploads\/2024\/07\/dos.png?resize=350%2C200&ssl=1 1x, https:\/\/i0.wp.com\/lasprimeras.com.do\/wp-content\/uploads\/2024\/07\/dos.png?resize=525%2C300&ssl=1 1.5x, https:\/\/i0.wp.com\/lasprimeras.com.do\/wp-content\/uploads\/2024\/07\/dos.png?resize=700%2C400&ssl=1 2x"},"classes":[]},{"id":58257,"url":"https:\/\/lasprimeras.com.do\/index.php\/2023\/08\/22\/empresa-vidal-plast-asegura-en-su-local-no-habia-nada-pudiera-ocasionar-explosion-de-san-cristobal\/","url_meta":{"origin":49084,"position":2},"title":"Empresa Vidal Plast asegura en su local no hab\u00eda nada pudiera ocasionar explosi\u00f3n de San Crist\u00f3bal","author":"Nelson Feliz","date":"22 de agosto de 2023","format":false,"excerpt":"La recicladora de pl\u00e1stico que ha sido citada como posible responsable de la explosi\u00f3n en San Crist\u00f3bal afirm\u00f3 que en el local que ocupaba no hab\u00eda equipos, materiales o combustibles que pudieran originar ese tr\u00e1gico hecho y que prueba de esto es que el cad\u00e1ver del \u00fanico empleado presente fue\u2026","rel":"","context":"En \u00abNACIONALES\u00bb","block_context":{"text":"NACIONALES","link":"https:\/\/lasprimeras.com.do\/index.php\/category\/nacionales\/"},"img":{"alt_text":"Empresa Vidal Plast","src":"https:\/\/i0.wp.com\/lasprimeras.com.do\/wp-content\/uploads\/2023\/08\/Empresa-Vidal-Plast.jpg?resize=350%2C200&ssl=1","width":350,"height":200,"srcset":"https:\/\/i0.wp.com\/lasprimeras.com.do\/wp-content\/uploads\/2023\/08\/Empresa-Vidal-Plast.jpg?resize=350%2C200&ssl=1 1x, https:\/\/i0.wp.com\/lasprimeras.com.do\/wp-content\/uploads\/2023\/08\/Empresa-Vidal-Plast.jpg?resize=525%2C300&ssl=1 1.5x"},"classes":[]},{"id":83860,"url":"https:\/\/lasprimeras.com.do\/index.php\/2024\/05\/26\/sugieren-tunel-solucionaria-derrumbes-en-carretera-barahona-pedernales\/","url_meta":{"origin":49084,"position":3},"title":"Sugieren t\u00fanel solucionar\u00eda derrumbes en carretera Barahona-Pedernales","author":"Nelson Feliz","date":"26 de mayo de 2024","format":false,"excerpt":"Hace ocho meses que se produjo un primer derrumbe en dicho tramo y, a pesar de \u201ctrabajos permanentes\u201d el Ministerio de Obras P\u00fablicas, no ha encontrado una soluci\u00f3n definitiva al origen de la falla. Por Benny Rodr\u00edguez \u201cEl derrumbao'\u201d, tramo ubicado entre el puente \u201cCoronel\u201d y La Ci\u00e9naga, pr\u00f3ximo al\u2026","rel":"","context":"En \u00abNACIONALES\u00bb","block_context":{"text":"NACIONALES","link":"https:\/\/lasprimeras.com.do\/index.php\/category\/nacionales\/"},"img":{"alt_text":"\u201cEl derrumbao\u201d pr\u00f3ximo al balneario y a la playa San Rafael, constituye el principal dolor de cabeza para choferes, visitantes y quienes cada d\u00eda deben recorrer la carretera Barahona-Pedernales.BENNY RODR\u00cdGUEZ\/ LIST\u00cdN DIARIO","src":"https:\/\/i0.wp.com\/lasprimeras.com.do\/wp-content\/uploads\/2024\/05\/El-derrumbao.jpeg?resize=350%2C200&ssl=1","width":350,"height":200,"srcset":"https:\/\/i0.wp.com\/lasprimeras.com.do\/wp-content\/uploads\/2024\/05\/El-derrumbao.jpeg?resize=350%2C200&ssl=1 1x, https:\/\/i0.wp.com\/lasprimeras.com.do\/wp-content\/uploads\/2024\/05\/El-derrumbao.jpeg?resize=525%2C300&ssl=1 1.5x, https:\/\/i0.wp.com\/lasprimeras.com.do\/wp-content\/uploads\/2024\/05\/El-derrumbao.jpeg?resize=700%2C400&ssl=1 2x"},"classes":[]},{"id":111907,"url":"https:\/\/lasprimeras.com.do\/index.php\/2025\/10\/15\/el-volcan-lewotobi-laki-laki-en-indonesia-hace-una-nueva-erupcion-de-ceniza-caliente\/","url_meta":{"origin":49084,"position":4},"title":"El volc\u00e1n Lewotobi Laki Laki en Indonesia hace una nueva erupci\u00f3n de ceniza caliente","author":"Nelson Feliz","date":"15 de octubre de 2025","format":false,"excerpt":"YAKARTA, Indonesia (AP) \u2014 El monte Lewotobi Laki Laki, uno de los volcanes m\u00e1s activos de Indonesia, entr\u00f3 en erupci\u00f3n por segundo d\u00eda consecutivo el mi\u00e9rcoles, expulsando enormes columnas de ceniza caliente que luego cubrieron las aldeas. No se reportaron v\u00edctimas de inmediato. La Agencia de Geolog\u00eda de Indonesia inform\u00f3\u2026","rel":"","context":"En \u00abINTERNACIONALES\u00bb","block_context":{"text":"INTERNACIONALES","link":"https:\/\/lasprimeras.com.do\/index.php\/category\/sin-categoria\/internacionales\/"},"img":{"alt_text":"","src":"https:\/\/i0.wp.com\/lasprimeras.com.do\/wp-content\/uploads\/2025\/10\/El-volcan-Lewotobi-Laki-Laki.jpg?resize=350%2C200&ssl=1","width":350,"height":200,"srcset":"https:\/\/i0.wp.com\/lasprimeras.com.do\/wp-content\/uploads\/2025\/10\/El-volcan-Lewotobi-Laki-Laki.jpg?resize=350%2C200&ssl=1 1x, https:\/\/i0.wp.com\/lasprimeras.com.do\/wp-content\/uploads\/2025\/10\/El-volcan-Lewotobi-Laki-Laki.jpg?resize=525%2C300&ssl=1 1.5x, https:\/\/i0.wp.com\/lasprimeras.com.do\/wp-content\/uploads\/2025\/10\/El-volcan-Lewotobi-Laki-Laki.jpg?resize=700%2C400&ssl=1 2x"},"classes":[]},{"id":48919,"url":"https:\/\/lasprimeras.com.do\/index.php\/2023\/05\/05\/guatemala-en-alerta-por-erupcion-del-volcan-de-fuego\/","url_meta":{"origin":49084,"position":5},"title":"Guatemala en alerta por erupci\u00f3n del Volc\u00e1n de Fuego","author":"prenxa100","date":"5 de mayo de 2023","format":false,"excerpt":"Desde este jueves se registr\u00f3 la expulsi\u00f3n de ceniza y lava. El Gobierno declar\u00f3 alerta anaranjada institucional como medida preventiva. Guatemala, RT.-.El Volc\u00e1n de Fuego entr\u00f3 en erupci\u00f3n en Guatemala con la expulsi\u00f3n de ceniza y lava, por lo cual la Coordinadora Nacional para la Reducci\u00f3n de Desastres (Conred) despleg\u00f3\u2026","rel":"","context":"En \u00abSin categor\u00eda\u00bb","block_context":{"text":"Sin categor\u00eda","link":"https:\/\/lasprimeras.com.do\/index.php\/category\/sin-categoria\/"},"img":{"alt_text":"","src":"","width":0,"height":0},"classes":[]}],"jetpack_sharing_enabled":true,"_links":{"self":[{"href":"https:\/\/lasprimeras.com.do\/index.php\/wp-json\/wp\/v2\/posts\/49084","targetHints":{"allow":["GET"]}}],"collection":[{"href":"https:\/\/lasprimeras.com.do\/index.php\/wp-json\/wp\/v2\/posts"}],"about":[{"href":"https:\/\/lasprimeras.com.do\/index.php\/wp-json\/wp\/v2\/types\/post"}],"author":[{"embeddable":true,"href":"https:\/\/lasprimeras.com.do\/index.php\/wp-json\/wp\/v2\/users\/1"}],"replies":[{"embeddable":true,"href":"https:\/\/lasprimeras.com.do\/index.php\/wp-json\/wp\/v2\/comments?post=49084"}],"version-history":[{"count":0,"href":"https:\/\/lasprimeras.com.do\/index.php\/wp-json\/wp\/v2\/posts\/49084\/revisions"}],"wp:featuredmedia":[{"embeddable":true,"href":"https:\/\/lasprimeras.com.do\/index.php\/wp-json\/"}],"wp:attachment":[{"href":"https:\/\/lasprimeras.com.do\/index.php\/wp-json\/wp\/v2\/media?parent=49084"}],"wp:term":[{"taxonomy":"category","embeddable":true,"href":"https:\/\/lasprimeras.com.do\/index.php\/wp-json\/wp\/v2\/categories?post=49084"},{"taxonomy":"post_tag","embeddable":true,"href":"https:\/\/lasprimeras.com.do\/index.php\/wp-json\/wp\/v2\/tags?post=49084"}],"curies":[{"name":"wp","href":"https:\/\/api.w.org\/{rel}","templated":true}]}}