{"id":49087,"date":"2023-05-07T21:28:49","date_gmt":"2023-05-08T01:28:49","guid":{"rendered":"https:\/\/atento.com.do\/?p=49087"},"modified":"2023-05-07T21:28:49","modified_gmt":"2023-05-08T01:28:49","slug":"con-mas-del-80-de-los-votos-escrutados-la-extrema-derecha-redactara-la-nueva-constitucion-de-chile","status":"publish","type":"post","link":"https:\/\/lasprimeras.com.do\/index.php\/2023\/05\/07\/con-mas-del-80-de-los-votos-escrutados-la-extrema-derecha-redactara-la-nueva-constitucion-de-chile\/","title":{"rendered":"Con m\u00e1s del 80 % de los votos escrutados, la extrema derecha redactar\u00e1 la nueva Constituci\u00f3n de Chile"},"content":{"rendered":"\n<p>M\u00e1s de 15 millones de ciudadanos estaban llamados a las urnas de manera obligatoria para elegir a los 50 representantes que conformar\u00e1n el Consejo Constitucional 2023.<\/p>\n\n\n\n<p><strong>Chile, RT.-.<\/strong>M\u00e1s de 15 millones de personas estaban convocadas a votar de manera obligatoria. Aun as\u00ed, las comisar\u00edas recibieron m\u00e1s de 110.000 documentos de ciudadanos excus\u00e1ndose de no votar y as\u00ed evitar una multa de entre 31.000 y 189.000 pesos (de 39 a 238 d\u00f3lares).<\/p>\n","protected":false},"excerpt":{"rendered":"<p>M\u00e1s de 15 millones de ciudadanos estaban llamados a las urnas de manera obligatoria para elegir a los 50 representantes que conformar\u00e1n el Consejo Constitucional 2023. Chile, RT.-.M\u00e1s de 15&hellip;<\/p>\n","protected":false},"author":1,"featured_media":49088,"comment_status":"open","ping_status":"open","sticky":false,"template":"","format":"standard","meta":{"content-type":"","jetpack_post_was_ever_published":false,"_jetpack_newsletter_access":"","_jetpack_dont_email_post_to_subs":false,"_jetpack_newsletter_tier_id":0,"_jetpack_memberships_contains_paywalled_content":false,"_jetpack_memberships_contains_paid_content":false,"footnotes":""},"categories":[1],"tags":[763,764,765,766,767,768,769],"class_list":["post-49087","post","type-post","status-publish","format-standard","has-post-thumbnail","hentry","category-sin-categoria","tag-chile","tag-constitucion","tag-derecha","tag-escrutados","tag-extrema","tag-redactara","tag-votos"],"jetpack_featured_media_url":"","jetpack-related-posts":[{"id":117719,"url":"https:\/\/lasprimeras.com.do\/index.php\/2025\/12\/14\/jose-antonio-kast-es-presidente-electo-de-chile-promete-un-cambio-real\/","url_meta":{"origin":49087,"position":0},"title":"Jos\u00e9 Antonio Kast es presidente electo de Chile, promete \u201cun cambio real\u201d","author":"Nelson Feliz","date":"14 de diciembre de 2025","format":false,"excerpt":"Chile, AP - Con m\u00e1s de 99% de las mesas escrutadas, ultraderechista Jos\u00e9 Antonio Kast obten\u00eda 58,18% de apoyo frente al 41,82% de Jeannette Jara, la candidata oficialista, para suceder al izquierdista Gabriel Boric como presidente de Chile. \u201cChile necesita orden: orden en las calles, en el Estado, en las\u2026","rel":"","context":"En \u00abINTERNACIONALES\u00bb","block_context":{"text":"INTERNACIONALES","link":"https:\/\/lasprimeras.com.do\/index.php\/category\/sin-categoria\/internacionales\/"},"img":{"alt_text":"Jos\u00e9 Antonio Kast","src":"https:\/\/i0.wp.com\/lasprimeras.com.do\/wp-content\/uploads\/2025\/12\/Jose-Antonio-Kast-2.jpg?resize=350%2C200&ssl=1","width":350,"height":200,"srcset":"https:\/\/i0.wp.com\/lasprimeras.com.do\/wp-content\/uploads\/2025\/12\/Jose-Antonio-Kast-2.jpg?resize=350%2C200&ssl=1 1x, https:\/\/i0.wp.com\/lasprimeras.com.do\/wp-content\/uploads\/2025\/12\/Jose-Antonio-Kast-2.jpg?resize=525%2C300&ssl=1 1.5x, https:\/\/i0.wp.com\/lasprimeras.com.do\/wp-content\/uploads\/2025\/12\/Jose-Antonio-Kast-2.jpg?resize=700%2C400&ssl=1 2x"},"classes":[]},{"id":114649,"url":"https:\/\/lasprimeras.com.do\/index.php\/2025\/11\/16\/chile-celebra-elecciones-presidenciales-que-enfrentan-a-un-comunista-con-la-extrema-derecha\/","url_meta":{"origin":49087,"position":1},"title":"Chile celebra elecciones presidenciales que enfrentan a un comunista con la extrema derecha","author":"Nelson Feliz","date":"16 de noviembre de 2025","format":false,"excerpt":"Por ISABEL DEBRE y NAYARA BATSCHKE SANTIAGO, Chile (AP) \u2014 Los chilenos votaron el domingo por un nuevo presidente y parlamento en una contienda que se espera favorezca a la derecha dura, ya que los candidatos explotan los temores populares sobre el crimen organizado y la inmigraci\u00f3n. Se trata de\u2026","rel":"","context":"En \u00abINTERNACIONALES\u00bb","block_context":{"text":"INTERNACIONALES","link":"https:\/\/lasprimeras.com.do\/index.php\/category\/sin-categoria\/internacionales\/"},"img":{"alt_text":"","src":"https:\/\/i0.wp.com\/lasprimeras.com.do\/wp-content\/uploads\/2025\/11\/eleccioness.jpg?resize=350%2C200&ssl=1","width":350,"height":200,"srcset":"https:\/\/i0.wp.com\/lasprimeras.com.do\/wp-content\/uploads\/2025\/11\/eleccioness.jpg?resize=350%2C200&ssl=1 1x, https:\/\/i0.wp.com\/lasprimeras.com.do\/wp-content\/uploads\/2025\/11\/eleccioness.jpg?resize=525%2C300&ssl=1 1.5x, https:\/\/i0.wp.com\/lasprimeras.com.do\/wp-content\/uploads\/2025\/11\/eleccioness.jpg?resize=700%2C400&ssl=1 2x"},"classes":[]},{"id":58139,"url":"https:\/\/lasprimeras.com.do\/index.php\/2023\/08\/21\/luisa-gonzalez-y-daniel-noboa-toman-ventaja-en-la-carrera-presidencial-en-ecuador-con-10-escrutado\/","url_meta":{"origin":49087,"position":2},"title":"Luisa Gonz\u00e1lez y Daniel Noboa toman ventaja en la carrera presidencial en Ecuador, con 10 % escrutado","author":"Nelson Feliz","date":"21 de agosto de 2023","format":false,"excerpt":"De mantenerse estas tendencias habr\u00eda una segunda vuelta el 15 de octubre entre los dos candidatos m\u00e1s votados. La candidata del corre\u00edsmo, Luisa Gonz\u00e1lez, y el empresario Daniel Noboa tomaron este domingo ventaja en el inicio del escrutinio de las elecciones presidenciales extraordinarias de Ecuador, despu\u00e9s de procesado el 10\u2026","rel":"","context":"En \u00abSin categor\u00eda\u00bb","block_context":{"text":"Sin categor\u00eda","link":"https:\/\/lasprimeras.com.do\/index.php\/category\/sin-categoria\/"},"img":{"alt_text":"La candidata del corre\u00edsmo, Luisa Gonz\u00e1lez.","src":"https:\/\/i0.wp.com\/lasprimeras.com.do\/wp-content\/uploads\/2023\/08\/La-candidata-del-correismo-Luisa-Gonzalez.jpg?resize=350%2C200&ssl=1","width":350,"height":200,"srcset":"https:\/\/i0.wp.com\/lasprimeras.com.do\/wp-content\/uploads\/2023\/08\/La-candidata-del-correismo-Luisa-Gonzalez.jpg?resize=350%2C200&ssl=1 1x, https:\/\/i0.wp.com\/lasprimeras.com.do\/wp-content\/uploads\/2023\/08\/La-candidata-del-correismo-Luisa-Gonzalez.jpg?resize=525%2C300&ssl=1 1.5x, https:\/\/i0.wp.com\/lasprimeras.com.do\/wp-content\/uploads\/2023\/08\/La-candidata-del-correismo-Luisa-Gonzalez.jpg?resize=700%2C400&ssl=1 2x"},"classes":[]},{"id":114763,"url":"https:\/\/lasprimeras.com.do\/index.php\/2025\/11\/17\/comunista-jara-y-ultraderechista-kast-se-enfrentaran-en-una-segunda-vuelta-presidencial-en-chile\/","url_meta":{"origin":49087,"position":3},"title":"Comunista Jara y ultraderechista Kast se enfrentar\u00e1n en una segunda vuelta presidencial en Chile","author":"Nelson Feliz","date":"17 de noviembre de 2025","format":false,"excerpt":"POR NAYARA BATSCHKE SANTIAGO (AP) \u2014 La comunista Jeannette Jara y el ultraderechista Jos\u00e9 Antonio Kast se enfrentar\u00e1n en lo que promete ser una re\u00f1ida segunda vuelta electoral el pr\u00f3ximo 14 de diciembre, tras quedar en primer y segundo lugar del conteo de votos en las polarizadas elecciones generales celebradas\u2026","rel":"","context":"En \u00abINTERNACIONALES\u00bb","block_context":{"text":"INTERNACIONALES","link":"https:\/\/lasprimeras.com.do\/index.php\/category\/sin-categoria\/internacionales\/"},"img":{"alt_text":"","src":"https:\/\/i0.wp.com\/lasprimeras.com.do\/wp-content\/uploads\/2025\/11\/Jeannette-Jara.jpg?resize=350%2C200&ssl=1","width":350,"height":200,"srcset":"https:\/\/i0.wp.com\/lasprimeras.com.do\/wp-content\/uploads\/2025\/11\/Jeannette-Jara.jpg?resize=350%2C200&ssl=1 1x, https:\/\/i0.wp.com\/lasprimeras.com.do\/wp-content\/uploads\/2025\/11\/Jeannette-Jara.jpg?resize=525%2C300&ssl=1 1.5x, https:\/\/i0.wp.com\/lasprimeras.com.do\/wp-content\/uploads\/2025\/11\/Jeannette-Jara.jpg?resize=700%2C400&ssl=1 2x"},"classes":[]},{"id":86665,"url":"https:\/\/lasprimeras.com.do\/index.php\/2024\/07\/29\/venezuela-rompe-relaciones-diplomaticas-con-republica-dominicana-y-otros-seis-paises\/","url_meta":{"origin":49087,"position":4},"title":"Venezuela rompe relaciones diplom\u00e1ticas con Rep\u00fablica Dominicana y otros seis pa\u00edses","author":"Nelson Feliz","date":"29 de julio de 2024","format":false,"excerpt":"Solicit\u00f3 el retiro inmediata de sus representantes en territorio venezolano. Caracas, EFE.-.El Gobierno de Venezuela exigi\u00f3 este lunes a Argentina, Chile, Costa Rica, Per\u00fa, Panam\u00e1, Rep\u00fablica Dominicana y Uruguay \u201cel retiro, de manera inmediata, de sus representantes en territorio venezolano\u201d, en rechazo a sus \u201cinjerencistas acciones y declaraciones\u201d sobre las\u2026","rel":"","context":"En \u00abPORTADA\u00bb","block_context":{"text":"PORTADA","link":"https:\/\/lasprimeras.com.do\/index.php\/category\/portada\/"},"img":{"alt_text":"Nicol\u00e1s Maduro","src":"https:\/\/i0.wp.com\/lasprimeras.com.do\/wp-content\/uploads\/2024\/07\/Nicolas-Maduro-2.png?resize=350%2C200&ssl=1","width":350,"height":200,"srcset":"https:\/\/i0.wp.com\/lasprimeras.com.do\/wp-content\/uploads\/2024\/07\/Nicolas-Maduro-2.png?resize=350%2C200&ssl=1 1x, https:\/\/i0.wp.com\/lasprimeras.com.do\/wp-content\/uploads\/2024\/07\/Nicolas-Maduro-2.png?resize=525%2C300&ssl=1 1.5x, https:\/\/i0.wp.com\/lasprimeras.com.do\/wp-content\/uploads\/2024\/07\/Nicolas-Maduro-2.png?resize=700%2C400&ssl=1 2x"},"classes":[]},{"id":58150,"url":"https:\/\/lasprimeras.com.do\/index.php\/2023\/08\/21\/bernardo-arevalo-se-perfila-como-ganador-de-la-presidencia-de-guatemala\/","url_meta":{"origin":49087,"position":5},"title":"Bernardo Ar\u00e9valo se perfila como ganador de la Presidencia de Guatemala","author":"Nelson Feliz","date":"21 de agosto de 2023","format":false,"excerpt":"GUATEMALA.- El candidato izquierdista Bernardo Ar\u00e9valo, del Movimiento Semilla, se ha perfilado como ganador de las elecciones a la Presidencia de Guatemala, con el 59,7 por ciento de los votos, seg\u00fan el 84 por ciento de los votos escrutados. Ar\u00e9valo ha recibido m\u00e1s de 2 millones de votos, mientras que\u2026","rel":"","context":"En \u00abSin categor\u00eda\u00bb","block_context":{"text":"Sin categor\u00eda","link":"https:\/\/lasprimeras.com.do\/index.php\/category\/sin-categoria\/"},"img":{"alt_text":"","src":"","width":0,"height":0},"classes":[]}],"jetpack_sharing_enabled":true,"_links":{"self":[{"href":"https:\/\/lasprimeras.com.do\/index.php\/wp-json\/wp\/v2\/posts\/49087","targetHints":{"allow":["GET"]}}],"collection":[{"href":"https:\/\/lasprimeras.com.do\/index.php\/wp-json\/wp\/v2\/posts"}],"about":[{"href":"https:\/\/lasprimeras.com.do\/index.php\/wp-json\/wp\/v2\/types\/post"}],"author":[{"embeddable":true,"href":"https:\/\/lasprimeras.com.do\/index.php\/wp-json\/wp\/v2\/users\/1"}],"replies":[{"embeddable":true,"href":"https:\/\/lasprimeras.com.do\/index.php\/wp-json\/wp\/v2\/comments?post=49087"}],"version-history":[{"count":0,"href":"https:\/\/lasprimeras.com.do\/index.php\/wp-json\/wp\/v2\/posts\/49087\/revisions"}],"wp:featuredmedia":[{"embeddable":true,"href":"https:\/\/lasprimeras.com.do\/index.php\/wp-json\/"}],"wp:attachment":[{"href":"https:\/\/lasprimeras.com.do\/index.php\/wp-json\/wp\/v2\/media?parent=49087"}],"wp:term":[{"taxonomy":"category","embeddable":true,"href":"https:\/\/lasprimeras.com.do\/index.php\/wp-json\/wp\/v2\/categories?post=49087"},{"taxonomy":"post_tag","embeddable":true,"href":"https:\/\/lasprimeras.com.do\/index.php\/wp-json\/wp\/v2\/tags?post=49087"}],"curies":[{"name":"wp","href":"https:\/\/api.w.org\/{rel}","templated":true}]}}