{"id":49090,"date":"2023-05-07T21:37:01","date_gmt":"2023-05-08T01:37:01","guid":{"rendered":"https:\/\/atento.com.do\/?p=49090"},"modified":"2023-05-07T21:37:01","modified_gmt":"2023-05-08T01:37:01","slug":"robert-f-kennedy-jr-acusa-a-la-cia-de-estar-involucrada-en-el-asesinato-de-su-tio","status":"publish","type":"post","link":"https:\/\/lasprimeras.com.do\/index.php\/2023\/05\/07\/robert-f-kennedy-jr-acusa-a-la-cia-de-estar-involucrada-en-el-asesinato-de-su-tio\/","title":{"rendered":"Robert F. Kennedy Jr. acusa a la CIA de estar involucrada en el asesinato de su t\u00edo"},"content":{"rendered":"\n<p>&#8220;La evidencia de que la CIA estuvo involucrada en el asesinato y en el encubrimiento es abrumadora&#8221;, afirm\u00f3 el pol\u00edtico.<\/p>\n\n\n\n<p><strong>EE.UU., RT.-.<\/strong>El candidato a la nominaci\u00f3n dem\u00f3crata para las elecciones presidenciales de EE.UU. de 2024 Robert F. Kennedy Jr. declar\u00f3 este domingo que la CIA estuvo involucrada en el asesinato de su t\u00edo, el exmandatario estadounidense John F. Kennedy.<\/p>\n\n\n\n<p>&#8220;Es una evidencia abrumadora que la CIA estuvo involucrada en su asesinato. Creo que esto est\u00e1 m\u00e1s all\u00e1 de cualquier duda razonable en este momento&#8221;, declar\u00f3 durante una entrevista con la emisora 77 WABC.<\/p>\n\n\n\n<p>&#8220;En cuanto al asesinato de mi t\u00edo, la evidencia de que la CIA estuvo involucrada en el asesinato y en el encubrimiento es abrumadora&#8221;, dijo.<\/p>\n\n\n\n<p>Asesinato de John F. Kennedy<\/p>\n\n\n\n<p>Kennedy fue asesinado el 22 de noviembre de 1963 mientras recorr\u00eda las calles de la ciudad de Dallas, Texas, a bordo de su limosina presidencial descapotable, cuando el exmarine Lee Harvey Oswald abri\u00f3 fuego contra el mandatario desde un edificio cercano.<\/p>\n\n\n\n<p>En diciembre de 2022, los Archivos Nacionales de Estados Unidos desclasificaron miles de documentos relacionados con el magnicidio del presidente.<\/p>\n\n\n\n<p>Cientos de ellos contienen registros de los viajes de Lee Harvey Oswald a la Ciudad de M\u00e9xico semanas antes del magnicidio, as\u00ed como referencias a la colaboraci\u00f3n secreta entre &#8220;elementos del Gobierno mexicano&#8221; con la inteligencia estadounidense.<\/p>\n\n\n\n<p>Mientras tanto, un art\u00edculo publicado en el sitio web de la CIA califica de &#8220;mentira&#8221; la supuesta implicaci\u00f3n de la agencia en el asesinato del exmandatario estadounidense.<\/p>\n","protected":false},"excerpt":{"rendered":"<p>&#8220;La evidencia de que la CIA estuvo involucrada en el asesinato y en el encubrimiento es abrumadora&#8221;, afirm\u00f3 el pol\u00edtico. EE.UU., RT.-.El candidato a la nominaci\u00f3n dem\u00f3crata para las elecciones&hellip;<\/p>\n","protected":false},"author":1,"featured_media":49091,"comment_status":"open","ping_status":"open","sticky":false,"template":"","format":"standard","meta":{"content-type":"","jetpack_post_was_ever_published":false,"_jetpack_newsletter_access":"","_jetpack_dont_email_post_to_subs":false,"_jetpack_newsletter_tier_id":0,"_jetpack_memberships_contains_paywalled_content":false,"_jetpack_memberships_contains_paid_content":false,"footnotes":""},"categories":[1],"tags":[770,771,772,773,774,775],"class_list":["post-49090","post","type-post","status-publish","format-standard","has-post-thumbnail","hentry","category-sin-categoria","tag-acusa","tag-asesinato","tag-cia","tag-involucrada","tag-robert-f-kennedy-jr","tag-su-tio"],"jetpack_featured_media_url":"","jetpack-related-posts":[{"id":95736,"url":"https:\/\/lasprimeras.com.do\/index.php\/2025\/03\/18\/trump-promete-publicar-documentos-sobre-asesinato-de-jfk-sin-censura\/","url_meta":{"origin":49090,"position":0},"title":"Trump promete publicar documentos sobre asesinato de JFK sin censura","author":"Nelson Feliz","date":"18 de marzo de 2025","format":false,"excerpt":"POR JAMIE STENGLE DALLAS (AP) \u2014 El presidente Donald Trump afirma que los archivos relacionados con el asesinato en 1963 del presidente John F. Kennedy ser\u00e1n publicados el martes sin partes censuradas, cumpliendo as\u00ed una promesa que hizo durante su campa\u00f1a. Trump dijo a los reporteros el lunes que su\u2026","rel":"","context":"En \u00abINTERNACIONALES\u00bb","block_context":{"text":"INTERNACIONALES","link":"https:\/\/lasprimeras.com.do\/index.php\/category\/sin-categoria\/internacionales\/"},"img":{"alt_text":"John F. Kennedy","src":"https:\/\/i0.wp.com\/lasprimeras.com.do\/wp-content\/uploads\/2025\/03\/John-F.-Kennedy.jpg?resize=350%2C200&ssl=1","width":350,"height":200,"srcset":"https:\/\/i0.wp.com\/lasprimeras.com.do\/wp-content\/uploads\/2025\/03\/John-F.-Kennedy.jpg?resize=350%2C200&ssl=1 1x, https:\/\/i0.wp.com\/lasprimeras.com.do\/wp-content\/uploads\/2025\/03\/John-F.-Kennedy.jpg?resize=525%2C300&ssl=1 1.5x, https:\/\/i0.wp.com\/lasprimeras.com.do\/wp-content\/uploads\/2025\/03\/John-F.-Kennedy.jpg?resize=700%2C400&ssl=1 2x"},"classes":[]},{"id":57988,"url":"https:\/\/lasprimeras.com.do\/index.php\/2023\/08\/18\/correa-denuncia-complot-de-la-derecha-para-afectar-aspirante-de-la-revolucion-ciudadana\/","url_meta":{"origin":49090,"position":1},"title":"Correa denuncia complot de la derecha para afectar aspirante de la Revoluci\u00f3n Ciudadana","author":"Nelson Feliz","date":"18 de agosto de 2023","format":false,"excerpt":"QUITO.- El expresidente ecuatoriano Rafael Correa (2007-2017) afirm\u00f3 en una entrevista con una agencia de prensa internacional que el asesinato la semana pasada del candidato presidencial Fernando Villavicencio fue un complot de la derecha para afectar a la aspirante del movimiento de la Revoluci\u00f3n Ciudadana, Luisa Gonz\u00e1lez. Seg\u00fan el expresidente,\u2026","rel":"","context":"En \u00abSin categor\u00eda\u00bb","block_context":{"text":"Sin categor\u00eda","link":"https:\/\/lasprimeras.com.do\/index.php\/category\/sin-categoria\/"},"img":{"alt_text":"Rafael Correa","src":"https:\/\/i0.wp.com\/lasprimeras.com.do\/wp-content\/uploads\/2023\/08\/Rafael-Correa.jpg?resize=350%2C200&ssl=1","width":350,"height":200,"srcset":"https:\/\/i0.wp.com\/lasprimeras.com.do\/wp-content\/uploads\/2023\/08\/Rafael-Correa.jpg?resize=350%2C200&ssl=1 1x, https:\/\/i0.wp.com\/lasprimeras.com.do\/wp-content\/uploads\/2023\/08\/Rafael-Correa.jpg?resize=525%2C300&ssl=1 1.5x"},"classes":[]},{"id":108332,"url":"https:\/\/lasprimeras.com.do\/index.php\/2025\/09\/04\/kennedy-defiende-postura-sobre-vacunas-covid-19-en-caotica-audiencia-en-el-senado\/","url_meta":{"origin":49090,"position":2},"title":"Kennedy defiende postura sobre vacunas COVID-19 en ca\u00f3tica audiencia en el Senado","author":"Nelson Feliz","date":"4 de septiembre de 2025","format":false,"excerpt":"POR MATT BROWN and MIKE STOBBE WASHINGTON (AP) \u2014 El secretario de Salud de Estados Unidos, Robert F. Kennedy Jr., enfrentando un intenso cuestionamiento bipartidista en una acalorada audiencia de tres horas de un comit\u00e9 del Senado el jueves, intent\u00f3 defender sus esfuerzos por retirar las recomendaciones de la vacuna\u2026","rel":"","context":"En \u00abSALUD\u00bb","block_context":{"text":"SALUD","link":"https:\/\/lasprimeras.com.do\/index.php\/category\/salud\/"},"img":{"alt_text":"","src":"https:\/\/i0.wp.com\/lasprimeras.com.do\/wp-content\/uploads\/2025\/09\/Robert-F.-Kennedy-Jr.jpg?resize=350%2C200&ssl=1","width":350,"height":200,"srcset":"https:\/\/i0.wp.com\/lasprimeras.com.do\/wp-content\/uploads\/2025\/09\/Robert-F.-Kennedy-Jr.jpg?resize=350%2C200&ssl=1 1x, https:\/\/i0.wp.com\/lasprimeras.com.do\/wp-content\/uploads\/2025\/09\/Robert-F.-Kennedy-Jr.jpg?resize=525%2C300&ssl=1 1.5x, https:\/\/i0.wp.com\/lasprimeras.com.do\/wp-content\/uploads\/2025\/09\/Robert-F.-Kennedy-Jr.jpg?resize=700%2C400&ssl=1 2x"},"classes":[]},{"id":75413,"url":"https:\/\/lasprimeras.com.do\/index.php\/2024\/02\/01\/caso-de-jovenel-moise-cuantos-exmilitares-colombianos-estan-detendios-por-el-asesinato-presidencial-en-haiti\/","url_meta":{"origin":49090,"position":3},"title":"Caso de Jovenel Mo\u00efse: cu\u00e1ntos exmilitares colombianos est\u00e1n detendios por el asesinato presidencial en Hait\u00ed","author":"Nelson Feliz","date":"1 de febrero de 2024","format":false,"excerpt":"Las autoridades locales llevan a cabo la investigaci\u00f3n sobre el magnicidio, con el respaldo de Estados Unidos y Colombia, tras dos a\u00f1os y medio desde el tr\u00e1gico suceso. Por Katherine Lancheros El asesinato del presidente haitiano, Jovenel Mo\u00efse, ocurrido en julio de 2021, sigue generando titulares y captando la atenci\u00f3n\u2026","rel":"","context":"En \u00abSin categor\u00eda\u00bb","block_context":{"text":"Sin categor\u00eda","link":"https:\/\/lasprimeras.com.do\/index.php\/category\/sin-categoria\/"},"img":{"alt_text":"Jovenel Mo\u00efse","src":"https:\/\/i0.wp.com\/lasprimeras.com.do\/wp-content\/uploads\/2024\/02\/jovenel.jpg?resize=350%2C200&ssl=1","width":350,"height":200,"srcset":"https:\/\/i0.wp.com\/lasprimeras.com.do\/wp-content\/uploads\/2024\/02\/jovenel.jpg?resize=350%2C200&ssl=1 1x, https:\/\/i0.wp.com\/lasprimeras.com.do\/wp-content\/uploads\/2024\/02\/jovenel.jpg?resize=525%2C300&ssl=1 1.5x, https:\/\/i0.wp.com\/lasprimeras.com.do\/wp-content\/uploads\/2024\/02\/jovenel.jpg?resize=700%2C400&ssl=1 2x"},"classes":[]},{"id":48493,"url":"https:\/\/lasprimeras.com.do\/index.php\/2023\/05\/01\/jurado-de-florida-decidira-si-rapero-ynw-melly-es-culpable-de-doble-asesinato\/","url_meta":{"origin":49090,"position":4},"title":"Jurado de Florida decidir\u00e1 si rapero YNW Melly es culpable de doble asesinato","author":"prenxa100","date":"1 de mayo de 2023","format":false,"excerpt":"Miami, EFE.-. Un jurado popular de Florida decidir\u00e1 si el rapero YNM Melly es o no culpable del asesinato a tiros de dos amigos suyos en 2018, una acusaci\u00f3n por la que la Fiscal\u00eda pidi\u00f3 la pena de muerte para el m\u00fasico que precisamente salt\u00f3 a la fama ese a\u00f1o\u2026","rel":"","context":"En \u00abSin categor\u00eda\u00bb","block_context":{"text":"Sin categor\u00eda","link":"https:\/\/lasprimeras.com.do\/index.php\/category\/sin-categoria\/"},"img":{"alt_text":"","src":"","width":0,"height":0},"classes":[]},{"id":118694,"url":"https:\/\/lasprimeras.com.do\/index.php\/2026\/01\/02\/maduro-dispuesto-a-dialogar-con-eeuu-sobre-narcotrafico-pero-guarda-silencio-sobre-ataque-de-la-cia\/","url_meta":{"origin":49090,"position":5},"title":"Maduro dispuesto a dialogar con EEUU sobre narcotr\u00e1fico, pero guarda silencio sobre ataque de la CIA","author":"Nelson Feliz","date":"2 de enero de 2026","format":false,"excerpt":"POR REGINA GARC\u00cdA CANO CARACAS (AP) \u2014 Venezuela est\u00e1 abierta a negociar un acuerdo con Estados Unidos para combatir el narcotr\u00e1fico, declar\u00f3 el presidente Nicol\u00e1s Maduro en una entrevista grabada previamente y transmitida el jueves en la televisi\u00f3n estatal, pero se neg\u00f3 a comentar sobre un ataque encabezado por la\u2026","rel":"","context":"En \u00abINTERNACIONALES\u00bb","block_context":{"text":"INTERNACIONALES","link":"https:\/\/lasprimeras.com.do\/index.php\/category\/sin-categoria\/internacionales\/"},"img":{"alt_text":"El presidente Nicol\u00e1s Maduro participa en una manifestaci\u00f3n para conmemorar el aniversario de la Batalla de Santa In\u00e9s, ocurrida durante la Guerra Federal del siglo XIX, el mi\u00e9rcoles 10 de diciembre de 2025, en Caracas, Venezuela. (AP Foto\/Cristian Hern\u00e1ndez)","src":"https:\/\/i0.wp.com\/lasprimeras.com.do\/wp-content\/uploads\/2026\/01\/Nicolas-Maduro.jpg?resize=350%2C200&ssl=1","width":350,"height":200,"srcset":"https:\/\/i0.wp.com\/lasprimeras.com.do\/wp-content\/uploads\/2026\/01\/Nicolas-Maduro.jpg?resize=350%2C200&ssl=1 1x, https:\/\/i0.wp.com\/lasprimeras.com.do\/wp-content\/uploads\/2026\/01\/Nicolas-Maduro.jpg?resize=525%2C300&ssl=1 1.5x, https:\/\/i0.wp.com\/lasprimeras.com.do\/wp-content\/uploads\/2026\/01\/Nicolas-Maduro.jpg?resize=700%2C400&ssl=1 2x"},"classes":[]}],"jetpack_sharing_enabled":true,"_links":{"self":[{"href":"https:\/\/lasprimeras.com.do\/index.php\/wp-json\/wp\/v2\/posts\/49090","targetHints":{"allow":["GET"]}}],"collection":[{"href":"https:\/\/lasprimeras.com.do\/index.php\/wp-json\/wp\/v2\/posts"}],"about":[{"href":"https:\/\/lasprimeras.com.do\/index.php\/wp-json\/wp\/v2\/types\/post"}],"author":[{"embeddable":true,"href":"https:\/\/lasprimeras.com.do\/index.php\/wp-json\/wp\/v2\/users\/1"}],"replies":[{"embeddable":true,"href":"https:\/\/lasprimeras.com.do\/index.php\/wp-json\/wp\/v2\/comments?post=49090"}],"version-history":[{"count":0,"href":"https:\/\/lasprimeras.com.do\/index.php\/wp-json\/wp\/v2\/posts\/49090\/revisions"}],"wp:featuredmedia":[{"embeddable":true,"href":"https:\/\/lasprimeras.com.do\/index.php\/wp-json\/"}],"wp:attachment":[{"href":"https:\/\/lasprimeras.com.do\/index.php\/wp-json\/wp\/v2\/media?parent=49090"}],"wp:term":[{"taxonomy":"category","embeddable":true,"href":"https:\/\/lasprimeras.com.do\/index.php\/wp-json\/wp\/v2\/categories?post=49090"},{"taxonomy":"post_tag","embeddable":true,"href":"https:\/\/lasprimeras.com.do\/index.php\/wp-json\/wp\/v2\/tags?post=49090"}],"curies":[{"name":"wp","href":"https:\/\/api.w.org\/{rel}","templated":true}]}}