{"id":49093,"date":"2023-05-07T21:43:15","date_gmt":"2023-05-08T01:43:15","guid":{"rendered":"https:\/\/atento.com.do\/?p=49093"},"modified":"2023-05-07T21:43:15","modified_gmt":"2023-05-08T01:43:15","slug":"kissinger-pronostica-cuando-se-celebraran-las-negociaciones-para-la-paz-en-ucrania","status":"publish","type":"post","link":"https:\/\/lasprimeras.com.do\/index.php\/2023\/05\/07\/kissinger-pronostica-cuando-se-celebraran-las-negociaciones-para-la-paz-en-ucrania\/","title":{"rendered":"Kissinger pronostica cu\u00e1ndo se celebrar\u00e1n las negociaciones para la paz en Ucrania"},"content":{"rendered":"\n<p>El ex secretario de Estado de EE.UU. opina que la entrada de China en el proceso puede impulsar las negociaciones de paz.<\/p>\n\n\n\n<p><strong>WASHINGTON, RT.-. <\/strong>El ex secretario de Estado de EE.UU. Henry Kissinger afirm\u00f3 que las negociaciones para lograr la paz en Ucrania pueden tener lugar a finales de este a\u00f1o.<\/p>\n\n\n\n<p>&#8220;Ahora que China ha entrado en la negociaci\u00f3n, llegar\u00e1 a un punto cr\u00edtico, creo, para el fin de a\u00f1o&#8221;, afirm\u00f3 en el marco de una entrevista con la CBS News, emitida este domingo.<\/p>\n\n\n\n<p>&#8220;Vamos a hablar sobre procesos de negociaci\u00f3n e incluso negociaciones actuales&#8221;, agreg\u00f3.<\/p>\n\n\n\n<p>En diciembre del a\u00f1o pasado, Kissinger expres\u00f3 en un art\u00edculo titulado &#8216;C\u00f3mo evitar otra guerra mundial&#8217; que &#8220;el objetivo de un proceso de paz ser\u00eda doble: confirmar la libertad de Ucrania y definir una nueva estructura internacional&#8221;.<\/p>\n\n\n\n<p>Seg\u00fan el exsecretario, &#8220;Rusia debe encontrar un lugar en ese orden&#8221;.<\/p>\n\n\n\n<p>Asimismo, Kissinger se mostr\u00f3 en desacuerdo con la opini\u00f3n de que tras el conflicto en Ucrania, Rusia deba convertirse en un pa\u00eds &#8220;impotente&#8221;.<\/p>\n\n\n\n<p>&#8220;Rusia ha contribuido decisivamente al equilibrio mundial y al balance de poder durante m\u00e1s de medio milenio. Su papel hist\u00f3rico no debe degradarse&#8221;, argument\u00f3.<\/p>\n\n\n\n<p>Las declaraciones del ex secretario de Estado estadounidense fueron criticadas en Ucrania. De esta manera, el asesor del jefe de la Oficina presidencial ucraniana, Mija\u00edl Podoliak, declar\u00f3 que Kissinger &#8220;no ha entendido nada&#8221;: ni &#8220;la naturaleza&#8221; del conflicto, ni &#8220;su influencia en el orden mundial&#8221;.<\/p>\n\n\n\n<p>Cabe recordar que el Ministerio de Asuntos Exteriores chino public\u00f3 en febrero un documento respecto a su postura sobre la soluci\u00f3n pol\u00edtica de la crisis ucraniana.<\/p>\n\n\n\n<p>En el documento, Pek\u00edn expuso 12 puntos que las partes involucradas podr\u00edan seguir para retomar las negociaciones y poner fin a las hostilidades, entre ellos respetar la soberan\u00eda de todos los pa\u00edses, abandonar la mentalidad de la Guerra Fr\u00eda, cesar las hostilidades y reanudar las conversaciones de paz.<\/p>\n","protected":false},"excerpt":{"rendered":"<p>El ex secretario de Estado de EE.UU. opina que la entrada de China en el proceso puede impulsar las negociaciones de paz. WASHINGTON, RT.-. El ex secretario de Estado de&hellip;<\/p>\n","protected":false},"author":1,"featured_media":49094,"comment_status":"open","ping_status":"open","sticky":false,"template":"","format":"standard","meta":{"content-type":"","jetpack_post_was_ever_published":false,"_jetpack_newsletter_access":"","_jetpack_dont_email_post_to_subs":false,"_jetpack_newsletter_tier_id":0,"_jetpack_memberships_contains_paywalled_content":false,"_jetpack_memberships_contains_paid_content":false,"footnotes":""},"categories":[1],"tags":[776,777,778,779,780],"class_list":["post-49093","post","type-post","status-publish","format-standard","has-post-thumbnail","hentry","category-sin-categoria","tag-henry-kissinger","tag-negociaciones","tag-paz","tag-pronostica","tag-ucranianos"],"jetpack_featured_media_url":"","jetpack-related-posts":[{"id":69294,"url":"https:\/\/lasprimeras.com.do\/index.php\/2023\/12\/01\/rusia-y-china-muestran-su-pesar-por-la-muerte-de-henry-kissinger\/","url_meta":{"origin":49093,"position":0},"title":"Rusia y China muestran su pesar por la muerte de Henry Kissinger","author":"BIMARY DE JES\u00daS Matos","date":"1 de diciembre de 2023","format":false,"excerpt":"Rusia.-Rusia y China reaccionaron este jueves con pesar al enterarse del fallecimiento el mi\u00e9rcoles del ex secretario de Estado de Estados Unidos Henry Kissinger, a los cien a\u00f1os de edad, El presidente de Rusia, Vladimir Putin, ha descrito al fallecido como \u00abun diplom\u00e1tico excepcional\u00bb y \u00abun estadista sabio y visionario\u00bb,\u2026","rel":"","context":"En \u00abSin categor\u00eda\u00bb","block_context":{"text":"Sin categor\u00eda","link":"https:\/\/lasprimeras.com.do\/index.php\/category\/sin-categoria\/"},"img":{"alt_text":"","src":"https:\/\/i0.wp.com\/lasprimeras.com.do\/wp-content\/uploads\/2023\/12\/Noticias-de-energia-51-3.jpg?resize=350%2C200&ssl=1","width":350,"height":200,"srcset":"https:\/\/i0.wp.com\/lasprimeras.com.do\/wp-content\/uploads\/2023\/12\/Noticias-de-energia-51-3.jpg?resize=350%2C200&ssl=1 1x, https:\/\/i0.wp.com\/lasprimeras.com.do\/wp-content\/uploads\/2023\/12\/Noticias-de-energia-51-3.jpg?resize=525%2C300&ssl=1 1.5x"},"classes":[]},{"id":69091,"url":"https:\/\/lasprimeras.com.do\/index.php\/2023\/11\/29\/muere-exsecretario-estado-eeuu-henry-kissinger-a-los-100-anos\/","url_meta":{"origin":49093,"position":1},"title":"Muere exsecretario Estado EEUU Henry Kissinger a los 100 a\u00f1os","author":"Nelson Feliz","date":"29 de noviembre de 2023","format":false,"excerpt":"Nueva York, EFE.-.El exsecretario de Estado Henry Kissinger, el diplom\u00e1tico de anteojos gruesos y voz grave que domin\u00f3 la pol\u00edtica exterior cuando Estados Unidos se liber\u00f3 de Vietnam y rompi\u00f3 barreras con China, muri\u00f3 el mi\u00e9rcoles, dijo su firma consultora. Ten\u00eda 100 a\u00f1os. Con su presencia brusca pero imponente y\u2026","rel":"","context":"En \u00abSin categor\u00eda\u00bb","block_context":{"text":"Sin categor\u00eda","link":"https:\/\/lasprimeras.com.do\/index.php\/category\/sin-categoria\/"},"img":{"alt_text":"Henry Kissinger","src":"https:\/\/i0.wp.com\/lasprimeras.com.do\/wp-content\/uploads\/2023\/11\/Henry-Kissinger.jpg?resize=350%2C200&ssl=1","width":350,"height":200,"srcset":"https:\/\/i0.wp.com\/lasprimeras.com.do\/wp-content\/uploads\/2023\/11\/Henry-Kissinger.jpg?resize=350%2C200&ssl=1 1x, https:\/\/i0.wp.com\/lasprimeras.com.do\/wp-content\/uploads\/2023\/11\/Henry-Kissinger.jpg?resize=525%2C300&ssl=1 1.5x, https:\/\/i0.wp.com\/lasprimeras.com.do\/wp-content\/uploads\/2023\/11\/Henry-Kissinger.jpg?resize=700%2C400&ssl=1 2x, https:\/\/i0.wp.com\/lasprimeras.com.do\/wp-content\/uploads\/2023\/11\/Henry-Kissinger.jpg?resize=1050%2C600&ssl=1 3x"},"classes":[]},{"id":69207,"url":"https:\/\/lasprimeras.com.do\/index.php\/2023\/11\/30\/putin-muestra-su-pesar-por-la-muerte-de-kissinger\/","url_meta":{"origin":49093,"position":2},"title":"Putin muestra su pesar por la muerte de Kissinger","author":"BIMARY DE JES\u00daS Matos","date":"30 de noviembre de 2023","format":false,"excerpt":"MOSCU.- El presidente de Rusia, Vladimir Putin, ha descrito al fallecido ex secretario de Estado de Estados Unidos Henry Kissinger, quien muri\u00f3 el mi\u00e9rcoles a los cien a\u00f1os de edad, como \u00abun diplom\u00e1tico excepcional\u00bb y \u00abun estadista sabio y visionario\u00bb, antes de destacar que \u00abdisfrut\u00f3 durante d\u00e9cadas de una merecida\u2026","rel":"","context":"En \u00abSin categor\u00eda\u00bb","block_context":{"text":"Sin categor\u00eda","link":"https:\/\/lasprimeras.com.do\/index.php\/category\/sin-categoria\/"},"img":{"alt_text":"","src":"https:\/\/i0.wp.com\/lasprimeras.com.do\/wp-content\/uploads\/2023\/11\/Noticias-9-1.jpg?resize=350%2C200&ssl=1","width":350,"height":200,"srcset":"https:\/\/i0.wp.com\/lasprimeras.com.do\/wp-content\/uploads\/2023\/11\/Noticias-9-1.jpg?resize=350%2C200&ssl=1 1x, https:\/\/i0.wp.com\/lasprimeras.com.do\/wp-content\/uploads\/2023\/11\/Noticias-9-1.jpg?resize=525%2C300&ssl=1 1.5x"},"classes":[]},{"id":83388,"url":"https:\/\/lasprimeras.com.do\/index.php\/2024\/05\/15\/putin-de-rusia-llega-a-china-para-una-visita-de-estado-en-una-muestra-de-unidad-entre-los-aliados-autoritarios\/","url_meta":{"origin":49093,"position":3},"title":"Putin de Rusia llega a China para una visita de Estado en una muestra de unidad entre los aliados autoritarios","author":"Nelson Feliz","date":"15 de mayo de 2024","format":false,"excerpt":"POR EMILY WANG FUJIYAMA Y CHRIS BODEEN BEIJING (AP) \u2014 El presidente de Rusia, Vladimir Putin, aterriz\u00f3 el jueves en Beijing para realizar una visita de Estado de dos d\u00edas a China, en una muestra de unidad entre los aliados autoritarios mientras Mosc\u00fa avanza con una nueva ofensiva en Ucrania.\u2026","rel":"","context":"En \u00abSin categor\u00eda\u00bb","block_context":{"text":"Sin categor\u00eda","link":"https:\/\/lasprimeras.com.do\/index.php\/category\/sin-categoria\/"},"img":{"alt_text":"","src":"https:\/\/i0.wp.com\/lasprimeras.com.do\/wp-content\/uploads\/2024\/05\/presidentes.jpg?resize=350%2C200&ssl=1","width":350,"height":200,"srcset":"https:\/\/i0.wp.com\/lasprimeras.com.do\/wp-content\/uploads\/2024\/05\/presidentes.jpg?resize=350%2C200&ssl=1 1x, https:\/\/i0.wp.com\/lasprimeras.com.do\/wp-content\/uploads\/2024\/05\/presidentes.jpg?resize=525%2C300&ssl=1 1.5x"},"classes":[]},{"id":50521,"url":"https:\/\/lasprimeras.com.do\/index.php\/2023\/05\/21\/lula-si-el-consejo-de-seguridad-tuviera-la-fuerza-para-negociar-no-habriamos-tenido-esta-guerra\/","url_meta":{"origin":49093,"position":4},"title":"Lula: &#8220;Si el Consejo de Seguridad tuviera la fuerza para negociar, no habr\u00edamos tenido esta guerra&#8221;","author":"prenxa100","date":"21 de mayo de 2023","format":false,"excerpt":"El mandatario brasile\u00f1o ha asegurado que es necesaria \"una instituci\u00f3n seria, con peso y fuerza para tomar decisiones\", en referencia al Consejo de Seguridad de la ONU. BRASIL, RT.-. El presidente de Brasil, Luiz In\u00e1cio Lula da Silva, en rueda de prensa este lunes (hora local), critic\u00f3 al Consejo de\u2026","rel":"","context":"En \u00abSin categor\u00eda\u00bb","block_context":{"text":"Sin categor\u00eda","link":"https:\/\/lasprimeras.com.do\/index.php\/category\/sin-categoria\/"},"img":{"alt_text":"","src":"","width":0,"height":0},"classes":[]},{"id":116676,"url":"https:\/\/lasprimeras.com.do\/index.php\/2025\/12\/03\/zelenskiy-afirma-que-el-negociador-ucraniano-umerov-mantendra-conversaciones-en-bruselas\/","url_meta":{"origin":49093,"position":5},"title":"Zelenskiy afirma que el negociador ucraniano Umerov mantendr\u00e1 conversaciones en Bruselas","author":"Nelson Feliz","date":"3 de diciembre de 2025","format":false,"excerpt":"KIEV, 3 dic (Reuters) - El negociador ucraniano Rustem Umerov mantendr\u00e1 conversaciones el mi\u00e9rcoles en Bruselas con los asesores de seguridad nacional de los l\u00edderes europeos y luego visitar\u00e1 Estados Unidos, dijo el presidente ucraniano, Volodymyr Zelenskiy. Habl\u00f3 despu\u00e9s de que el enviado especial del presidente estadounidense Donald Trump, Steve\u2026","rel":"","context":"En \u00abINTERNACIONALES\u00bb","block_context":{"text":"INTERNACIONALES","link":"https:\/\/lasprimeras.com.do\/index.php\/category\/sin-categoria\/internacionales\/"},"img":{"alt_text":"Rustem Umerov","src":"https:\/\/i0.wp.com\/lasprimeras.com.do\/wp-content\/uploads\/2025\/12\/Rustem-Umerov.jpg?resize=350%2C200&ssl=1","width":350,"height":200,"srcset":"https:\/\/i0.wp.com\/lasprimeras.com.do\/wp-content\/uploads\/2025\/12\/Rustem-Umerov.jpg?resize=350%2C200&ssl=1 1x, https:\/\/i0.wp.com\/lasprimeras.com.do\/wp-content\/uploads\/2025\/12\/Rustem-Umerov.jpg?resize=525%2C300&ssl=1 1.5x, https:\/\/i0.wp.com\/lasprimeras.com.do\/wp-content\/uploads\/2025\/12\/Rustem-Umerov.jpg?resize=700%2C400&ssl=1 2x"},"classes":[]}],"jetpack_sharing_enabled":true,"_links":{"self":[{"href":"https:\/\/lasprimeras.com.do\/index.php\/wp-json\/wp\/v2\/posts\/49093","targetHints":{"allow":["GET"]}}],"collection":[{"href":"https:\/\/lasprimeras.com.do\/index.php\/wp-json\/wp\/v2\/posts"}],"about":[{"href":"https:\/\/lasprimeras.com.do\/index.php\/wp-json\/wp\/v2\/types\/post"}],"author":[{"embeddable":true,"href":"https:\/\/lasprimeras.com.do\/index.php\/wp-json\/wp\/v2\/users\/1"}],"replies":[{"embeddable":true,"href":"https:\/\/lasprimeras.com.do\/index.php\/wp-json\/wp\/v2\/comments?post=49093"}],"version-history":[{"count":0,"href":"https:\/\/lasprimeras.com.do\/index.php\/wp-json\/wp\/v2\/posts\/49093\/revisions"}],"wp:featuredmedia":[{"embeddable":true,"href":"https:\/\/lasprimeras.com.do\/index.php\/wp-json\/"}],"wp:attachment":[{"href":"https:\/\/lasprimeras.com.do\/index.php\/wp-json\/wp\/v2\/media?parent=49093"}],"wp:term":[{"taxonomy":"category","embeddable":true,"href":"https:\/\/lasprimeras.com.do\/index.php\/wp-json\/wp\/v2\/categories?post=49093"},{"taxonomy":"post_tag","embeddable":true,"href":"https:\/\/lasprimeras.com.do\/index.php\/wp-json\/wp\/v2\/tags?post=49093"}],"curies":[{"name":"wp","href":"https:\/\/api.w.org\/{rel}","templated":true}]}}