{"id":49099,"date":"2023-05-07T21:59:01","date_gmt":"2023-05-08T01:59:01","guid":{"rendered":"https:\/\/atento.com.do\/?p=49099"},"modified":"2023-05-07T21:59:01","modified_gmt":"2023-05-08T01:59:01","slug":"un-legislador-de-ee-uu-es-acusado-de-beber-y-tener-sexo-con-una-becaria-de-19-anos","status":"publish","type":"post","link":"https:\/\/lasprimeras.com.do\/index.php\/2023\/05\/07\/un-legislador-de-ee-uu-es-acusado-de-beber-y-tener-sexo-con-una-becaria-de-19-anos\/","title":{"rendered":"Un legislador de EE.UU. es acusado de beber y tener sexo con una becaria de 19 a\u00f1os"},"content":{"rendered":"\n<p>El republicano Bryan Slaton, de 45 a\u00f1os, se enfrenta a un voto de expulsi\u00f3n por parte de otros miembros de la C\u00e1mara de Representantes de Texas.<\/p>\n\n\n\n<p><strong>Texas (EE.UU.), RT.-.<\/strong>Un Comit\u00e9 de la C\u00e1mara de Representantes del estado de Texas (EE.UU.) recomend\u00f3 este s\u00e1bado la expulsi\u00f3n del republicano Bryan Slaton por presunta &#8220;conducta sexual inapropiada&#8221; con una becaria de 19 a\u00f1os, informa el diario local The Dallas Morning News.<\/p>\n\n\n\n<p>Bryan Slaton, de 45 a\u00f1os, habr\u00eda invitado a la joven y a unos amigos de ella a su apartamento en la noche del 31 de marzo pasado, donde, supuestamente, le ofreci\u00f3 alcohol.<\/p>\n\n\n\n<p>La becaria testific\u00f3 que hab\u00eda bebido mucho y que se sent\u00eda mareada. Sus amigos decidieron marcharse y la instaron a hacer lo mismo, pero decidi\u00f3 quedarse.<\/p>\n\n\n\n<p>Los informes se\u00f1alan que la asistente revel\u00f3 a sus amigos que hab\u00eda sostenido relaciones sexuales con Slaton y que el pol\u00edtico le hab\u00eda mostrado unos correos electr\u00f3nicos que, seg\u00fan \u00e9l, le reenviaron y en los que alguien asegura haberse enterado de lo sucedido esa noche.<\/p>\n\n\n\n<p>Los amigos de la chica involucrada consideran que Slaton &#8220;ide\u00f3 los mensajes&#8221; para instar a su subordinada a mantener en secreto el incidente.<\/p>\n\n\n\n<p>Las noticias sobre la conducta del representante aparecieron a principios de abril y el Comit\u00e9 General de Investigaci\u00f3n abri\u00f3 un expediente.<\/p>\n\n\n\n<p>Si bien se inici\u00f3 un proceso con rapidez, este enfrent\u00f3 problemas, ya que Slaton actu\u00f3 de manera sistem\u00e1tica para influir en la joven y en m\u00faltiples testigos, y obstruir la investigaci\u00f3n.<\/p>\n\n\n\n<p>Finalmente, el reporte del Comit\u00e9 encontr\u00f3 motivos para creer que el republicano hab\u00eda incurrido en tres delitos. Se le acusa de proporcionar alcohol a un menor \u2014la edad legal para el consumo en Texas es de 21 a\u00f1os\u2014, abusar de su cargo y someter &#8220;intencionalmente&#8221; a otro servidor p\u00fablico a &#8220;acoso sexual&#8221;.<\/p>\n\n\n\n<p>Se enfrenta a una pena m\u00e1xima de un a\u00f1o de c\u00e1rcel y una multa de 4.000 d\u00f3lares, recoge el peri\u00f3dico The Texas Tribune.<\/p>\n\n\n\n<p>En este contexto, para que la expulsi\u00f3n de Slaton se materialice, la C\u00e1mara de Texas votar\u00e1 la pr\u00f3xima semana. Seg\u00fan el canal NBC, este estamento no ha expulsado a un miembro desde 1927.<\/p>\n\n\n\n<p>Al respecto, el acusado no ha hecho comentarios, pero su abogado calific\u00f3 el mes pasado las denuncias de &#8220;indignantes&#8221; y &#8220;falsas&#8221;.<\/p>\n","protected":false},"excerpt":{"rendered":"<p>El republicano Bryan Slaton, de 45 a\u00f1os, se enfrenta a un voto de expulsi\u00f3n por parte de otros miembros de la C\u00e1mara de Representantes de Texas. Texas (EE.UU.), RT.-.Un Comit\u00e9&hellip;<\/p>\n","protected":false},"author":1,"featured_media":49100,"comment_status":"open","ping_status":"open","sticky":false,"template":"","format":"standard","meta":{"content-type":"","jetpack_post_was_ever_published":false,"_jetpack_newsletter_access":"","_jetpack_dont_email_post_to_subs":false,"_jetpack_newsletter_tier_id":0,"_jetpack_memberships_contains_paywalled_content":false,"_jetpack_memberships_contains_paid_content":false,"footnotes":""},"categories":[1],"tags":[286,785,786,206,787,788],"class_list":["post-49099","post","type-post","status-publish","format-standard","has-post-thumbnail","hentry","category-sin-categoria","tag-acusado","tag-becaria","tag-bryan-slaton","tag-ee-uu","tag-legislador","tag-tener-sexo"],"jetpack_featured_media_url":"","jetpack-related-posts":[{"id":64378,"url":"https:\/\/lasprimeras.com.do\/index.php\/2023\/10\/19\/garcia-fermin-despide-9-becarios-que-estudiaran-en-universidades-de-marruecos\/","url_meta":{"origin":49099,"position":0},"title":"Garc\u00eda Ferm\u00edn despide 9 becarios que estudiar\u00e1n en universidades de Marruecos","author":"Nelson Feliz","date":"19 de octubre de 2023","format":false,"excerpt":"Por Martin Restituyo El ministro de Educaci\u00f3n Superior, doctor Franklin Garc\u00eda Ferm\u00edn, despidi\u00f3 a 9 j\u00f3venes meritorios seleccionados durante la convocatoria de Becas Internacionales del Reino de Marruecos 2023, para estudiar\u00a0 programas de grado en universidades marroqu\u00edes, en coordinaci\u00f3n con la Embajada Dominicana en la naci\u00f3n \u00e1rabe. Durante un emotivo\u2026","rel":"","context":"En \u00abNACIONALES\u00bb","block_context":{"text":"NACIONALES","link":"https:\/\/lasprimeras.com.do\/index.php\/category\/nacionales\/"},"img":{"alt_text":"Franklin Garc\u00eda Ferm\u00edn","src":"https:\/\/i0.wp.com\/lasprimeras.com.do\/wp-content\/uploads\/2023\/10\/fermin-1.jpg?resize=350%2C200&ssl=1","width":350,"height":200,"srcset":"https:\/\/i0.wp.com\/lasprimeras.com.do\/wp-content\/uploads\/2023\/10\/fermin-1.jpg?resize=350%2C200&ssl=1 1x, https:\/\/i0.wp.com\/lasprimeras.com.do\/wp-content\/uploads\/2023\/10\/fermin-1.jpg?resize=525%2C300&ssl=1 1.5x, https:\/\/i0.wp.com\/lasprimeras.com.do\/wp-content\/uploads\/2023\/10\/fermin-1.jpg?resize=700%2C400&ssl=1 2x"},"classes":[]},{"id":77279,"url":"https:\/\/lasprimeras.com.do\/index.php\/2024\/02\/19\/embajada-de-ee-uu-felicita-al-micm-por-sus-esfuerzos-para-implementar-y-fortalecer-ley-sobre-comercio-ilicito\/","url_meta":{"origin":49099,"position":1},"title":"Embajada de EE.UU. felicita al MICM por sus esfuerzos para implementar y fortalecer Ley sobre Comercio Il\u00edcito","author":"Nelson Feliz","date":"19 de febrero de 2024","format":false,"excerpt":"La embajada de los Estados Unidos resalt\u00f3 el arduo trabajo que se realiza desde el Ministerio de Industria, Comercio y Mipymes (MICM); a trav\u00e9s del Cuerpo Especializado de Control de Combustibles y Mercanc\u00edas (CECCOM); y la mesa de il\u00edcitos, para combatir el comercio de mercanc\u00edas il\u00edcitas y proteger los derechos\u2026","rel":"","context":"En \u00abNACIONALES\u00bb","block_context":{"text":"NACIONALES","link":"https:\/\/lasprimeras.com.do\/index.php\/category\/nacionales\/"},"img":{"alt_text":"Ted Bryan","src":"https:\/\/i0.wp.com\/lasprimeras.com.do\/wp-content\/uploads\/2024\/02\/Ted-Bryan.jpg?resize=350%2C200&ssl=1","width":350,"height":200,"srcset":"https:\/\/i0.wp.com\/lasprimeras.com.do\/wp-content\/uploads\/2024\/02\/Ted-Bryan.jpg?resize=350%2C200&ssl=1 1x, https:\/\/i0.wp.com\/lasprimeras.com.do\/wp-content\/uploads\/2024\/02\/Ted-Bryan.jpg?resize=525%2C300&ssl=1 1.5x"},"classes":[]},{"id":60882,"url":"https:\/\/lasprimeras.com.do\/index.php\/2023\/09\/19\/matan-hombre-preso-por-asesinar-22-ancianas-en-texas\/","url_meta":{"origin":49099,"position":2},"title":"Matan hombre preso por asesinar 22 ancianas en Texas","author":"Nelson Feliz","date":"19 de septiembre de 2023","format":false,"excerpt":"Texas, EE.UU.- Un hombre acusado de matar a 22 mujeres mayores fue asesinado este martes por su compa\u00f1ero de celda en una prisi\u00f3n de Texas, EE.UU. Billy Chemirmir, de 50 a\u00f1os, fue encontrado muerto en su calabozo en la c\u00e1rcel Coffield Unit. Seg\u00fan inform\u00f3 la portavoz del Departamento de Justicia\u2026","rel":"","context":"En \u00abSin categor\u00eda\u00bb","block_context":{"text":"Sin categor\u00eda","link":"https:\/\/lasprimeras.com.do\/index.php\/category\/sin-categoria\/"},"img":{"alt_text":"muerto","src":"https:\/\/i0.wp.com\/lasprimeras.com.do\/wp-content\/uploads\/2023\/09\/muerto.jpg?resize=350%2C200&ssl=1","width":350,"height":200,"srcset":"https:\/\/i0.wp.com\/lasprimeras.com.do\/wp-content\/uploads\/2023\/09\/muerto.jpg?resize=350%2C200&ssl=1 1x, https:\/\/i0.wp.com\/lasprimeras.com.do\/wp-content\/uploads\/2023\/09\/muerto.jpg?resize=525%2C300&ssl=1 1.5x"},"classes":[]},{"id":53308,"url":"https:\/\/lasprimeras.com.do\/index.php\/2023\/06\/25\/garcia-fermin-asegura-seguridad-de-becarios-dominicanos-en-rusia-esta-garantizada\/","url_meta":{"origin":49099,"position":3},"title":"Garc\u00eda Ferm\u00edn asegura seguridad de becarios dominicanos en Rusia est\u00e1 garantizada","author":"Nelson Feliz","date":"25 de junio de 2023","format":false,"excerpt":"El ministro de Educaci\u00f3n Superior, Ciencia y Tecnolog\u00eda indica que mantiene comunicaci\u00f3n permanente con el embajador dominicano ante la Federaci\u00f3n Rusa, Hans Dannenberg. Por Martin Restituyo El ministro de Educaci\u00f3n Superior, Ciencia y Tecnolog\u00eda, doctor Franklin Garc\u00eda Ferm\u00edn, inform\u00f3 que est\u00e1 garantizada la seguridad de estudiantes dominicanos que cursan carreras\u2026","rel":"","context":"En \u00abNACIONALES\u00bb","block_context":{"text":"NACIONALES","link":"https:\/\/lasprimeras.com.do\/index.php\/category\/nacionales\/"},"img":{"alt_text":"Franklin Garc\u00eda Ferm\u00edn","src":"https:\/\/i0.wp.com\/lasprimeras.com.do\/wp-content\/uploads\/2023\/06\/Franklin-Garcia-Fermin.jpg?resize=350%2C200&ssl=1","width":350,"height":200,"srcset":"https:\/\/i0.wp.com\/lasprimeras.com.do\/wp-content\/uploads\/2023\/06\/Franklin-Garcia-Fermin.jpg?resize=350%2C200&ssl=1 1x, https:\/\/i0.wp.com\/lasprimeras.com.do\/wp-content\/uploads\/2023\/06\/Franklin-Garcia-Fermin.jpg?resize=525%2C300&ssl=1 1.5x, https:\/\/i0.wp.com\/lasprimeras.com.do\/wp-content\/uploads\/2023\/06\/Franklin-Garcia-Fermin.jpg?resize=700%2C400&ssl=1 2x"},"classes":[]},{"id":62000,"url":"https:\/\/lasprimeras.com.do\/index.php\/2023\/10\/02\/camara-baja-del-congreso-de-ee-uu-aprobo-medida-provisional-para-financiar-al-gobierno-por-45-dias-y-evitar-el-cierre-inminente\/","url_meta":{"origin":49099,"position":4},"title":"C\u00e1mara Baja del Congreso de EE.UU. aprob\u00f3 medida provisional para financiar al Gobierno por 45 d\u00edas y evitar el cierre inminente","author":"Nelson Feliz","date":"2 de octubre de 2023","format":false,"excerpt":"La medida para financiar al Gobierno de EE.UU. recibi\u00f3 334 votos a favor: 209 de congresistas dem\u00f3cratas y 125 de republicanos, que tienen la mayor\u00eda en la C\u00e1mara de Representantes. Por Luis de Jes\u00fas La C\u00e1mara Baja del Congreso de Estados Unidos aprob\u00f3 este s\u00e1bado 30 una medida provisional para\u2026","rel":"","context":"En \u00abSin categor\u00eda\u00bb","block_context":{"text":"Sin categor\u00eda","link":"https:\/\/lasprimeras.com.do\/index.php\/category\/sin-categoria\/"},"img":{"alt_text":"Congreso de EE.UU.","src":"https:\/\/i0.wp.com\/lasprimeras.com.do\/wp-content\/uploads\/2023\/10\/Congreso-de-EE.UU_.jpg?resize=350%2C200&ssl=1","width":350,"height":200,"srcset":"https:\/\/i0.wp.com\/lasprimeras.com.do\/wp-content\/uploads\/2023\/10\/Congreso-de-EE.UU_.jpg?resize=350%2C200&ssl=1 1x, https:\/\/i0.wp.com\/lasprimeras.com.do\/wp-content\/uploads\/2023\/10\/Congreso-de-EE.UU_.jpg?resize=525%2C300&ssl=1 1.5x, https:\/\/i0.wp.com\/lasprimeras.com.do\/wp-content\/uploads\/2023\/10\/Congreso-de-EE.UU_.jpg?resize=700%2C400&ssl=1 2x"},"classes":[]},{"id":99059,"url":"https:\/\/lasprimeras.com.do\/index.php\/2025\/05\/16\/supremo-de-ee-uu-bloqueo-deportacion-de-migrantes-bajo-la-ley-de-enemigos-extranjeros\/","url_meta":{"origin":49099,"position":5},"title":"Supremo de EE.UU. bloque\u00f3 deportaci\u00f3n de migrantes bajo la Ley de Enemigos Extranjeros","author":"Nelson Feliz","date":"16 de mayo de 2025","format":false,"excerpt":"La Corte instruy\u00f3 evaluar si las deportaciones bajo la Ley de Enemigos Extranjeros violan el debido proceso de los migrantes. Por Luis De Jes\u00fas La Corte Suprema de Estados Unidos bloque\u00f3 temporalmente las deportaciones de varios migrantes venezolanos que enfrentaban la expulsi\u00f3n inmediata bajo la Ley de Enemigos Extranjeros, luego\u2026","rel":"","context":"En \u00abINTERNACIONALES\u00bb","block_context":{"text":"INTERNACIONALES","link":"https:\/\/lasprimeras.com.do\/index.php\/category\/sin-categoria\/internacionales\/"},"img":{"alt_text":"","src":"https:\/\/i0.wp.com\/lasprimeras.com.do\/wp-content\/uploads\/2025\/05\/estados.jpg?resize=350%2C200&ssl=1","width":350,"height":200,"srcset":"https:\/\/i0.wp.com\/lasprimeras.com.do\/wp-content\/uploads\/2025\/05\/estados.jpg?resize=350%2C200&ssl=1 1x, https:\/\/i0.wp.com\/lasprimeras.com.do\/wp-content\/uploads\/2025\/05\/estados.jpg?resize=525%2C300&ssl=1 1.5x, https:\/\/i0.wp.com\/lasprimeras.com.do\/wp-content\/uploads\/2025\/05\/estados.jpg?resize=700%2C400&ssl=1 2x"},"classes":[]}],"jetpack_sharing_enabled":true,"_links":{"self":[{"href":"https:\/\/lasprimeras.com.do\/index.php\/wp-json\/wp\/v2\/posts\/49099","targetHints":{"allow":["GET"]}}],"collection":[{"href":"https:\/\/lasprimeras.com.do\/index.php\/wp-json\/wp\/v2\/posts"}],"about":[{"href":"https:\/\/lasprimeras.com.do\/index.php\/wp-json\/wp\/v2\/types\/post"}],"author":[{"embeddable":true,"href":"https:\/\/lasprimeras.com.do\/index.php\/wp-json\/wp\/v2\/users\/1"}],"replies":[{"embeddable":true,"href":"https:\/\/lasprimeras.com.do\/index.php\/wp-json\/wp\/v2\/comments?post=49099"}],"version-history":[{"count":0,"href":"https:\/\/lasprimeras.com.do\/index.php\/wp-json\/wp\/v2\/posts\/49099\/revisions"}],"wp:featuredmedia":[{"embeddable":true,"href":"https:\/\/lasprimeras.com.do\/index.php\/wp-json\/"}],"wp:attachment":[{"href":"https:\/\/lasprimeras.com.do\/index.php\/wp-json\/wp\/v2\/media?parent=49099"}],"wp:term":[{"taxonomy":"category","embeddable":true,"href":"https:\/\/lasprimeras.com.do\/index.php\/wp-json\/wp\/v2\/categories?post=49099"},{"taxonomy":"post_tag","embeddable":true,"href":"https:\/\/lasprimeras.com.do\/index.php\/wp-json\/wp\/v2\/tags?post=49099"}],"curies":[{"name":"wp","href":"https:\/\/api.w.org\/{rel}","templated":true}]}}