{"id":49102,"date":"2023-05-07T22:03:16","date_gmt":"2023-05-08T02:03:16","guid":{"rendered":"https:\/\/atento.com.do\/?p=49102"},"modified":"2023-05-07T22:03:16","modified_gmt":"2023-05-08T02:03:16","slug":"el-fbi-acusa-a-tres-colombianos-de-drogar-y-robar-a-dos-soldados-de-ee-uu-en-un-bar-de-bogota","status":"publish","type":"post","link":"https:\/\/lasprimeras.com.do\/index.php\/2023\/05\/07\/el-fbi-acusa-a-tres-colombianos-de-drogar-y-robar-a-dos-soldados-de-ee-uu-en-un-bar-de-bogota\/","title":{"rendered":"El FBI acusa a tres colombianos de drogar y robar a dos soldados de EE.UU. en un bar de Bogot\u00e1"},"content":{"rendered":"\n<p class=\"wp-block-paragraph\">La investigaci\u00f3n se llev\u00f3 a cabo por el FBI junto con la Polic\u00eda Nacional de Colombia.<\/p>\n\n\n\n<p class=\"wp-block-paragraph\"><strong>Bogot\u00e1, RT.-.<\/strong>Tres ciudadanos colombianos han sido acusados en Miami de cargos federales tres a\u00f1os despu\u00e9s de que presuntamente drogaran a dos soldados estadounidenses en un bar de Bogot\u00e1 para robarles sus tarjetas de d\u00e9bito y cr\u00e9dito y sus celulares, informa Military.com con referencia a la Polic\u00eda de EE.UU. y documentos judiciales.<\/p>\n\n\n\n<p class=\"wp-block-paragraph\">Jeffersson Arango, Kenneth Uribe y Pedro Silvade enfrentan cargos de secuestro, asalto y conspiraci\u00f3n por el presunto narcotr\u00e1fico, secuestro y robo.<\/p>\n\n\n\n<p class=\"wp-block-paragraph\">Seg\u00fan documentos judiciales, las v\u00edctimas fueron a un bar de lujo de Bogot\u00e1 y, horas m\u00e1s tarde, un soldado fue encontrado tropezando en una calle y el otro desmayado en su apartamento, ambos sin sus posesiones. Los an\u00e1lisis de sangre mostraron que hab\u00edan sido drogados.<\/p>\n\n\n\n<p class=\"wp-block-paragraph\">El caso ha sido llevado por el FBI junto con la Polic\u00eda Nacional de Colombia.<\/p>\n\n\n\n<p class=\"wp-block-paragraph\">Los investigadores encontraron videos de vigilancia que captaron a los tres acusados introduciendo droga en las bebidas de los soldados y luego escolt\u00e1ndolos fuera del bar, as\u00ed como las im\u00e1genes de Arango usando sus tarjetas en cajeros autom\u00e1ticos y tiendas.<\/p>\n\n\n\n<p class=\"wp-block-paragraph\">Despu\u00e9s de que los presuntos delincuentes fueran identificados, la Polic\u00eda colombiana inici\u00f3 las escuchas de sus tel\u00e9fonos, que prestaron m\u00e1s evidencias al caso.<\/p>\n\n\n\n<p class=\"wp-block-paragraph\">Dos de los acusados, Arango y Uribe, fueron detenidos en diciembre, no obstante, los documentos judiciales no revelan si Silva tambi\u00e9n se encuentra bajo custodia.<\/p>\n","protected":false},"excerpt":{"rendered":"<p>La investigaci\u00f3n se llev\u00f3 a cabo por el FBI junto con la Polic\u00eda Nacional de Colombia. Bogot\u00e1, RT.-.Tres ciudadanos colombianos han sido acusados en Miami de cargos federales tres a\u00f1os&hellip;<\/p>\n","protected":false},"author":1,"featured_media":49103,"comment_status":"open","ping_status":"open","sticky":false,"template":"","format":"standard","meta":{"content-type":"","_jetpack_newsletter_access":"","_jetpack_dont_email_post_to_subs":false,"_jetpack_newsletter_tier_id":0,"_jetpack_memberships_contains_paywalled_content":false,"_jetpack_feature_clip_id":0,"_jetpack_memberships_contains_paid_content":false,"footnotes":"","jetpack_post_was_ever_published":false},"categories":[1],"tags":[770,789,790,791,792,206,793,794,795],"class_list":["post-49102","post","type-post","status-publish","format-standard","has-post-thumbnail","hentry","category-sin-categoria","tag-acusa","tag-bar","tag-bogota","tag-colombianos","tag-drogar","tag-ee-uu","tag-fbi","tag-robar","tag-soldados"],"jetpack-related-posts":[{"id":57292,"url":"https:\/\/lasprimeras.com.do\/index.php\/2023\/08\/10\/ecuador-detienen-seis-colombianos-por-el-asesinato-de-fernando-villavicencio\/","url_meta":{"origin":49102,"position":0},"title":"Ecuador: Detienen seis colombianos por el asesinato de Fernando Villavicencio","author":"Nelson Feliz","date":"10 de agosto de 2023","format":false,"excerpt":"Villavicencio, de 59 a\u00f1os, fue asesinado a tiros la noche del mi\u00e9rcoles cuando sal\u00eda de un mitin pol\u00edtico, a puertas de las elecciones anticipadas del 20 de agosto. Los seis detenidos por el asesinato del candidato presidencial ecuatoriano Fernando Villavicencio son colombianos, as\u00ed como un presunto atacante que muri\u00f3 el\u2026","rel":"","context":"En \u00abSin categor\u00eda\u00bb","block_context":{"text":"Sin categor\u00eda","link":"https:\/\/lasprimeras.com.do\/index.php\/category\/sin-categoria\/"},"img":{"alt_text":"El ex asamble\u00edsta y ahora candidato presidencial, Fernando Villavicencio, hace gestos frente a la Oficina del Fiscal General en Quito el 8 de agosto de 2023.","src":"https:\/\/i0.wp.com\/lasprimeras.com.do\/wp-content\/uploads\/2023\/08\/Fernando-Villavicencio-1.jpeg?resize=350%2C200&ssl=1","width":350,"height":200,"srcset":"https:\/\/i0.wp.com\/lasprimeras.com.do\/wp-content\/uploads\/2023\/08\/Fernando-Villavicencio-1.jpeg?resize=350%2C200&ssl=1 1x, https:\/\/i0.wp.com\/lasprimeras.com.do\/wp-content\/uploads\/2023\/08\/Fernando-Villavicencio-1.jpeg?resize=525%2C300&ssl=1 1.5x, https:\/\/i0.wp.com\/lasprimeras.com.do\/wp-content\/uploads\/2023\/08\/Fernando-Villavicencio-1.jpeg?resize=700%2C400&ssl=1 2x"},"classes":[]},{"id":57161,"url":"https:\/\/lasprimeras.com.do\/index.php\/2023\/08\/09\/fbi-arresta-a-pareja-acusada-de-secuestro-y-trafico-de-migrantes-dominicanos-en-puerto-rico\/","url_meta":{"origin":49102,"position":1},"title":"FBI arresta a pareja acusada de secuestro y tr\u00e1fico de migrantes dominicanos en Puerto Rico","author":"Nelson Feliz","date":"9 de agosto de 2023","format":false,"excerpt":"El matrimonio recog\u00eda a los migrantes y les imped\u00eda la salida hasta que familiares pagaran un rescate. Un matrimonio fue detenido por agentes del FBI en Puerto Rico tras ser acusados por secuestro y alojar a migrantes en una residencia en la capital de San Juan, informaron este mi\u00e9rcoles las\u2026","rel":"","context":"En \u00abSin categor\u00eda\u00bb","block_context":{"text":"Sin categor\u00eda","link":"https:\/\/lasprimeras.com.do\/index.php\/category\/sin-categoria\/"},"img":{"alt_text":"PRESO","src":"https:\/\/i0.wp.com\/lasprimeras.com.do\/wp-content\/uploads\/2023\/08\/PRESO-1.jpg?resize=350%2C200&ssl=1","width":350,"height":200,"srcset":"https:\/\/i0.wp.com\/lasprimeras.com.do\/wp-content\/uploads\/2023\/08\/PRESO-1.jpg?resize=350%2C200&ssl=1 1x, https:\/\/i0.wp.com\/lasprimeras.com.do\/wp-content\/uploads\/2023\/08\/PRESO-1.jpg?resize=525%2C300&ssl=1 1.5x, https:\/\/i0.wp.com\/lasprimeras.com.do\/wp-content\/uploads\/2023\/08\/PRESO-1.jpg?resize=700%2C400&ssl=1 2x"},"classes":[]},{"id":88336,"url":"https:\/\/lasprimeras.com.do\/index.php\/2024\/08\/26\/felipe-pelaez-marca-historia-de-la-musica-colombiana-en-el-movistar-arena-de-bogota\/","url_meta":{"origin":49102,"position":2},"title":"Felipe Pel\u00e1ez marca historia de la m\u00fasica colombiana en el Movistar Arena de Bogot\u00e1","author":"Nelson Feliz","date":"26 de agosto de 2024","format":false,"excerpt":"Miami. El pasado s\u00e1bado 24 de agosto, el Movistar Arena de Bogot\u00e1 fue el escenario de una velada memorable que quedar\u00e1 marcada en la historia de la m\u00fasica colombiana. Felipe Pel\u00e1ez, el aclamado cantautor y embajador del vallenato rom\u00e1ntico, celebr\u00f3 20 a\u00f1os de trayectoria con un concierto sinf\u00f3nico que super\u00f3\u2026","rel":"","context":"En \u00abENTRETENIMIENTO\u00bb","block_context":{"text":"ENTRETENIMIENTO","link":"https:\/\/lasprimeras.com.do\/index.php\/category\/entretenimiento\/"},"img":{"alt_text":"Felipe Pel\u00e1ez","src":"https:\/\/i0.wp.com\/lasprimeras.com.do\/wp-content\/uploads\/2024\/08\/Felipe-Pelaez-1.png?resize=350%2C200&ssl=1","width":350,"height":200,"srcset":"https:\/\/i0.wp.com\/lasprimeras.com.do\/wp-content\/uploads\/2024\/08\/Felipe-Pelaez-1.png?resize=350%2C200&ssl=1 1x, https:\/\/i0.wp.com\/lasprimeras.com.do\/wp-content\/uploads\/2024\/08\/Felipe-Pelaez-1.png?resize=525%2C300&ssl=1 1.5x, https:\/\/i0.wp.com\/lasprimeras.com.do\/wp-content\/uploads\/2024\/08\/Felipe-Pelaez-1.png?resize=700%2C400&ssl=1 2x"},"classes":[]},{"id":89015,"url":"https:\/\/lasprimeras.com.do\/index.php\/2024\/09\/14\/petro-dice-que-fue-la-dea-quien-le-alerto-de-un-supuesto-plan-para-asesinarlo\/","url_meta":{"origin":49102,"position":3},"title":"Petro dice que fue la DEA quien le alert\u00f3 de un supuesto plan para asesinarlo","author":"Nelson Feliz","date":"14 de septiembre de 2024","format":false,"excerpt":"Bogot\u00e1, (EFE).- El presidente de Colombia, Gustavo Petro, asegur\u00f3 este s\u00e1bado que fue la Agencia Antidrogas de Estados Unidos (DEA), a trav\u00e9s del embajador de ese pa\u00eds en Bogot\u00e1, quien le alert\u00f3 de un supuesto plan para asesinarlo antes de que acabe este a\u00f1o en un atentado con un cami\u00f3n\u2026","rel":"","context":"En \u00abSin categor\u00eda\u00bb","block_context":{"text":"Sin categor\u00eda","link":"https:\/\/lasprimeras.com.do\/index.php\/category\/sin-categoria\/"},"img":{"alt_text":"Gustavo Petro","src":"https:\/\/i0.wp.com\/lasprimeras.com.do\/wp-content\/uploads\/2024\/09\/Gustavo-Petro.jpg?resize=350%2C200&ssl=1","width":350,"height":200,"srcset":"https:\/\/i0.wp.com\/lasprimeras.com.do\/wp-content\/uploads\/2024\/09\/Gustavo-Petro.jpg?resize=350%2C200&ssl=1 1x, https:\/\/i0.wp.com\/lasprimeras.com.do\/wp-content\/uploads\/2024\/09\/Gustavo-Petro.jpg?resize=525%2C300&ssl=1 1.5x, https:\/\/i0.wp.com\/lasprimeras.com.do\/wp-content\/uploads\/2024\/09\/Gustavo-Petro.jpg?resize=700%2C400&ssl=1 2x"},"classes":[]},{"id":70478,"url":"https:\/\/lasprimeras.com.do\/index.php\/2023\/12\/11\/corte-aplaza-una-audiencia-del-exdiplomatico-de-eeuu-victor-manuel-rocha-por-espionaje-para-cuba\/","url_meta":{"origin":49102,"position":4},"title":"Corte aplaza una audiencia del exdiplom\u00e1tico de EEUU V\u00edctor Manuel Rocha por espionaje para Cuba","author":"Nelson Feliz","date":"11 de diciembre de 2023","format":false,"excerpt":"El exdiplom\u00e1tico ten\u00eda una audiencia este martes, la segunda en el proceso desde que fue arrestado MIAMI, Florida, EE.UU. -Una corte de Miami (EE.UU.) pospuso para el pr\u00f3ximo 12 de enero la audiencia del exdiplom\u00e1tico estadounidense V\u00edctor Manuel Rocha, quien est\u00e1 acusado de varios cargos relacionados con espionaje para Cuba\u2026","rel":"","context":"En \u00abSin categor\u00eda\u00bb","block_context":{"text":"Sin categor\u00eda","link":"https:\/\/lasprimeras.com.do\/index.php\/category\/sin-categoria\/"},"img":{"alt_text":"Manuel Rocha","src":"https:\/\/i0.wp.com\/lasprimeras.com.do\/wp-content\/uploads\/2023\/12\/Manuel-Rocha.jpg?resize=350%2C200&ssl=1","width":350,"height":200,"srcset":"https:\/\/i0.wp.com\/lasprimeras.com.do\/wp-content\/uploads\/2023\/12\/Manuel-Rocha.jpg?resize=350%2C200&ssl=1 1x, https:\/\/i0.wp.com\/lasprimeras.com.do\/wp-content\/uploads\/2023\/12\/Manuel-Rocha.jpg?resize=525%2C300&ssl=1 1.5x, https:\/\/i0.wp.com\/lasprimeras.com.do\/wp-content\/uploads\/2023\/12\/Manuel-Rocha.jpg?resize=700%2C400&ssl=1 2x"},"classes":[]},{"id":65467,"url":"https:\/\/lasprimeras.com.do\/index.php\/2023\/10\/28\/dictan-cadena-perpetua-en-eeuu-para-exmilitar-colombiano-por-el-magnicidio-de-haiti\/","url_meta":{"origin":49102,"position":5},"title":"Dictan cadena perpetua en EEUU para exmilitar colombiano por el magnicidio de Hait\u00ed","author":"BIMARY DE JES\u00daS Matos","date":"28 de octubre de 2023","format":false,"excerpt":"Miami, (EFE).- El exmilitar colombiano Germ\u00e1n Alejandro Rivera Garc\u00eda, detenido en Estados Unidos junto a un grupo de sospechosos de participar en el magnicidio del presidente de Hait\u00ed, Jovenel Moise, en 2021, fue condenado este viernes en una corte federal de Miami a cadena perpetua, seg\u00fan documentos judiciales. Rivera, de\u2026","rel":"","context":"En \u00abSin categor\u00eda\u00bb","block_context":{"text":"Sin categor\u00eda","link":"https:\/\/lasprimeras.com.do\/index.php\/category\/sin-categoria\/"},"img":{"alt_text":"","src":"https:\/\/i0.wp.com\/lasprimeras.com.do\/wp-content\/uploads\/2023\/10\/WhatsApp-Image-2023-10-28-at-2.43.07-PM-1.webp?resize=350%2C200&ssl=1","width":350,"height":200},"classes":[]}],"jetpack_sharing_enabled":true,"jetpack_featured_media_url":"","_links":{"self":[{"href":"https:\/\/lasprimeras.com.do\/index.php\/wp-json\/wp\/v2\/posts\/49102","targetHints":{"allow":["GET"]}}],"collection":[{"href":"https:\/\/lasprimeras.com.do\/index.php\/wp-json\/wp\/v2\/posts"}],"about":[{"href":"https:\/\/lasprimeras.com.do\/index.php\/wp-json\/wp\/v2\/types\/post"}],"author":[{"embeddable":true,"href":"https:\/\/lasprimeras.com.do\/index.php\/wp-json\/wp\/v2\/users\/1"}],"replies":[{"embeddable":true,"href":"https:\/\/lasprimeras.com.do\/index.php\/wp-json\/wp\/v2\/comments?post=49102"}],"version-history":[{"count":0,"href":"https:\/\/lasprimeras.com.do\/index.php\/wp-json\/wp\/v2\/posts\/49102\/revisions"}],"wp:attachment":[{"href":"https:\/\/lasprimeras.com.do\/index.php\/wp-json\/wp\/v2\/media?parent=49102"}],"wp:term":[{"taxonomy":"category","embeddable":true,"href":"https:\/\/lasprimeras.com.do\/index.php\/wp-json\/wp\/v2\/categories?post=49102"},{"taxonomy":"post_tag","embeddable":true,"href":"https:\/\/lasprimeras.com.do\/index.php\/wp-json\/wp\/v2\/tags?post=49102"}],"curies":[{"name":"wp","href":"https:\/\/api.w.org\/{rel}","templated":true}]}}