{"id":49112,"date":"2023-05-07T22:25:58","date_gmt":"2023-05-08T02:25:58","guid":{"rendered":"https:\/\/atento.com.do\/?p=49112"},"modified":"2023-05-07T22:25:58","modified_gmt":"2023-05-08T02:25:58","slug":"tomas-hernandez-valora-de-positiva-gestion-de-luis-abinader","status":"publish","type":"post","link":"https:\/\/lasprimeras.com.do\/index.php\/2023\/05\/07\/tomas-hernandez-valora-de-positiva-gestion-de-luis-abinader\/","title":{"rendered":"Tom\u00e1s Hern\u00e1ndez valora de positiva gesti\u00f3n de Luis Abinader"},"content":{"rendered":"\n<p><strong>Santo Domingo.-. <\/strong>El ex director del Instituto Agrario Dominicano, Tom\u00e1s Hern\u00e1ndez Alberto calific\u00f3 de positiva la gesti\u00f3n del gobierno que encabeza Luis Abinader, en materia agropecuaria y expresa su apoyo al programa del campo al colmado.<\/p>\n\n\n\n<p>El tambi\u00e9n&nbsp; presidente del movimiento \u201cEl Poder Pal! Pueblo\u201d, dijo que son las circunstancias las que marcan el rumbo que le conviene a un pa\u00eds, por lo que en este momento se impone que cada colmado se convierta en una especie de INESPRE.<\/p>\n\n\n\n<p>El tambi\u00e9n ex dirigente del PRD entiende que el programa Del Campo al Colmado, no es un INESPRE paralelo, sino una forma de que la comida llegue m\u00e1s barata a todos los rincones del pa\u00eds.<\/p>\n\n\n\n<p>Tom\u00e1s Hern\u00e1ndez Alberto, dijo que este programa servir\u00e1 de apoyo al problema del arroz y el DR-CAPTA y permitir\u00e1 un mayor acercamiento del gobierno a los pobres.<\/p>\n","protected":false},"excerpt":{"rendered":"<p>Santo Domingo.-. El ex director del Instituto Agrario Dominicano, Tom\u00e1s Hern\u00e1ndez Alberto calific\u00f3 de positiva la gesti\u00f3n del gobierno que encabeza Luis Abinader, en materia agropecuaria y expresa su apoyo&hellip;<\/p>\n","protected":false},"author":1,"featured_media":41024,"comment_status":"open","ping_status":"open","sticky":false,"template":"","format":"standard","meta":{"content-type":"","jetpack_post_was_ever_published":false,"_jetpack_newsletter_access":"","_jetpack_dont_email_post_to_subs":false,"_jetpack_newsletter_tier_id":0,"_jetpack_memberships_contains_paywalled_content":false,"_jetpack_memberships_contains_paid_content":false,"footnotes":""},"categories":[1],"tags":[803],"class_list":["post-49112","post","type-post","status-publish","format-standard","has-post-thumbnail","hentry","category-sin-categoria","tag-tomas-hernandez"],"jetpack_featured_media_url":"","jetpack-related-posts":[{"id":105990,"url":"https:\/\/lasprimeras.com.do\/index.php\/2025\/08\/09\/inespre-impacta-a-cientos-de-personas-con-ventas-de-alimentos-a-bajos-precios-en-capotillo\/","url_meta":{"origin":49112,"position":0},"title":"Inespre impacta a cientos de personas con ventas de alimentos a bajos precios en Capotillo","author":"Nelson Feliz","date":"9 de agosto de 2025","format":false,"excerpt":"La jornada de ofertas se realiz\u00f3 en el marco de una visita del presidente Luis Abinader a la barriada. Cientos de personas residentes en el sector Capotillo del Distrito Nacional y zonas aleda\u00f1as aprovecharon las ofertas de una amplia gama de productos que puso a su disposici\u00f3n el Instituto de\u2026","rel":"","context":"En \u00abECONOM\u00cdA\u00bb","block_context":{"text":"ECONOM\u00cdA","link":"https:\/\/lasprimeras.com.do\/index.php\/category\/economia\/"},"img":{"alt_text":"","src":"https:\/\/i0.wp.com\/lasprimeras.com.do\/wp-content\/uploads\/2025\/08\/VENTA-DE-PRODUCTOS-EN-CAPOTILLO-2.jpg?resize=350%2C200&ssl=1","width":350,"height":200,"srcset":"https:\/\/i0.wp.com\/lasprimeras.com.do\/wp-content\/uploads\/2025\/08\/VENTA-DE-PRODUCTOS-EN-CAPOTILLO-2.jpg?resize=350%2C200&ssl=1 1x, https:\/\/i0.wp.com\/lasprimeras.com.do\/wp-content\/uploads\/2025\/08\/VENTA-DE-PRODUCTOS-EN-CAPOTILLO-2.jpg?resize=525%2C300&ssl=1 1.5x, https:\/\/i0.wp.com\/lasprimeras.com.do\/wp-content\/uploads\/2025\/08\/VENTA-DE-PRODUCTOS-EN-CAPOTILLO-2.jpg?resize=700%2C400&ssl=1 2x"},"classes":[]},{"id":93451,"url":"https:\/\/lasprimeras.com.do\/index.php\/2025\/02\/09\/hernandez-alberto-responde-a-la-oposicion-el-prm-gobernara-mas-alla-de-2028\/","url_meta":{"origin":49112,"position":1},"title":"Hern\u00e1ndez Alberto responde a la Oposici\u00f3n: \u201cEl PRM Gobernar\u00e1 M\u00e1s All\u00e1 de 2028\u201d","author":"Nelson Feliz","date":"9 de febrero de 2025","format":false,"excerpt":"El miembro del Partido Revolucionario Moderno (PRM), Tom\u00e1s Hern\u00e1ndez Alberto, se dirigi\u00f3 a la oposici\u00f3n pol\u00edtica que firm\u00f3 una declaraci\u00f3n afirmando que su partido no permanecer\u00e1 en el poder para el a\u00f1o 2028. Hern\u00e1ndez Alberto fue claro y contundente en su respuesta: \u201cEl pasado no volver\u00e1\u201d. El dirigente pol\u00edtico, inst\u00f3\u2026","rel":"","context":"En \u00abPOLITICA\u00bb","block_context":{"text":"POLITICA","link":"https:\/\/lasprimeras.com.do\/index.php\/category\/politica\/"},"img":{"alt_text":"Tom\u00e1s Hern\u00e1ndez Alberto","src":"https:\/\/i0.wp.com\/lasprimeras.com.do\/wp-content\/uploads\/2025\/02\/Tomas-Hernandez-Alberto.jpg?resize=350%2C200&ssl=1","width":350,"height":200,"srcset":"https:\/\/i0.wp.com\/lasprimeras.com.do\/wp-content\/uploads\/2025\/02\/Tomas-Hernandez-Alberto.jpg?resize=350%2C200&ssl=1 1x, https:\/\/i0.wp.com\/lasprimeras.com.do\/wp-content\/uploads\/2025\/02\/Tomas-Hernandez-Alberto.jpg?resize=525%2C300&ssl=1 1.5x"},"classes":[]},{"id":94335,"url":"https:\/\/lasprimeras.com.do\/index.php\/2025\/02\/27\/hernandez-alberto-asegura-discurso-de-rendicion-de-cuentas-de-abinader-fue-bien-valorado\/","url_meta":{"origin":49112,"position":2},"title":"Hern\u00e1ndez Alberto asegura discurso de rendici\u00f3n de cuentas de Abinader fue bien valorado","author":"Nelson Feliz","date":"27 de febrero de 2025","format":false,"excerpt":"El dirigente del Partido Revolucionario Moderno (PRM), ingeniero Tom\u00e1s Hern\u00e1ndez Alberto afirm\u00f3 este jueves que el discurso de rendici\u00f3n de cuentas del presidente Luis Abinader, ha recibido la valoraci\u00f3n positiva de la poblaci\u00f3n dominicana. Seg\u00fan Hern\u00e1ndez Alberto, el discurso ha sido un reflejo del compromiso del presidente con el pueblo,\u2026","rel":"","context":"En \u00abPOLITICA\u00bb","block_context":{"text":"POLITICA","link":"https:\/\/lasprimeras.com.do\/index.php\/category\/politica\/"},"img":{"alt_text":"Tom\u00e1s Hern\u00e1ndez Alberto","src":"https:\/\/i0.wp.com\/lasprimeras.com.do\/wp-content\/uploads\/2025\/02\/Tomas-Hernandez-Alberto-1.jpg?resize=350%2C200&ssl=1","width":350,"height":200,"srcset":"https:\/\/i0.wp.com\/lasprimeras.com.do\/wp-content\/uploads\/2025\/02\/Tomas-Hernandez-Alberto-1.jpg?resize=350%2C200&ssl=1 1x, https:\/\/i0.wp.com\/lasprimeras.com.do\/wp-content\/uploads\/2025\/02\/Tomas-Hernandez-Alberto-1.jpg?resize=525%2C300&ssl=1 1.5x"},"classes":[]},{"id":71648,"url":"https:\/\/lasprimeras.com.do\/index.php\/2023\/12\/21\/gobierno-inaugura-navidad-del-cambio-con-inespre-con-productos-de-la-canasta-basica-a-precios-bajos\/","url_meta":{"origin":49112,"position":3},"title":"Gobierno inaugura \u201cNavidad del Cambio con Inespre\u201d con productos de la canasta b\u00e1sica a precios bajos","author":"BIMARY DE JES\u00daS Matos","date":"21 de diciembre de 2023","format":false,"excerpt":"Santo Domingo.-El presidente Luis Abinader dej\u00f3 inaugurada este jueves la feria \u201cNavidad del Cambio con el Inespre 2023\u201d, en la Ciudad Ganadera, donde se ofertar\u00e1n productos de la \u00e9poca para la cena de Nochebuena a bajos costos. El mandatario manifest\u00f3 que la Brisita Navide\u00f1a est\u00e1 llegando hoy a todo el\u2026","rel":"","context":"En \u00abPORTADA\u00bb","block_context":{"text":"PORTADA","link":"https:\/\/lasprimeras.com.do\/index.php\/category\/portada\/"},"img":{"alt_text":"","src":"https:\/\/i0.wp.com\/lasprimeras.com.do\/wp-content\/uploads\/2023\/12\/WhatsApp-Image-2023-12-21-at-1.17.44-PM-2.jpeg?resize=350%2C200&ssl=1","width":350,"height":200,"srcset":"https:\/\/i0.wp.com\/lasprimeras.com.do\/wp-content\/uploads\/2023\/12\/WhatsApp-Image-2023-12-21-at-1.17.44-PM-2.jpeg?resize=350%2C200&ssl=1 1x, https:\/\/i0.wp.com\/lasprimeras.com.do\/wp-content\/uploads\/2023\/12\/WhatsApp-Image-2023-12-21-at-1.17.44-PM-2.jpeg?resize=525%2C300&ssl=1 1.5x"},"classes":[]},{"id":67678,"url":"https:\/\/lasprimeras.com.do\/index.php\/2023\/11\/17\/tomas-hernandez-felicita-al-director-de-idoppril-tras-recibir-medalla-de-plata\/","url_meta":{"origin":49112,"position":4},"title":"Tom\u00e1s Hern\u00e1ndez felicita al director de IDOPPRIL tras recibir \u00a1Medalla de Plata!","author":"Nelson Feliz","date":"17 de noviembre de 2023","format":false,"excerpt":"Por Mart\u00edn Restituyo El director del Instituto Dominicano de Prevenci\u00f3n y Protecci\u00f3n de Riesgos Laborales (IDOPPRIL), Dr. Fausto L\u00f3pez Sol\u00eds,recibi\u00f3 la \u00a1Medalla de Plata! en el Premio Nacional de la Calidad, entregado por el Presidente Luis Abinader y el Ministerio de Administraci\u00f3n P\u00fablica (MAP). De inmediato su amigo y ex\u2026","rel":"","context":"En \u00abNACIONALES\u00bb","block_context":{"text":"NACIONALES","link":"https:\/\/lasprimeras.com.do\/index.php\/category\/nacionales\/"},"img":{"alt_text":"Tom\u00e1s Hern\u00e1ndez Alberto y Fausto L\u00f3pez Sol\u00eds","src":"https:\/\/i0.wp.com\/lasprimeras.com.do\/wp-content\/uploads\/2023\/11\/Tomas-Hernandez-Alberto-y-Fausto-Lopez-Solis.jpg?resize=350%2C200&ssl=1","width":350,"height":200,"srcset":"https:\/\/i0.wp.com\/lasprimeras.com.do\/wp-content\/uploads\/2023\/11\/Tomas-Hernandez-Alberto-y-Fausto-Lopez-Solis.jpg?resize=350%2C200&ssl=1 1x, https:\/\/i0.wp.com\/lasprimeras.com.do\/wp-content\/uploads\/2023\/11\/Tomas-Hernandez-Alberto-y-Fausto-Lopez-Solis.jpg?resize=525%2C300&ssl=1 1.5x, https:\/\/i0.wp.com\/lasprimeras.com.do\/wp-content\/uploads\/2023\/11\/Tomas-Hernandez-Alberto-y-Fausto-Lopez-Solis.jpg?resize=700%2C400&ssl=1 2x"},"classes":[]},{"id":55148,"url":"https:\/\/lasprimeras.com.do\/index.php\/2023\/07\/18\/el-salvador-inespre-presenta-programas-institucionales-en-reunion-de-la-fao\/","url_meta":{"origin":49112,"position":5},"title":"El Salvador: Inespre presenta programas institucionales en reuni\u00f3n de la FAO","author":"Nelson Feliz","date":"18 de julio de 2023","format":false,"excerpt":"Miembros de la Red calificaron como positivos y novedosos los programas desarrollados por la instituci\u00f3n. El Instituto de Estabilizaci\u00f3n de Precios (Inespre) present\u00f3 sus programas institucionales en la VII Reuni\u00f3n de Miembros de la Red Regional de Sistemas P\u00fablicos de Abastecimiento y Comercializaci\u00f3n de Alimentos, coordinada por la Organizaci\u00f3n de\u2026","rel":"","context":"En \u00abECONOM\u00cdA\u00bb","block_context":{"text":"ECONOM\u00cdA","link":"https:\/\/lasprimeras.com.do\/index.php\/category\/economia\/"},"img":{"alt_text":"Eudy Collado","src":"https:\/\/i0.wp.com\/lasprimeras.com.do\/wp-content\/uploads\/2023\/07\/Eudy-Collado-1.jpg?resize=350%2C200&ssl=1","width":350,"height":200,"srcset":"https:\/\/i0.wp.com\/lasprimeras.com.do\/wp-content\/uploads\/2023\/07\/Eudy-Collado-1.jpg?resize=350%2C200&ssl=1 1x, https:\/\/i0.wp.com\/lasprimeras.com.do\/wp-content\/uploads\/2023\/07\/Eudy-Collado-1.jpg?resize=525%2C300&ssl=1 1.5x"},"classes":[]}],"jetpack_sharing_enabled":true,"_links":{"self":[{"href":"https:\/\/lasprimeras.com.do\/index.php\/wp-json\/wp\/v2\/posts\/49112","targetHints":{"allow":["GET"]}}],"collection":[{"href":"https:\/\/lasprimeras.com.do\/index.php\/wp-json\/wp\/v2\/posts"}],"about":[{"href":"https:\/\/lasprimeras.com.do\/index.php\/wp-json\/wp\/v2\/types\/post"}],"author":[{"embeddable":true,"href":"https:\/\/lasprimeras.com.do\/index.php\/wp-json\/wp\/v2\/users\/1"}],"replies":[{"embeddable":true,"href":"https:\/\/lasprimeras.com.do\/index.php\/wp-json\/wp\/v2\/comments?post=49112"}],"version-history":[{"count":0,"href":"https:\/\/lasprimeras.com.do\/index.php\/wp-json\/wp\/v2\/posts\/49112\/revisions"}],"wp:featuredmedia":[{"embeddable":true,"href":"https:\/\/lasprimeras.com.do\/index.php\/wp-json\/"}],"wp:attachment":[{"href":"https:\/\/lasprimeras.com.do\/index.php\/wp-json\/wp\/v2\/media?parent=49112"}],"wp:term":[{"taxonomy":"category","embeddable":true,"href":"https:\/\/lasprimeras.com.do\/index.php\/wp-json\/wp\/v2\/categories?post=49112"},{"taxonomy":"post_tag","embeddable":true,"href":"https:\/\/lasprimeras.com.do\/index.php\/wp-json\/wp\/v2\/tags?post=49112"}],"curies":[{"name":"wp","href":"https:\/\/api.w.org\/{rel}","templated":true}]}}