{"id":49117,"date":"2023-05-07T22:39:44","date_gmt":"2023-05-08T02:39:44","guid":{"rendered":"https:\/\/atento.com.do\/?p=49117"},"modified":"2023-05-07T22:39:44","modified_gmt":"2023-05-08T02:39:44","slug":"anje-califica-de-preocupante-panorama-que-vive-la-rd","status":"publish","type":"post","link":"https:\/\/lasprimeras.com.do\/index.php\/2023\/05\/07\/anje-califica-de-preocupante-panorama-que-vive-la-rd\/","title":{"rendered":"ANJE califica de preocupante panorama que vive la RD"},"content":{"rendered":"\n<p><strong>Santo Domingo.-. <\/strong>La Asociaci\u00f3n Nacional de J\u00f3venes Empresarios (ANJE) calific\u00f3 de preocupante el panorama actual que vive el pa\u00eds, debido a los recientes casos de corrupci\u00f3n sometidos ante la Justicia y con decisiones altamente cuestionadas.<\/p>\n\n\n\n<p>El presidente de la ANJE, Jaime S\u00e9nior, destac\u00f3 que este panorama actual impacta de forma negativa al clima de negocios del pa\u00eds.<\/p>\n\n\n\n<p>S\u00e9nior, dijo que el \u00cdndice de Competitividad Global que nos coloca en la posici\u00f3n 98 de 140 econom\u00edas.<\/p>\n\n\n\n<p>Se ha evidenciado que el pa\u00eds posee grandes oportunidades de mejora en indicadores como corrupci\u00f3n, confianza p\u00fablica en los pol\u00edticos e independencia judicial, siendo esto un gran reto para un avance m\u00e1s significativo de nuestra competitividad como pa\u00eds.<\/p>\n\n\n\n<p>S\u00e9nior dijo que ah\u00ed, que tanto el \u00cdndice Global de Competitividad, vaya de la mano con el \u00cdndice de Percepci\u00f3n de Corrupci\u00f3n donde igualmente nos encontramos en desventaja con una posici\u00f3n de 115 de 180 pa\u00edses\u201d.<\/p>\n\n\n\n<p>Jaime Senior, expresa que esa situaci\u00f3n ha impedido la asignaci\u00f3n de recursos y su utilizaci\u00f3n en \u00e1reas sensibles, b\u00e1sicas y fundamentales para el desarrollo humano de la poblaci\u00f3n y la conquista de un aut\u00e9ntico Estado social y democr\u00e1tico de derecho.<\/p>\n","protected":false},"excerpt":{"rendered":"<p>Santo Domingo.-. La Asociaci\u00f3n Nacional de J\u00f3venes Empresarios (ANJE) calific\u00f3 de preocupante el panorama actual que vive el pa\u00eds, debido a los recientes casos de corrupci\u00f3n sometidos ante la Justicia&hellip;<\/p>\n","protected":false},"author":1,"featured_media":49118,"comment_status":"open","ping_status":"open","sticky":false,"template":"","format":"standard","meta":{"content-type":"","jetpack_post_was_ever_published":false,"_jetpack_newsletter_access":"","_jetpack_dont_email_post_to_subs":false,"_jetpack_newsletter_tier_id":0,"_jetpack_memberships_contains_paywalled_content":false,"_jetpack_memberships_contains_paid_content":false,"footnotes":""},"categories":[39,25],"tags":[808],"class_list":["post-49117","post","type-post","status-publish","format-standard","has-post-thumbnail","hentry","category-economia","category-portada","tag-jaime-senior-2"],"jetpack_featured_media_url":"","jetpack-related-posts":[{"id":51165,"url":"https:\/\/lasprimeras.com.do\/index.php\/2023\/05\/28\/anje-apoya-ley-de-primer-empleo-y-pide-abordar-el-pago-de-anticipo\/","url_meta":{"origin":49117,"position":0},"title":"ANJE apoya ley de primer empleo y pide abordar el pago de anticipo","author":"prenxa100","date":"28 de mayo de 2023","format":false,"excerpt":"Santo Domingo.-. El presidente de la Asociaci\u00f3n Nacional de J\u00f3venes Empresarios (ANJE), Jaime Senior Fern\u00e1ndez, afirm\u00f3 que es necesario establecer la ley del primer empleo que cree incentivos fiscales para que las empresas contraten a personas que no est\u00e1n insertadas en el mercado laboral. Igualmente, el dirigente empresarial dijo que\u2026","rel":"","context":"En \u00abECONOM\u00cdA\u00bb","block_context":{"text":"ECONOM\u00cdA","link":"https:\/\/lasprimeras.com.do\/index.php\/category\/economia\/"},"img":{"alt_text":"","src":"","width":0,"height":0},"classes":[]},{"id":63463,"url":"https:\/\/lasprimeras.com.do\/index.php\/2023\/10\/12\/anje-presenta-su-nueva-junta-directiva-presidida-por-jose-nelton-gonzalez-rodriguez\/","url_meta":{"origin":49117,"position":1},"title":"ANJE presenta su nueva Junta Directiva presidida por Jos\u00e9 Nelton Gonz\u00e1lez Rodr\u00edguez","author":"Nelson Feliz","date":"12 de octubre de 2023","format":false,"excerpt":"-Nuevo presidente de ANJE apuesta por el fomento del emprendimiento, modernizaci\u00f3n del C\u00f3digo de Trabajo, mejoras para lograr una educaci\u00f3n de calidad y promoci\u00f3n de la cultura de debates. La Asociaci\u00f3n Nacional de J\u00f3venes Empresarios (ANJE) jurament\u00f3 la nueva Junta Directiva para el per\u00edodo octubre 2023 a diciembre 2024, presidida\u2026","rel":"","context":"En \u00abECONOM\u00cdA\u00bb","block_context":{"text":"ECONOM\u00cdA","link":"https:\/\/lasprimeras.com.do\/index.php\/category\/economia\/"},"img":{"alt_text":"ANJE ,Junta Directiva, Jos\u00e9 Nelton Gonz\u00e1lez Rodr\u00edguez","src":"https:\/\/i0.wp.com\/lasprimeras.com.do\/wp-content\/uploads\/2023\/10\/ANJE-2023.jpg?resize=350%2C200&ssl=1","width":350,"height":200,"srcset":"https:\/\/i0.wp.com\/lasprimeras.com.do\/wp-content\/uploads\/2023\/10\/ANJE-2023.jpg?resize=350%2C200&ssl=1 1x, https:\/\/i0.wp.com\/lasprimeras.com.do\/wp-content\/uploads\/2023\/10\/ANJE-2023.jpg?resize=525%2C300&ssl=1 1.5x, https:\/\/i0.wp.com\/lasprimeras.com.do\/wp-content\/uploads\/2023\/10\/ANJE-2023.jpg?resize=700%2C400&ssl=1 2x"},"classes":[]},{"id":57567,"url":"https:\/\/lasprimeras.com.do\/index.php\/2023\/08\/13\/anje-retencion-de-impuestos-generaria-efecto-adverso-al-comercio-formal\/","url_meta":{"origin":49117,"position":2},"title":"ANJE retenci\u00f3n de impuestos generar\u00eda efecto adverso al comercio formal","author":"Nelson Feliz","date":"13 de agosto de 2023","format":false,"excerpt":"La Asociaci\u00f3n Nacional de J\u00f3venes Empresario (ANJE), se refiri\u00f3 a la nueva normativa de la Direcci\u00f3n General de Impuestos Internos (DGII), que busca designar como Agentes de Retenci\u00f3n y Percepci\u00f3n del ITBIS y del ISR a las Empresas de Adquirencia o Adquirentes, Administradores de Sistemas de Pago, Agregadores de Pagos\u2026","rel":"","context":"En \u00abECONOM\u00cdA\u00bb","block_context":{"text":"ECONOM\u00cdA","link":"https:\/\/lasprimeras.com.do\/index.php\/category\/economia\/"},"img":{"alt_text":"Jaime Senior","src":"https:\/\/i0.wp.com\/lasprimeras.com.do\/wp-content\/uploads\/2023\/08\/Jaime-Senior.jpg?resize=350%2C200&ssl=1","width":350,"height":200,"srcset":"https:\/\/i0.wp.com\/lasprimeras.com.do\/wp-content\/uploads\/2023\/08\/Jaime-Senior.jpg?resize=350%2C200&ssl=1 1x, https:\/\/i0.wp.com\/lasprimeras.com.do\/wp-content\/uploads\/2023\/08\/Jaime-Senior.jpg?resize=525%2C300&ssl=1 1.5x, https:\/\/i0.wp.com\/lasprimeras.com.do\/wp-content\/uploads\/2023\/08\/Jaime-Senior.jpg?resize=700%2C400&ssl=1 2x"},"classes":[]},{"id":63889,"url":"https:\/\/lasprimeras.com.do\/index.php\/2023\/10\/16\/anje-presenta-su-nueva-directiva-presidida-por-jose-n-gonzalez\/","url_meta":{"origin":49117,"position":3},"title":"ANJE presenta su nueva directiva presidida por Jos\u00e9 N. Gonz\u00e1lez","author":"BIMARY DE JES\u00daS Matos","date":"16 de octubre de 2023","format":false,"excerpt":"SANTO DOMINGO, Rep\u00fablica Dominicana.- La Asociaci\u00f3n Nacional de J\u00f3venes Empresarios (ANJE) jurament\u00f3 la nueva Junta Directiva para el per\u00edodo octubre 2023 a diciembre 2024, presidida por Jos\u00e9 Nelton Gonz\u00e1lez Rodr\u00edguez. La juramentaci\u00f3n se produjo durante la Asamblea General Ordinaria Anual de la Asociaci\u00f3n, celebrada este jueves 12 de octubre de\u2026","rel":"","context":"En \u00abECONOM\u00cdA\u00bb","block_context":{"text":"ECONOM\u00cdA","link":"https:\/\/lasprimeras.com.do\/index.php\/category\/economia\/"},"img":{"alt_text":"","src":"https:\/\/i0.wp.com\/lasprimeras.com.do\/wp-content\/uploads\/2023\/10\/WhatsApp-Image-2023-10-16-at-11.32.47-AM-1-5.jpeg?resize=350%2C200&ssl=1","width":350,"height":200,"srcset":"https:\/\/i0.wp.com\/lasprimeras.com.do\/wp-content\/uploads\/2023\/10\/WhatsApp-Image-2023-10-16-at-11.32.47-AM-1-5.jpeg?resize=350%2C200&ssl=1 1x, https:\/\/i0.wp.com\/lasprimeras.com.do\/wp-content\/uploads\/2023\/10\/WhatsApp-Image-2023-10-16-at-11.32.47-AM-1-5.jpeg?resize=525%2C300&ssl=1 1.5x"},"classes":[]},{"id":63446,"url":"https:\/\/lasprimeras.com.do\/index.php\/2023\/10\/12\/jose-nelton-gonzalez-al-asumir-la-presidencia-de-anje-aboga-por-reforma-al-codigo-de-trabajo\/","url_meta":{"origin":49117,"position":4},"title":"Jos\u00e9 Nelton Gonz\u00e1lez al asumir la presidencia de Anje aboga por reforma al C\u00f3digo de Trabajo","author":"Nelson Feliz","date":"12 de octubre de 2023","format":false,"excerpt":"Tambi\u00e9n busca el fomento a una educaci\u00f3n de calidad y la celebraci\u00f3n de debates en todas sus vertientes. La Asociaci\u00f3n Nacional de J\u00f3venes Empresarios (ANJE) jurament\u00f3 este jueves la nueva Junta Directiva para el per\u00edodo octubre 2023-diciembre 2024, presidida por Jos\u00e9 Nelton Gonz\u00e1lez Rodr\u00edguez. Gonz\u00e1lez Rodr\u00edguez expres\u00f3 que su gesti\u00f3n\u2026","rel":"","context":"En \u00abECONOM\u00cdA\u00bb","block_context":{"text":"ECONOM\u00cdA","link":"https:\/\/lasprimeras.com.do\/index.php\/category\/economia\/"},"img":{"alt_text":"Jos\u00e9 Nelton Gonz\u00e1lez Rodr\u00edguez fue juramentado como presidente de AnjeJORGE MART\u00cdNEZ","src":"https:\/\/i0.wp.com\/lasprimeras.com.do\/wp-content\/uploads\/2023\/10\/Jose-Nelton-Gonzalez-Rodriguez.jpeg?resize=350%2C200&ssl=1","width":350,"height":200,"srcset":"https:\/\/i0.wp.com\/lasprimeras.com.do\/wp-content\/uploads\/2023\/10\/Jose-Nelton-Gonzalez-Rodriguez.jpeg?resize=350%2C200&ssl=1 1x, https:\/\/i0.wp.com\/lasprimeras.com.do\/wp-content\/uploads\/2023\/10\/Jose-Nelton-Gonzalez-Rodriguez.jpeg?resize=525%2C300&ssl=1 1.5x, https:\/\/i0.wp.com\/lasprimeras.com.do\/wp-content\/uploads\/2023\/10\/Jose-Nelton-Gonzalez-Rodriguez.jpeg?resize=700%2C400&ssl=1 2x"},"classes":[]},{"id":103471,"url":"https:\/\/lasprimeras.com.do\/index.php\/2025\/07\/15\/anje-recibe-al-titular-del-intrant-para-socializar-el-plan-integrado-de-movilidad-urbana-del-gsd\/","url_meta":{"origin":49117,"position":5},"title":"ANJE recibe al titular del Intrant para socializar el &#8220;Plan Integrado de Movilidad Urbana&#8221; del GSD","author":"Nelson Feliz","date":"15 de julio de 2025","format":false,"excerpt":"ANJE comparti\u00f3 su visi\u00f3n sobre los desaf\u00edos estructurales que enfrenta el sistema de transporte. La Asociaci\u00f3n Nacional de J\u00f3venes Empresarios (ANJE) recibi\u00f3 al director ejecutivo del Instituto Nacional de Tr\u00e1nsito y Transporte Terrestre (Intrant), para la presentaci\u00f3n del Plan Integrado de Movilidad Urbana Sostenible del Gran Santo Domingo. Durante la\u2026","rel":"","context":"En \u00abECONOM\u00cdA\u00bb","block_context":{"text":"ECONOM\u00cdA","link":"https:\/\/lasprimeras.com.do\/index.php\/category\/economia\/"},"img":{"alt_text":"","src":"https:\/\/i0.wp.com\/lasprimeras.com.do\/wp-content\/uploads\/2025\/07\/ANJE.jpeg?resize=350%2C200&ssl=1","width":350,"height":200,"srcset":"https:\/\/i0.wp.com\/lasprimeras.com.do\/wp-content\/uploads\/2025\/07\/ANJE.jpeg?resize=350%2C200&ssl=1 1x, https:\/\/i0.wp.com\/lasprimeras.com.do\/wp-content\/uploads\/2025\/07\/ANJE.jpeg?resize=525%2C300&ssl=1 1.5x, https:\/\/i0.wp.com\/lasprimeras.com.do\/wp-content\/uploads\/2025\/07\/ANJE.jpeg?resize=700%2C400&ssl=1 2x"},"classes":[]}],"jetpack_sharing_enabled":true,"_links":{"self":[{"href":"https:\/\/lasprimeras.com.do\/index.php\/wp-json\/wp\/v2\/posts\/49117","targetHints":{"allow":["GET"]}}],"collection":[{"href":"https:\/\/lasprimeras.com.do\/index.php\/wp-json\/wp\/v2\/posts"}],"about":[{"href":"https:\/\/lasprimeras.com.do\/index.php\/wp-json\/wp\/v2\/types\/post"}],"author":[{"embeddable":true,"href":"https:\/\/lasprimeras.com.do\/index.php\/wp-json\/wp\/v2\/users\/1"}],"replies":[{"embeddable":true,"href":"https:\/\/lasprimeras.com.do\/index.php\/wp-json\/wp\/v2\/comments?post=49117"}],"version-history":[{"count":0,"href":"https:\/\/lasprimeras.com.do\/index.php\/wp-json\/wp\/v2\/posts\/49117\/revisions"}],"wp:featuredmedia":[{"embeddable":true,"href":"https:\/\/lasprimeras.com.do\/index.php\/wp-json\/"}],"wp:attachment":[{"href":"https:\/\/lasprimeras.com.do\/index.php\/wp-json\/wp\/v2\/media?parent=49117"}],"wp:term":[{"taxonomy":"category","embeddable":true,"href":"https:\/\/lasprimeras.com.do\/index.php\/wp-json\/wp\/v2\/categories?post=49117"},{"taxonomy":"post_tag","embeddable":true,"href":"https:\/\/lasprimeras.com.do\/index.php\/wp-json\/wp\/v2\/tags?post=49117"}],"curies":[{"name":"wp","href":"https:\/\/api.w.org\/{rel}","templated":true}]}}