{"id":49120,"date":"2023-05-08T06:17:51","date_gmt":"2023-05-08T10:17:51","guid":{"rendered":"https:\/\/atento.com.do\/?p=49120"},"modified":"2023-05-08T06:17:51","modified_gmt":"2023-05-08T10:17:51","slug":"suspenden-a-directora-provincial-de-salud-que-amenazo-con-cancelar-empleadas","status":"publish","type":"post","link":"https:\/\/lasprimeras.com.do\/index.php\/2023\/05\/08\/suspenden-a-directora-provincial-de-salud-que-amenazo-con-cancelar-empleadas\/","title":{"rendered":"Suspenden a directora provincial de Salud que amenaz\u00f3 con cancelar empleadas"},"content":{"rendered":"\n<p>El ministro de Salud P\u00fablica lo inform\u00f3 mediante un tuit.<\/p>\n\n\n\n<p><strong>Santo Domingo, RD.-. <\/strong>El ministro de Salud P\u00fablica, Daniel Rivera, dispuso la suspensi\u00f3n inmediata de la directora provincial de Salud de Barahona, luego de divulgarse un audio en el que la funcionaria amenaza con cancelar a las empleadas que no asistieran a una actividad del Partido Revolucionario Moderno (PRM).<\/p>\n\n\n\n<p>A trav\u00e9s de un tuit, Rivera inform\u00f3 la suspensi\u00f3n inmediata y calific\u00f3 de \u201cinaceptable\u201d lo hecho por la funcionaria.<\/p>\n\n\n\n<p>\u201cEn mi condici\u00f3n de ministro de Salud P\u00fablica, estamos disponiendo la suspensi\u00f3n inmediata de la doctora Thelma Batista, como directora provincial de salud, Barahona. He instruido a los departamentos correspondientes las acciones de lugar. \u00a1Sencillamente inaceptable!<\/p>\n\n\n\n<figure class=\"wp-block-image size-full\"><img decoding=\"async\" src=\"https:\/\/atento.com.do\/wp-content\/uploads\/2023\/05\/Fvj8Bl8XsAAQXd2.png\" alt=\"\" class=\"wp-image-49121\"\/><\/figure>\n\n\n\n<p>La ma\u00f1ana de este s\u00e1bado se divulg\u00f3 un audio de la doctora Batista en el cual amenaza a las mujeres que laboran en esa dependencia estatal de cancelarlas en caso de que no asistiera a una marcha en la capital.<\/p>\n\n\n\n<p>\u201cUstedes saben tengo el juego pesado\u201d. \u201cLas voy a mandar a cancelar a todas\u201d, fueron algunas de las amenazas escuchadas.<\/p>\n","protected":false},"excerpt":{"rendered":"<p>El ministro de Salud P\u00fablica lo inform\u00f3 mediante un tuit. Santo Domingo, RD.-. El ministro de Salud P\u00fablica, Daniel Rivera, dispuso la suspensi\u00f3n inmediata de la directora provincial de Salud&hellip;<\/p>\n","protected":false},"author":1,"featured_media":49121,"comment_status":"open","ping_status":"open","sticky":false,"template":"","format":"standard","meta":{"content-type":"","jetpack_post_was_ever_published":false,"_jetpack_newsletter_access":"","_jetpack_dont_email_post_to_subs":false,"_jetpack_newsletter_tier_id":0,"_jetpack_memberships_contains_paywalled_content":false,"_jetpack_memberships_contains_paid_content":false,"footnotes":""},"categories":[1],"tags":[809,810,811,812,813,814],"class_list":["post-49120","post","type-post","status-publish","format-standard","has-post-thumbnail","hentry","category-sin-categoria","tag-amenazo","tag-cancelar","tag-directora","tag-provincial","tag-salud","tag-suspenden"],"jetpack_featured_media_url":"","jetpack-related-posts":[{"id":49123,"url":"https:\/\/lasprimeras.com.do\/index.php\/2023\/05\/06\/directora-provincial-de-salud-amenaza-con-cancelar-empleadas-que-se-niegan-ir-a-marcha-del-prm\/","url_meta":{"origin":49120,"position":0},"title":"Directora provincial de Salud amenaza con cancelar empleadas que se niegan ir a marcha del PRM","author":"prenxa100","date":"6 de mayo de 2023","format":false,"excerpt":"\u201cUstedes saben tengo el juego pesado\u201d, fue una de las amenazas de la directora. BENNY RODR\u00cdGUEZ Barahona, RD-\u201cUstedes saben tengo el juego pesado\u201d. \u201cLas voy a mandar a cancelar a todas\u201d. Estas fueron las amenazas de la directora provincial de Salud de Barahona (DPS), Thelma Batista, a mujeres que laboran\u2026","rel":"","context":"En \u00abSin categor\u00eda\u00bb","block_context":{"text":"Sin categor\u00eda","link":"https:\/\/lasprimeras.com.do\/index.php\/category\/sin-categoria\/"},"img":{"alt_text":"","src":"","width":0,"height":0},"classes":[]},{"id":68232,"url":"https:\/\/lasprimeras.com.do\/index.php\/2023\/11\/22\/salud-publica-interviene-el-bajo-yuna-tras-inundaciones\/","url_meta":{"origin":49120,"position":1},"title":"Salud P\u00fablica interviene el Bajo Yuna tras inundaciones","author":"Nelson Feliz","date":"22 de noviembre de 2023","format":false,"excerpt":"El ministro de Salud P\u00fablica, Daniel Rivera, se traslad\u00f3 este mi\u00e9rcoles hasta la zona del Bajo Yuna, provincia Duarte, donde hizo un recorrido para constatar las condiciones de salubridad luego de las inundaciones causadas por las fuertes lluvias ca\u00eddas durante el pasado fin de semana. El funcionario dijo que en\u2026","rel":"","context":"En \u00abPORTADA\u00bb","block_context":{"text":"PORTADA","link":"https:\/\/lasprimeras.com.do\/index.php\/category\/portada\/"},"img":{"alt_text":"El ministro de Salud P\u00fablica y Asistencia Social, Daniel Rivera, hace recomendaciones a residentes en Barahona.","src":"https:\/\/i0.wp.com\/lasprimeras.com.do\/wp-content\/uploads\/2023\/11\/Daniel-Rivera.jpg?resize=350%2C200&ssl=1","width":350,"height":200,"srcset":"https:\/\/i0.wp.com\/lasprimeras.com.do\/wp-content\/uploads\/2023\/11\/Daniel-Rivera.jpg?resize=350%2C200&ssl=1 1x, https:\/\/i0.wp.com\/lasprimeras.com.do\/wp-content\/uploads\/2023\/11\/Daniel-Rivera.jpg?resize=525%2C300&ssl=1 1.5x, https:\/\/i0.wp.com\/lasprimeras.com.do\/wp-content\/uploads\/2023\/11\/Daniel-Rivera.jpg?resize=700%2C400&ssl=1 2x"},"classes":[]},{"id":99257,"url":"https:\/\/lasprimeras.com.do\/index.php\/2025\/05\/19\/cmd-suspende-marcha-llega-acuerdo-con-el-ministro-de-salud-y-el-director-del-sns\/","url_meta":{"origin":49120,"position":2},"title":"CMD suspende marcha, llega acuerdo con el Ministro de Salud y el Director del SNS","author":"Nelson Feliz","date":"19 de mayo de 2025","format":false,"excerpt":"El presidente del Colegio M\u00e9dico Dominicano Dr. Waldo Ariel Suero, inform\u00f3 hoy que el gremio m\u00e9dico se reuni\u00f3 con el Ministro de Salud P\u00fablica Dr. V\u00edctor Atallah y el Director del SNS Dr. Mario Lama en el Ministerio de Salud; llegando al siguiente acuerdo: 1ero. El CMD suspende la marcha\u2026","rel":"","context":"En \u00abPORTADA\u00bb","block_context":{"text":"PORTADA","link":"https:\/\/lasprimeras.com.do\/index.php\/category\/portada\/"},"img":{"alt_text":"Junta Directiva Nacional del CMD","src":"https:\/\/i0.wp.com\/lasprimeras.com.do\/wp-content\/uploads\/2025\/05\/Junta-Directiva-Nacional-del-CMD.jpg?resize=350%2C200&ssl=1","width":350,"height":200,"srcset":"https:\/\/i0.wp.com\/lasprimeras.com.do\/wp-content\/uploads\/2025\/05\/Junta-Directiva-Nacional-del-CMD.jpg?resize=350%2C200&ssl=1 1x, https:\/\/i0.wp.com\/lasprimeras.com.do\/wp-content\/uploads\/2025\/05\/Junta-Directiva-Nacional-del-CMD.jpg?resize=525%2C300&ssl=1 1.5x, https:\/\/i0.wp.com\/lasprimeras.com.do\/wp-content\/uploads\/2025\/05\/Junta-Directiva-Nacional-del-CMD.jpg?resize=700%2C400&ssl=1 2x"},"classes":[]},{"id":88084,"url":"https:\/\/lasprimeras.com.do\/index.php\/2024\/08\/21\/dejan-sin-efecto-cancelaciones-de-medicos-del-mispas\/","url_meta":{"origin":49120,"position":3},"title":"Dejan sin efecto cancelaciones de m\u00e9dicos del MISPAS","author":"Nelson Feliz","date":"21 de agosto de 2024","format":false,"excerpt":"El presidente del Colegio M\u00e9dico Dominicano (CMD) Dr. Waldo Suero y el ministro de Salud P\u00fablica (MISPAS) V\u00edctor Atallah, realizaron una reuni\u00f3n donde se trataron t\u00f3picos principalmente por algunas cancelaciones de m\u00e9dicos. El CMD hab\u00eda denunciados por algunas cancelaciones de m\u00e9dicos las cuales fueron revertidas a trav\u00e9s de esta reuni\u00f3n.\u2026","rel":"","context":"En \u00abSin categor\u00eda\u00bb","block_context":{"text":"Sin categor\u00eda","link":"https:\/\/lasprimeras.com.do\/index.php\/category\/sin-categoria\/"},"img":{"alt_text":"medicos","src":"https:\/\/i0.wp.com\/lasprimeras.com.do\/wp-content\/uploads\/2024\/08\/medicos.jpg?resize=350%2C200&ssl=1","width":350,"height":200,"srcset":"https:\/\/i0.wp.com\/lasprimeras.com.do\/wp-content\/uploads\/2024\/08\/medicos.jpg?resize=350%2C200&ssl=1 1x, https:\/\/i0.wp.com\/lasprimeras.com.do\/wp-content\/uploads\/2024\/08\/medicos.jpg?resize=525%2C300&ssl=1 1.5x, https:\/\/i0.wp.com\/lasprimeras.com.do\/wp-content\/uploads\/2024\/08\/medicos.jpg?resize=700%2C400&ssl=1 2x"},"classes":[]},{"id":66563,"url":"https:\/\/lasprimeras.com.do\/index.php\/2023\/11\/08\/unos-28-funcionarios-han-sido-cancelados-por-el-presidente-luis-abinader\/","url_meta":{"origin":49120,"position":4},"title":"Unos 28 funcionarios han sido cancelados por el presidente Luis Abinader","author":"BIMARY DE JES\u00daS Matos","date":"8 de noviembre de 2023","format":false,"excerpt":"Santo Domingo.-El presidente Luis Abinader ha destituido al menos 28 funcionarios de primer nivel, incluida la reciente suspensi\u00f3n y cancelaci\u00f3n de los directores del Acuario Nacional y del Consejo Nacional de Promoci\u00f3n y Apoyo a la Micro, Peque\u00f1a y Mediana Empresa (Promipyme), vinculados a distintas denuncias de irregularidades. En el\u2026","rel":"","context":"En \u00abNACIONALES\u00bb","block_context":{"text":"NACIONALES","link":"https:\/\/lasprimeras.com.do\/index.php\/category\/nacionales\/"},"img":{"alt_text":"","src":"https:\/\/i0.wp.com\/lasprimeras.com.do\/wp-content\/uploads\/2023\/11\/diadeleyendas-1.jpg?resize=350%2C200&ssl=1","width":350,"height":200,"srcset":"https:\/\/i0.wp.com\/lasprimeras.com.do\/wp-content\/uploads\/2023\/11\/diadeleyendas-1.jpg?resize=350%2C200&ssl=1 1x, https:\/\/i0.wp.com\/lasprimeras.com.do\/wp-content\/uploads\/2023\/11\/diadeleyendas-1.jpg?resize=525%2C300&ssl=1 1.5x"},"classes":[]},{"id":65671,"url":"https:\/\/lasprimeras.com.do\/index.php\/2023\/10\/30\/salud-publica-fortalece-normas-y-estrategias-para-continuar-la-prevencion-del-dengue\/","url_meta":{"origin":49120,"position":5},"title":"Salud P\u00fablica fortalece normas y estrategias para continuar la prevenci\u00f3n del dengue","author":"Nelson Feliz","date":"30 de octubre de 2023","format":false,"excerpt":"Por Roberto P\u00e9rez El ministro de Salud P\u00fablica, doctor Daniel Rivera, se reuni\u00f3 con los directores provinciales de salud, directores de los hospitales locales de esta provincia y representantes de la Asociaci\u00f3n Dominicana de Facultades y Escuelas de Medicina (ADOFEM). Rivera, dej\u00f3 creada una comisi\u00f3n de especialistas de pediatr\u00eda, con\u2026","rel":"","context":"En \u00abSin categor\u00eda\u00bb","block_context":{"text":"Sin categor\u00eda","link":"https:\/\/lasprimeras.com.do\/index.php\/category\/sin-categoria\/"},"img":{"alt_text":"Daniel Rivera","src":"https:\/\/i0.wp.com\/lasprimeras.com.do\/wp-content\/uploads\/2023\/07\/Daniel-Rivera-1.jpg?resize=350%2C200&ssl=1","width":350,"height":200,"srcset":"https:\/\/i0.wp.com\/lasprimeras.com.do\/wp-content\/uploads\/2023\/07\/Daniel-Rivera-1.jpg?resize=350%2C200&ssl=1 1x, https:\/\/i0.wp.com\/lasprimeras.com.do\/wp-content\/uploads\/2023\/07\/Daniel-Rivera-1.jpg?resize=525%2C300&ssl=1 1.5x"},"classes":[]}],"jetpack_sharing_enabled":true,"_links":{"self":[{"href":"https:\/\/lasprimeras.com.do\/index.php\/wp-json\/wp\/v2\/posts\/49120","targetHints":{"allow":["GET"]}}],"collection":[{"href":"https:\/\/lasprimeras.com.do\/index.php\/wp-json\/wp\/v2\/posts"}],"about":[{"href":"https:\/\/lasprimeras.com.do\/index.php\/wp-json\/wp\/v2\/types\/post"}],"author":[{"embeddable":true,"href":"https:\/\/lasprimeras.com.do\/index.php\/wp-json\/wp\/v2\/users\/1"}],"replies":[{"embeddable":true,"href":"https:\/\/lasprimeras.com.do\/index.php\/wp-json\/wp\/v2\/comments?post=49120"}],"version-history":[{"count":0,"href":"https:\/\/lasprimeras.com.do\/index.php\/wp-json\/wp\/v2\/posts\/49120\/revisions"}],"wp:featuredmedia":[{"embeddable":true,"href":"https:\/\/lasprimeras.com.do\/index.php\/wp-json\/"}],"wp:attachment":[{"href":"https:\/\/lasprimeras.com.do\/index.php\/wp-json\/wp\/v2\/media?parent=49120"}],"wp:term":[{"taxonomy":"category","embeddable":true,"href":"https:\/\/lasprimeras.com.do\/index.php\/wp-json\/wp\/v2\/categories?post=49120"},{"taxonomy":"post_tag","embeddable":true,"href":"https:\/\/lasprimeras.com.do\/index.php\/wp-json\/wp\/v2\/tags?post=49120"}],"curies":[{"name":"wp","href":"https:\/\/api.w.org\/{rel}","templated":true}]}}