{"id":49136,"date":"2023-05-08T08:06:16","date_gmt":"2023-05-08T12:06:16","guid":{"rendered":"https:\/\/atento.com.do\/?p=49136"},"modified":"2023-05-08T08:06:16","modified_gmt":"2023-05-08T12:06:16","slug":"abel-martinez-estamos-trabajando-para-garantizar-un-futuro-prometedor","status":"publish","type":"post","link":"https:\/\/lasprimeras.com.do\/index.php\/2023\/05\/08\/abel-martinez-estamos-trabajando-para-garantizar-un-futuro-prometedor\/","title":{"rendered":"Abel Mart\u00ednez: \u00abEstamos trabajando para garantizar un futuro prometedor\u00bb"},"content":{"rendered":"\n<p>Hato Mayor.- El aspirante presidencial por el Partido de la Liberaci\u00f3n Dominicana (PLD), Abel Mart\u00ednez, realiz\u00f3 un recorrido por la provincia de Hato Mayor, en el que asegur\u00f3 estar trabajando para \u00abgarantizar un futuro prometedor, de bienestar\u00bb en la Rep\u00fablica Dominicana.<\/p>\n\n\n\n<p>\u201cAnte las necesidades que est\u00e1n atravesando los dominicanos en Hato Mayor y en todo el pa\u00eds por el alto costo de los alimentos, la alta tasa de desempleo; por la ausencia de acciones efectivas contra la delincuencia que nos arropa y ante la falta de apoyo a los sectores productivos. Yo les digo: mi compromiso con cada uno de ustedes es inquebrantable\u00bb, indic\u00f3 Mart\u00ednez.<\/p>\n\n\n\n<p>Durante el recorrido, mart\u00ednez escuch\u00f3 las inquietudes de los ciudadanos y sectores productivos a quienes manifest\u00f3 que ya falta poco para que vuelvan las oportunidades para todas y todos los dominicanos.<\/p>\n\n\n\n<p>Mart\u00ednez precis\u00f3 que una forma de combatir la delincuencia es dar oportunidades a la juventud, a la mujer y al hombre de trabajo, para que puedan tener acceso a empleos dignos, a emprender sus negocios.<\/p>\n\n\n\n<p>El l\u00edder de la oposici\u00f3n destac\u00f3 que, si la ciudad de Santiago presenta hoy los niveles de orden, limpieza, transparencia y desarrollo es porque lo que promete lo cumple y que es lo que har\u00e1 cuando asuma la presidencia en el 2024.<\/p>\n\n\n\n<p>\u201cNuestro compromiso es colocar a la Rep\u00fablica Dominicana en un sitial que despierte el orgullo de todos los dominicanos y lo lograremos, porque yo estar\u00e9 contigo mujer dominicana, contigo joven, contigo hombre trabajador y contigo que trabajas en el campo\u00bb, dijo.<\/p>\n\n\n\n<p>\u00abTienen en Abel Mart\u00ednez un aliado. Nuestro pa\u00eds es extraordinario, pero ha tenido el infortunio de ser mal administrado. El compromiso que tenemos es sagrado y juntos vamos a devolverle la alegr\u00eda, la felicidad y la dignidad a todo un pueblo que es merecedor de promesas que se cumplan\u201d, expres\u00f3 Mart\u00ednez.<\/p>\n","protected":false},"excerpt":{"rendered":"<p>Hato Mayor.- El aspirante presidencial por el Partido de la Liberaci\u00f3n Dominicana (PLD), Abel Mart\u00ednez, realiz\u00f3 un recorrido por la provincia de Hato Mayor, en el que asegur\u00f3 estar trabajando&hellip;<\/p>\n","protected":false},"author":1,"featured_media":49137,"comment_status":"open","ping_status":"open","sticky":false,"template":"","format":"standard","meta":{"content-type":"","jetpack_post_was_ever_published":false,"_jetpack_newsletter_access":"","_jetpack_dont_email_post_to_subs":false,"_jetpack_newsletter_tier_id":0,"_jetpack_memberships_contains_paywalled_content":false,"_jetpack_memberships_contains_paid_content":false,"footnotes":""},"categories":[1],"tags":[822],"class_list":["post-49136","post","type-post","status-publish","format-standard","has-post-thumbnail","hentry","category-sin-categoria","tag-abel-martinez"],"jetpack_featured_media_url":"","jetpack-related-posts":[{"id":103532,"url":"https:\/\/lasprimeras.com.do\/index.php\/2025\/07\/16\/abel-martinez-denuncia-falta-de-cupo-en-escuelas-publicas-para-hijos-de-dominicanos\/","url_meta":{"origin":49136,"position":0},"title":"Abel Mart\u00ednez denuncia falta de cupo en escuelas p\u00fablicas para hijos de dominicanos","author":"Nelson Feliz","date":"16 de julio de 2025","format":false,"excerpt":"El exalcalde de Santiago de los Caballeros Abel Mart\u00ednez, miembro del Comit\u00e9 Pol\u00edtico del Partido de la Liberaci\u00f3n Dominicana (PLD) expres\u00f3 su profunda preocupaci\u00f3n ante las m\u00faltiples denuncias de padres dominicanos que no han podido inscribir a sus hijos en escuelas p\u00fablicas por falta de cupos disponibles, una situaci\u00f3n que\u2026","rel":"","context":"En \u00abPOLITICA\u00bb","block_context":{"text":"POLITICA","link":"https:\/\/lasprimeras.com.do\/index.php\/category\/politica\/"},"img":{"alt_text":"Abel Mart\u00ednez","src":"https:\/\/i0.wp.com\/lasprimeras.com.do\/wp-content\/uploads\/2025\/07\/Abel-Martinez.jpg?resize=350%2C200&ssl=1","width":350,"height":200,"srcset":"https:\/\/i0.wp.com\/lasprimeras.com.do\/wp-content\/uploads\/2025\/07\/Abel-Martinez.jpg?resize=350%2C200&ssl=1 1x, https:\/\/i0.wp.com\/lasprimeras.com.do\/wp-content\/uploads\/2025\/07\/Abel-Martinez.jpg?resize=525%2C300&ssl=1 1.5x, https:\/\/i0.wp.com\/lasprimeras.com.do\/wp-content\/uploads\/2025\/07\/Abel-Martinez.jpg?resize=700%2C400&ssl=1 2x"},"classes":[]},{"id":109804,"url":"https:\/\/lasprimeras.com.do\/index.php\/2025\/09\/20\/abel-martinez-el-hoyo-corrupto-en-senasa-solo-es-equiparable-al-hoyo-ineficiente-del-sector-electrico\/","url_meta":{"origin":49136,"position":1},"title":"Abel Mart\u00ednez: \u201cEl hoyo corrupto en SENASA\u201d solo es equiparable al hoyo ineficiente del sector el\u00e9ctrico","author":"Nelson Feliz","date":"20 de septiembre de 2025","format":false,"excerpt":"El miembro del Comit\u00e9 Pol\u00edtico del Partido de la Liberaci\u00f3n Dominicana (PLD), Abel Mart\u00ednez, calific\u00f3 como un verdadero abismo de corrupci\u00f3n el esc\u00e1ndalo en SENASA, se\u00f1alando que ese \u201choyo criminal contra el erario\u201d solo puede compararse con el \u201choyo ineficiente y sin fondo\u201d del sector el\u00e9ctrico dominicano. Mart\u00ednez demand\u00f3 que\u2026","rel":"","context":"En \u00abPOLITICA\u00bb","block_context":{"text":"POLITICA","link":"https:\/\/lasprimeras.com.do\/index.php\/category\/politica\/"},"img":{"alt_text":"","src":"https:\/\/i0.wp.com\/lasprimeras.com.do\/wp-content\/uploads\/2025\/09\/Abel-Martinez.jpg?resize=350%2C200&ssl=1","width":350,"height":200,"srcset":"https:\/\/i0.wp.com\/lasprimeras.com.do\/wp-content\/uploads\/2025\/09\/Abel-Martinez.jpg?resize=350%2C200&ssl=1 1x, https:\/\/i0.wp.com\/lasprimeras.com.do\/wp-content\/uploads\/2025\/09\/Abel-Martinez.jpg?resize=525%2C300&ssl=1 1.5x, https:\/\/i0.wp.com\/lasprimeras.com.do\/wp-content\/uploads\/2025\/09\/Abel-Martinez.jpg?resize=700%2C400&ssl=1 2x"},"classes":[]},{"id":121192,"url":"https:\/\/lasprimeras.com.do\/index.php\/2026\/02\/02\/abel-martinez-sugiere-fortalecer-unidad-y-garantizar-competitividad-del-pld-rumbo-a-2028\/","url_meta":{"origin":49136,"position":2},"title":"Abel Mart\u00ednez sugiere fortalecer unidad y garantizar competitividad del PLD rumbo a 2028","author":"Nelson Feliz","date":"2 de febrero de 2026","format":false,"excerpt":"El excandidato presidencial del Partido de la Liberaci\u00f3n Dominicana (PLD), Abel Mart\u00ednez, plante\u00f3 una propuesta pol\u00edtica orientada a preservar la unidad interna del Partido y colocarlo en condiciones reales de competitividad de cara a las elecciones de 2028, apelando a la madurez, la armon\u00eda y la visi\u00f3n estrat\u00e9gica. Mart\u00ednez explic\u00f3\u2026","rel":"","context":"En \u00abPOLITICA\u00bb","block_context":{"text":"POLITICA","link":"https:\/\/lasprimeras.com.do\/index.php\/category\/politica\/"},"img":{"alt_text":"Abel Mart\u00ednez","src":"https:\/\/i0.wp.com\/lasprimeras.com.do\/wp-content\/uploads\/2025\/12\/Abel-Martinez-1.jpg?resize=350%2C200&ssl=1","width":350,"height":200,"srcset":"https:\/\/i0.wp.com\/lasprimeras.com.do\/wp-content\/uploads\/2025\/12\/Abel-Martinez-1.jpg?resize=350%2C200&ssl=1 1x, https:\/\/i0.wp.com\/lasprimeras.com.do\/wp-content\/uploads\/2025\/12\/Abel-Martinez-1.jpg?resize=525%2C300&ssl=1 1.5x, https:\/\/i0.wp.com\/lasprimeras.com.do\/wp-content\/uploads\/2025\/12\/Abel-Martinez-1.jpg?resize=700%2C400&ssl=1 2x"},"classes":[]},{"id":72310,"url":"https:\/\/lasprimeras.com.do\/index.php\/2023\/12\/28\/abel-inicia-recorrido-de-fin-de-ano-en-santiago\/","url_meta":{"origin":49136,"position":3},"title":"Abel inicia recorrido de fin de a\u00f1o en Santiago","author":"BIMARY DE JES\u00daS Matos","date":"28 de diciembre de 2023","format":false,"excerpt":"Santo Domingo.-El candidato presidencial del Partido de la Liberaci\u00f3n Dominicana (PLD), Abel Mart\u00ednez, inici\u00f3 este jueves una jornada de visitas a dirigentes y candidatos a alcaldes de la provincia Santiago. Mart\u00ednez lleg\u00f3 a Hato del Yaque, donde comparti\u00f3 con el candidato a director municipal, Juan P\u00e9rez y su familia; all\u00ed,\u2026","rel":"","context":"En \u00abSin categor\u00eda\u00bb","block_context":{"text":"Sin categor\u00eda","link":"https:\/\/lasprimeras.com.do\/index.php\/category\/sin-categoria\/"},"img":{"alt_text":"","src":"https:\/\/i0.wp.com\/lasprimeras.com.do\/wp-content\/uploads\/2023\/12\/Noticias-de-energia-2023-12-28T121501.441-1.jpg?resize=350%2C200&ssl=1","width":350,"height":200,"srcset":"https:\/\/i0.wp.com\/lasprimeras.com.do\/wp-content\/uploads\/2023\/12\/Noticias-de-energia-2023-12-28T121501.441-1.jpg?resize=350%2C200&ssl=1 1x, https:\/\/i0.wp.com\/lasprimeras.com.do\/wp-content\/uploads\/2023\/12\/Noticias-de-energia-2023-12-28T121501.441-1.jpg?resize=525%2C300&ssl=1 1.5x"},"classes":[]},{"id":102677,"url":"https:\/\/lasprimeras.com.do\/index.php\/2025\/07\/07\/abel-martinez-afirma-que-el-gobierno-volvio-a-bajar-la-guardia-en-la-frontera\/","url_meta":{"origin":49136,"position":4},"title":"Abel Mart\u00ednez afirma que el Gobierno volvi\u00f3 a bajar la guardia en la frontera","author":"Nelson Feliz","date":"7 de julio de 2025","format":false,"excerpt":"Mart\u00ednez dice el negocio de las mafias sigue vivo en la frontera. El miembro del Comit\u00e9 Politico del Partido de la Liberaci\u00f3n Dominicana(PLD) Abel Mart\u00ednez, se pronunci\u00f3 nuevamente sobre la problem\u00e1tica de la falta de controles migratorios reales. Mart\u00ednez, asegur\u00f3 que, aunque el gobierno dominicano anunci\u00f3 con entusiasmo una serie\u2026","rel":"","context":"En \u00abPOLITICA\u00bb","block_context":{"text":"POLITICA","link":"https:\/\/lasprimeras.com.do\/index.php\/category\/politica\/"},"img":{"alt_text":"","src":"https:\/\/i0.wp.com\/lasprimeras.com.do\/wp-content\/uploads\/2025\/07\/abel.jpg?resize=350%2C200&ssl=1","width":350,"height":200,"srcset":"https:\/\/i0.wp.com\/lasprimeras.com.do\/wp-content\/uploads\/2025\/07\/abel.jpg?resize=350%2C200&ssl=1 1x, https:\/\/i0.wp.com\/lasprimeras.com.do\/wp-content\/uploads\/2025\/07\/abel.jpg?resize=525%2C300&ssl=1 1.5x, https:\/\/i0.wp.com\/lasprimeras.com.do\/wp-content\/uploads\/2025\/07\/abel.jpg?resize=700%2C400&ssl=1 2x"},"classes":[]},{"id":82592,"url":"https:\/\/lasprimeras.com.do\/index.php\/2024\/05\/05\/abel-martinez-el-19-de-mayo-provocaremos-un-desbordamiento-de-votos-que-transformara-toda-rd-video\/","url_meta":{"origin":49136,"position":5},"title":"Abel Mart\u00ednez: \u201cEl 19 de mayo provocaremos un desbordamiento de votos que transformar\u00e1 toda RD\u201d | Video","author":"Esteffany Vargas","date":"5 de mayo de 2024","format":false,"excerpt":"Mart\u00ednez expres\u00f3 que, al asumir la Presidencia de la Rep\u00fablica, se compromete a tomar medidas inmediatas para fortalecer el apoyo a las familias m\u00e1s vulnerables y dijo que quienes reciben actualmente el beneficio de la tarjeta Sup\u00e9rate, no solo la mantendr\u00e1n, sino que, adem\u00e1s, ser\u00e1n aumentadas a ocho mil pesos.\u2026","rel":"","context":"En \u00abSin categor\u00eda\u00bb","block_context":{"text":"Sin categor\u00eda","link":"https:\/\/lasprimeras.com.do\/index.php\/category\/sin-categoria\/"},"img":{"alt_text":"Abel Mart\u00ednez","src":"https:\/\/i0.wp.com\/lasprimeras.com.do\/wp-content\/uploads\/2024\/05\/Abel-Martinez-1.jpeg?resize=350%2C200&ssl=1","width":350,"height":200,"srcset":"https:\/\/i0.wp.com\/lasprimeras.com.do\/wp-content\/uploads\/2024\/05\/Abel-Martinez-1.jpeg?resize=350%2C200&ssl=1 1x, https:\/\/i0.wp.com\/lasprimeras.com.do\/wp-content\/uploads\/2024\/05\/Abel-Martinez-1.jpeg?resize=525%2C300&ssl=1 1.5x, https:\/\/i0.wp.com\/lasprimeras.com.do\/wp-content\/uploads\/2024\/05\/Abel-Martinez-1.jpeg?resize=700%2C400&ssl=1 2x, https:\/\/i0.wp.com\/lasprimeras.com.do\/wp-content\/uploads\/2024\/05\/Abel-Martinez-1.jpeg?resize=1050%2C600&ssl=1 3x, https:\/\/i0.wp.com\/lasprimeras.com.do\/wp-content\/uploads\/2024\/05\/Abel-Martinez-1.jpeg?resize=1400%2C800&ssl=1 4x"},"classes":[]}],"jetpack_sharing_enabled":true,"_links":{"self":[{"href":"https:\/\/lasprimeras.com.do\/index.php\/wp-json\/wp\/v2\/posts\/49136","targetHints":{"allow":["GET"]}}],"collection":[{"href":"https:\/\/lasprimeras.com.do\/index.php\/wp-json\/wp\/v2\/posts"}],"about":[{"href":"https:\/\/lasprimeras.com.do\/index.php\/wp-json\/wp\/v2\/types\/post"}],"author":[{"embeddable":true,"href":"https:\/\/lasprimeras.com.do\/index.php\/wp-json\/wp\/v2\/users\/1"}],"replies":[{"embeddable":true,"href":"https:\/\/lasprimeras.com.do\/index.php\/wp-json\/wp\/v2\/comments?post=49136"}],"version-history":[{"count":0,"href":"https:\/\/lasprimeras.com.do\/index.php\/wp-json\/wp\/v2\/posts\/49136\/revisions"}],"wp:featuredmedia":[{"embeddable":true,"href":"https:\/\/lasprimeras.com.do\/index.php\/wp-json\/"}],"wp:attachment":[{"href":"https:\/\/lasprimeras.com.do\/index.php\/wp-json\/wp\/v2\/media?parent=49136"}],"wp:term":[{"taxonomy":"category","embeddable":true,"href":"https:\/\/lasprimeras.com.do\/index.php\/wp-json\/wp\/v2\/categories?post=49136"},{"taxonomy":"post_tag","embeddable":true,"href":"https:\/\/lasprimeras.com.do\/index.php\/wp-json\/wp\/v2\/tags?post=49136"}],"curies":[{"name":"wp","href":"https:\/\/api.w.org\/{rel}","templated":true}]}}