{"id":49147,"date":"2023-05-08T10:46:06","date_gmt":"2023-05-08T14:46:06","guid":{"rendered":"https:\/\/atento.com.do\/?p=49147"},"modified":"2023-05-08T10:46:06","modified_gmt":"2023-05-08T14:46:06","slug":"vicepresidente-de-finjus-lo-que-sucede-en-la-camara-de-cuentas-llama-a-preocupacion","status":"publish","type":"post","link":"https:\/\/lasprimeras.com.do\/index.php\/2023\/05\/08\/vicepresidente-de-finjus-lo-que-sucede-en-la-camara-de-cuentas-llama-a-preocupacion\/","title":{"rendered":"Vicepresidente de Finjus: &#8220;Lo que sucede en la C\u00e1mara de Cuentas llama a preocupaci\u00f3n&#8221;"},"content":{"rendered":"\n<p><strong>Santo Domingo.-.<\/strong>El vicepresidente ejecutivo de la Fundaci\u00f3n Institucionalidad y Justicia, Servio Tulio Casta\u00f1os Guzm\u00e1n, declar\u00f3 que los hechos que suceden en la C\u00e1mara de Cuentas llama a preocupaci\u00f3n.<\/p>\n\n\n\n<p>Casta\u00f1os Guzm\u00e1n, sostuvo que es inconcebible que un \u00f3rgano de control como la C\u00e1mara de Cuentas est\u00e9 inmersa en una situaci\u00f3n escandalosa.<\/p>\n\n\n\n<p>El directivo de la entidad de la sociedad civil, calific\u00f3 de grave lo expuesto por el presidente de la C\u00e1mara de Cuentas de que se vio obligado violar la ley y la Constituci\u00f3n de la Rep\u00fablica.<\/p>\n\n\n\n<p>Servio Tulio Casta\u00f1os Guzm\u00e1n, entiende que en la C\u00e1mara de Cuentas existe una disputa entre dos grupos.<\/p>\n","protected":false},"excerpt":{"rendered":"<p>Santo Domingo.-.El vicepresidente ejecutivo de la Fundaci\u00f3n Institucionalidad y Justicia, Servio Tulio Casta\u00f1os Guzm\u00e1n, declar\u00f3 que los hechos que suceden en la C\u00e1mara de Cuentas llama a preocupaci\u00f3n. Casta\u00f1os Guzm\u00e1n,&hellip;<\/p>\n","protected":false},"author":1,"featured_media":49161,"comment_status":"open","ping_status":"open","sticky":false,"template":"","format":"standard","meta":{"content-type":"","jetpack_post_was_ever_published":false,"_jetpack_newsletter_access":"","_jetpack_dont_email_post_to_subs":false,"_jetpack_newsletter_tier_id":0,"_jetpack_memberships_contains_paywalled_content":false,"_jetpack_memberships_contains_paid_content":false,"footnotes":""},"categories":[35,25],"tags":[340,828,829,830,729],"class_list":["post-49147","post","type-post","status-publish","format-standard","has-post-thumbnail","hentry","category-nacionales","category-portada","tag-camara-de-cuentas","tag-finjus","tag-preocupacion","tag-sucede","tag-vicepresidente"],"jetpack_featured_media_url":"","jetpack-related-posts":[{"id":62877,"url":"https:\/\/lasprimeras.com.do\/index.php\/2023\/10\/08\/vicepresidente-de-finjus-advierte-no-es-legal-resumir-lectura-de-acusaciones-en-juicio\/","url_meta":{"origin":49147,"position":0},"title":"Vicepresidente de Finjus advierte no es legal resumir lectura de acusaciones en juicio","author":"Nelson Feliz","date":"8 de octubre de 2023","format":false,"excerpt":"El vicepresidente ejecutivo de la Fundaci\u00f3n Institucionalidad y Justicia (Finjus), Servio Tulio Casta\u00f1os, consider\u00f3 que el ministerio p\u00fablico debe tener cuidado con solicitudes como aquella de resumir la lectura de la acusaci\u00f3n a imputados a los que se les ventilas procesos judiciales, porque hay que preservar el derecho de los\u2026","rel":"","context":"En \u00abNACIONALES\u00bb","block_context":{"text":"NACIONALES","link":"https:\/\/lasprimeras.com.do\/index.php\/category\/nacionales\/"},"img":{"alt_text":"Servio Tulio Casta\u00f1os","src":"https:\/\/i0.wp.com\/lasprimeras.com.do\/wp-content\/uploads\/2023\/10\/Servio-Tulio-Castanos.jpg?resize=350%2C200&ssl=1","width":350,"height":200,"srcset":"https:\/\/i0.wp.com\/lasprimeras.com.do\/wp-content\/uploads\/2023\/10\/Servio-Tulio-Castanos.jpg?resize=350%2C200&ssl=1 1x, https:\/\/i0.wp.com\/lasprimeras.com.do\/wp-content\/uploads\/2023\/10\/Servio-Tulio-Castanos.jpg?resize=525%2C300&ssl=1 1.5x, https:\/\/i0.wp.com\/lasprimeras.com.do\/wp-content\/uploads\/2023\/10\/Servio-Tulio-Castanos.jpg?resize=700%2C400&ssl=1 2x"},"classes":[]},{"id":64384,"url":"https:\/\/lasprimeras.com.do\/index.php\/2023\/10\/19\/finjus-califica-como-un-acto-crueldad-mantener-en-prision-a-personas-mientras-el-mp-investiga-caso\/","url_meta":{"origin":49147,"position":1},"title":"FINJUS califica como un acto crueldad mantener en prisi\u00f3n a personas mientras el MP investiga caso\u00a0","author":"Nelson Feliz","date":"19 de octubre de 2023","format":false,"excerpt":"Dice caso de ex ministro de la Presidencia Jos\u00e9 Ram\u00f3n Peralta hay que analizarlo. El vicepresidente ejecutivo de la Fundaci\u00f3n Institucionalidad y Justicia (FINJUS) Servio Tulio Casta\u00f1os Guzm\u00e1n calific\u00f3 hoy como un acto de crueldad que se mantenga en prisi\u00f3n a personas, mientras el Ministerio P\u00fablico realiza la investigaci\u00f3n del\u2026","rel":"","context":"En \u00abNACIONALES\u00bb","block_context":{"text":"NACIONALES","link":"https:\/\/lasprimeras.com.do\/index.php\/category\/nacionales\/"},"img":{"alt_text":"Servio Tulio Casta\u00f1os Guzm\u00e1n","src":"https:\/\/i0.wp.com\/lasprimeras.com.do\/wp-content\/uploads\/2023\/10\/Servio-Tulio-Castanos-Guzman.jpg?resize=350%2C200&ssl=1","width":350,"height":200,"srcset":"https:\/\/i0.wp.com\/lasprimeras.com.do\/wp-content\/uploads\/2023\/10\/Servio-Tulio-Castanos-Guzman.jpg?resize=350%2C200&ssl=1 1x, https:\/\/i0.wp.com\/lasprimeras.com.do\/wp-content\/uploads\/2023\/10\/Servio-Tulio-Castanos-Guzman.jpg?resize=525%2C300&ssl=1 1.5x, https:\/\/i0.wp.com\/lasprimeras.com.do\/wp-content\/uploads\/2023\/10\/Servio-Tulio-Castanos-Guzman.jpg?resize=700%2C400&ssl=1 2x"},"classes":[]},{"id":98282,"url":"https:\/\/lasprimeras.com.do\/index.php\/2025\/05\/06\/finjus-respalda-nueva-ley-de-libertad-de-expresion-y-destaca-avances-en-proteccion-de-derechos\/","url_meta":{"origin":49147,"position":2},"title":"Finjus respalda nueva Ley de Libertad de Expresi\u00f3n y destaca avances en protecci\u00f3n de derechos","author":"Nelson Feliz","date":"6 de mayo de 2025","format":false,"excerpt":"Finjus tambi\u00e9n resalt\u00f3 la atenci\u00f3n especial que la ley otorga a la protecci\u00f3n de ni\u00f1os, ni\u00f1as y adolescentes en el entorno digital. La Fundaci\u00f3n Institucionalidad y Justicia (Finjus) expres\u00f3 su respaldo al proyecto de Ley de Libertad de Expresi\u00f3n, Medios Audiovisuales y Plataformas Digitales, actualmente en estudio en el Senado\u2026","rel":"","context":"En \u00abNACIONALES\u00bb","block_context":{"text":"NACIONALES","link":"https:\/\/lasprimeras.com.do\/index.php\/category\/nacionales\/"},"img":{"alt_text":"Servio Tulio Casta\u00f1os","src":"https:\/\/i0.wp.com\/lasprimeras.com.do\/wp-content\/uploads\/2023\/10\/Servio-Tulio-Castanos.jpg?resize=350%2C200&ssl=1","width":350,"height":200,"srcset":"https:\/\/i0.wp.com\/lasprimeras.com.do\/wp-content\/uploads\/2023\/10\/Servio-Tulio-Castanos.jpg?resize=350%2C200&ssl=1 1x, https:\/\/i0.wp.com\/lasprimeras.com.do\/wp-content\/uploads\/2023\/10\/Servio-Tulio-Castanos.jpg?resize=525%2C300&ssl=1 1.5x, https:\/\/i0.wp.com\/lasprimeras.com.do\/wp-content\/uploads\/2023\/10\/Servio-Tulio-Castanos.jpg?resize=700%2C400&ssl=1 2x"},"classes":[]},{"id":85653,"url":"https:\/\/lasprimeras.com.do\/index.php\/2024\/07\/04\/congreso-nacional-inicia-taller-de-induccion-a-legisladores-electos-durante-elecciones-del-2024\/","url_meta":{"origin":49147,"position":3},"title":"Congreso Nacional inicia taller de inducci\u00f3n a legisladores electos durante elecciones del 2024","author":"Nelson Feliz","date":"4 de julio de 2024","format":false,"excerpt":"El Congreso Nacional inici\u00f3 este jueves el taller de inducci\u00f3n a los legisladores que resultaron electos en los comicios presidenciales y congresuales del pasado 19 de mayo. El acto est\u00e1 siendo desarrollado en el auditorio del Senado de la Rep\u00fablica, y lo encabezan Ricardo de los Santos, Alfredo Pacheco y\u2026","rel":"","context":"En \u00abNACIONALES\u00bb","block_context":{"text":"NACIONALES","link":"https:\/\/lasprimeras.com.do\/index.php\/category\/nacionales\/"},"img":{"alt_text":"Ricardo de los Santos","src":"https:\/\/i0.wp.com\/lasprimeras.com.do\/wp-content\/uploads\/2024\/07\/Ricardo-de-los-Santos.jpg?resize=350%2C200&ssl=1","width":350,"height":200,"srcset":"https:\/\/i0.wp.com\/lasprimeras.com.do\/wp-content\/uploads\/2024\/07\/Ricardo-de-los-Santos.jpg?resize=350%2C200&ssl=1 1x, https:\/\/i0.wp.com\/lasprimeras.com.do\/wp-content\/uploads\/2024\/07\/Ricardo-de-los-Santos.jpg?resize=525%2C300&ssl=1 1.5x"},"classes":[]},{"id":56673,"url":"https:\/\/lasprimeras.com.do\/index.php\/2023\/08\/03\/abinader-recibe-en-su-despacho-al-director-de-la-defensa-publica\/","url_meta":{"origin":49147,"position":4},"title":"Abinader recibe en su despacho al Director de la Defensa P\u00fablica","author":"Nelson Feliz","date":"3 de agosto de 2023","format":false,"excerpt":"Por Mart\u00edn Restituyo El Director de la Oficina Nacional de Defensa P\u00fablica, Rodolfo Valent\u00edn Santos, se reuni\u00f3 con el Presidente de la Rep\u00fablica, Luis Abinader, en su despacho del Palacio Presidencial, donde abordaron temas relacionados al servicio que brinda la entidad que dirige. En este encuentro, el Director de la\u2026","rel":"","context":"En \u00abNACIONALES\u00bb","block_context":{"text":"NACIONALES","link":"https:\/\/lasprimeras.com.do\/index.php\/category\/nacionales\/"},"img":{"alt_text":"","src":"https:\/\/i0.wp.com\/lasprimeras.com.do\/wp-content\/uploads\/2023\/08\/SERVIO-TULIO-CASTANOS-PRESIDENTE-LUIS-ABINADER-Y-RODOLFO-VALENTIN-SANTOS.jpg?resize=350%2C200&ssl=1","width":350,"height":200},"classes":[]},{"id":88215,"url":"https:\/\/lasprimeras.com.do\/index.php\/2024\/08\/23\/senadores-y-diputados-participan-en-seminario-de-induccion-sobre-liderazgo-legislativo-transformador\/","url_meta":{"origin":49147,"position":5},"title":"Senadores y diputados participan en seminario de inducci\u00f3n sobre \u201cLiderazgo Legislativo Transformador\u201d","author":"Nelson Feliz","date":"23 de agosto de 2024","format":false,"excerpt":"El presidente del Senado, Ricardo de los Santos, destac\u00f3 que el objetivo fundamental de este encuentro es que los senadores y diputados adquieran los conocimientos necesarios para crear y fomentar normativas de leyes de inter\u00e9s para el pa\u00eds. El Congreso Nacional junto al Tribunal Constitucional (TS), y la Fundaci\u00f3n Institucionalidad\u2026","rel":"","context":"En \u00abNACIONALES\u00bb","block_context":{"text":"NACIONALES","link":"https:\/\/lasprimeras.com.do\/index.php\/category\/nacionales\/"},"img":{"alt_text":"Liderazgo Legislativo Transformador","src":"https:\/\/i0.wp.com\/lasprimeras.com.do\/wp-content\/uploads\/2024\/08\/congreso.jpg?resize=350%2C200&ssl=1","width":350,"height":200,"srcset":"https:\/\/i0.wp.com\/lasprimeras.com.do\/wp-content\/uploads\/2024\/08\/congreso.jpg?resize=350%2C200&ssl=1 1x, https:\/\/i0.wp.com\/lasprimeras.com.do\/wp-content\/uploads\/2024\/08\/congreso.jpg?resize=525%2C300&ssl=1 1.5x, https:\/\/i0.wp.com\/lasprimeras.com.do\/wp-content\/uploads\/2024\/08\/congreso.jpg?resize=700%2C400&ssl=1 2x"},"classes":[]}],"jetpack_sharing_enabled":true,"_links":{"self":[{"href":"https:\/\/lasprimeras.com.do\/index.php\/wp-json\/wp\/v2\/posts\/49147","targetHints":{"allow":["GET"]}}],"collection":[{"href":"https:\/\/lasprimeras.com.do\/index.php\/wp-json\/wp\/v2\/posts"}],"about":[{"href":"https:\/\/lasprimeras.com.do\/index.php\/wp-json\/wp\/v2\/types\/post"}],"author":[{"embeddable":true,"href":"https:\/\/lasprimeras.com.do\/index.php\/wp-json\/wp\/v2\/users\/1"}],"replies":[{"embeddable":true,"href":"https:\/\/lasprimeras.com.do\/index.php\/wp-json\/wp\/v2\/comments?post=49147"}],"version-history":[{"count":0,"href":"https:\/\/lasprimeras.com.do\/index.php\/wp-json\/wp\/v2\/posts\/49147\/revisions"}],"wp:featuredmedia":[{"embeddable":true,"href":"https:\/\/lasprimeras.com.do\/index.php\/wp-json\/"}],"wp:attachment":[{"href":"https:\/\/lasprimeras.com.do\/index.php\/wp-json\/wp\/v2\/media?parent=49147"}],"wp:term":[{"taxonomy":"category","embeddable":true,"href":"https:\/\/lasprimeras.com.do\/index.php\/wp-json\/wp\/v2\/categories?post=49147"},{"taxonomy":"post_tag","embeddable":true,"href":"https:\/\/lasprimeras.com.do\/index.php\/wp-json\/wp\/v2\/tags?post=49147"}],"curies":[{"name":"wp","href":"https:\/\/api.w.org\/{rel}","templated":true}]}}