{"id":49149,"date":"2023-05-08T10:59:33","date_gmt":"2023-05-08T14:59:33","guid":{"rendered":"https:\/\/atento.com.do\/?p=49149"},"modified":"2023-05-08T10:59:33","modified_gmt":"2023-05-08T14:59:33","slug":"diputado-pide-que-se-investigue-lo-que-sucede-en-la-camara-de-cuentas","status":"publish","type":"post","link":"https:\/\/lasprimeras.com.do\/index.php\/2023\/05\/08\/diputado-pide-que-se-investigue-lo-que-sucede-en-la-camara-de-cuentas\/","title":{"rendered":"Diputado pide que se investigue lo que sucede en la C\u00e1mara de Cuentas"},"content":{"rendered":"\n<p><strong>Santo Domingo.-. <\/strong>El diputado de Opci\u00f3n Democr\u00e1tica, Jos\u00e9 Horacio Rodr\u00edguez, expres\u00f3 la necesidad de que se investiguen las denuncias sobre lo que sucede a lo interno de la C\u00e1mara de Cuentas.<\/p>\n\n\n\n<p>Rodr\u00edguez, propuso que se conforme una comisi\u00f3n especial de la C\u00e1mara de la C\u00e1mara de Diputados para que investigue lo que est\u00e1 sucediendo en la C\u00e1mara de Cuentas.<\/p>\n\n\n\n<p>El diputado por el Distrito Nacional, entiende que la comisi\u00f3n especial de la C\u00e1mara de Diputados debe determinar si existen elementos suficientes para realizar un juicio pol\u00edtico al pleno de la C\u00e1mara de Cuentas.<\/p>\n\n\n\n<p>Jos\u00e9 Horacio Rodr\u00edguez, consider\u00f3 que es necesario actualizar la ley de C\u00e1mara de Cuentas.<\/p>\n","protected":false},"excerpt":{"rendered":"<p>Santo Domingo.-. El diputado de Opci\u00f3n Democr\u00e1tica, Jos\u00e9 Horacio Rodr\u00edguez, expres\u00f3 la necesidad de que se investiguen las denuncias sobre lo que sucede a lo interno de la C\u00e1mara de&hellip;<\/p>\n","protected":false},"author":1,"featured_media":44381,"comment_status":"open","ping_status":"open","sticky":false,"template":"","format":"standard","meta":{"content-type":"","jetpack_post_was_ever_published":false,"_jetpack_newsletter_access":"","_jetpack_dont_email_post_to_subs":false,"_jetpack_newsletter_tier_id":0,"_jetpack_memberships_contains_paywalled_content":false,"_jetpack_memberships_contains_paid_content":false,"footnotes":""},"categories":[25],"tags":[340,78,831,830],"class_list":["post-49149","post","type-post","status-publish","format-standard","has-post-thumbnail","hentry","category-portada","tag-camara-de-cuentas","tag-diputado","tag-se-investigue","tag-sucede"],"jetpack_featured_media_url":"","jetpack-related-posts":[{"id":51713,"url":"https:\/\/lasprimeras.com.do\/index.php\/2023\/06\/02\/diputados-entrevistan-miembros-camara-cuentas-por-crisis-interna\/","url_meta":{"origin":49149,"position":0},"title":"Diputados entrevistan miembros C\u00e1mara Cuentas por crisis interna","author":"prenxa100","date":"2 de junio de 2023","format":false,"excerpt":"SANTO DOMINGO.- La comisi\u00f3n de la C\u00e1mara de Diputados designada para investigar la crisis interna en la C\u00e1mara de Cuentas comenz\u00f3 este viernes a entrevistar, a puertas cerradas, a los miembros del pleno de la entidad fiscalizadora. Est\u00e1 previsto que a lo largo del d\u00eda sean entrevistados los cinco miembros\u2026","rel":"","context":"En \u00abNACIONALES\u00bb","block_context":{"text":"NACIONALES","link":"https:\/\/lasprimeras.com.do\/index.php\/category\/nacionales\/"},"img":{"alt_text":"","src":"","width":0,"height":0},"classes":[]},{"id":53155,"url":"https:\/\/lasprimeras.com.do\/index.php\/2023\/06\/23\/comision-que-investiga-a-la-camara-de-cuentas-esta-dividida-en-tres-posiciones\/","url_meta":{"origin":49149,"position":1},"title":"Comisi\u00f3n que investiga a la C\u00e1mara de Cuentas est\u00e1 dividida en tres posiciones","author":"Nelson Feliz","date":"23 de junio de 2023","format":false,"excerpt":"Los 17 legisladores que integran la comisi\u00f3n podr\u00edan estarse debatiendo entre extender el plazo, tomar una decisi\u00f3n final y otras posiciones. La comisi\u00f3n especial de la C\u00e1mara de Diputados que estudia el conflicto interno que existe en la C\u00e1mara de Cuentas podr\u00eda estar dividida en tres aspectos en cuanto a\u2026","rel":"","context":"En \u00abSin categor\u00eda\u00bb","block_context":{"text":"Sin categor\u00eda","link":"https:\/\/lasprimeras.com.do\/index.php\/category\/sin-categoria\/"},"img":{"alt_text":"","src":"https:\/\/i0.wp.com\/lasprimeras.com.do\/wp-content\/uploads\/2023\/06\/Rogelio-Genao-Lanza.png?resize=350%2C200&ssl=1","width":350,"height":200,"srcset":"https:\/\/i0.wp.com\/lasprimeras.com.do\/wp-content\/uploads\/2023\/06\/Rogelio-Genao-Lanza.png?resize=350%2C200&ssl=1 1x, https:\/\/i0.wp.com\/lasprimeras.com.do\/wp-content\/uploads\/2023\/06\/Rogelio-Genao-Lanza.png?resize=525%2C300&ssl=1 1.5x, https:\/\/i0.wp.com\/lasprimeras.com.do\/wp-content\/uploads\/2023\/06\/Rogelio-Genao-Lanza.png?resize=700%2C400&ssl=1 2x"},"classes":[]},{"id":49969,"url":"https:\/\/lasprimeras.com.do\/index.php\/2023\/05\/16\/comision-de-diputados-no-recibira-esta-semana-actas-del-pleno-camara-de-cuentas\/","url_meta":{"origin":49149,"position":2},"title":"Comisi\u00f3n de diputados no recibir\u00e1 esta semana actas del Pleno C\u00e1mara de Cuentas","author":"prenxa100","date":"16 de mayo de 2023","format":false,"excerpt":"Genao Lanza asegura que la resoluci\u00f3n de diputados no ha llegado a la C\u00e1mara de Cuentas. SANTO DOMINGO.-. Aunque ten\u00edan previsto iniciar esta semana con la investigaci\u00f3n a la C\u00e1mara de Cuentas, los diputados podr\u00edan retrasar sus indagatorias porque estiman que no recibir\u00e1n en estos d\u00edas las actas del Pleno\u2026","rel":"","context":"En \u00abSin categor\u00eda\u00bb","block_context":{"text":"Sin categor\u00eda","link":"https:\/\/lasprimeras.com.do\/index.php\/category\/sin-categoria\/"},"img":{"alt_text":"","src":"","width":0,"height":0},"classes":[]},{"id":96089,"url":"https:\/\/lasprimeras.com.do\/index.php\/2025\/03\/24\/comision-especial-escoge-las-ternas-para-elegir-a-los-integrantes-de-la-camara-de-cuentas\/","url_meta":{"origin":49149,"position":3},"title":"Comisi\u00f3n Especial escoge las ternas para elegir a los integrantes de la C\u00e1mara de Cuentas","author":"Nelson Feliz","date":"24 de marzo de 2025","format":false,"excerpt":"La Comisi\u00f3n Permanente de C\u00e1mara de Cuentas de la C\u00e1mara de Diputados, seleccion\u00f3 este lunes a los integrantes de las cinco ternas que ser\u00e1n presentadas al pleno del organismo para la escogencia de los miembros de la C\u00e1mara de Cuentas. Aunque la comisi\u00f3n que preside el diputado Rogelio Alfonso Genao\u2026","rel":"","context":"En \u00abNACIONALES\u00bb","block_context":{"text":"NACIONALES","link":"https:\/\/lasprimeras.com.do\/index.php\/category\/nacionales\/"},"img":{"alt_text":"","src":"https:\/\/i0.wp.com\/lasprimeras.com.do\/wp-content\/uploads\/2025\/03\/camara-diputados.jpg?resize=350%2C200&ssl=1","width":350,"height":200,"srcset":"https:\/\/i0.wp.com\/lasprimeras.com.do\/wp-content\/uploads\/2025\/03\/camara-diputados.jpg?resize=350%2C200&ssl=1 1x, https:\/\/i0.wp.com\/lasprimeras.com.do\/wp-content\/uploads\/2025\/03\/camara-diputados.jpg?resize=525%2C300&ssl=1 1.5x, https:\/\/i0.wp.com\/lasprimeras.com.do\/wp-content\/uploads\/2025\/03\/camara-diputados.jpg?resize=700%2C400&ssl=1 2x"},"classes":[]},{"id":53671,"url":"https:\/\/lasprimeras.com.do\/index.php\/2023\/06\/29\/camara-de-cuentas-escondio-auditorias-y-alteraba-actas\/","url_meta":{"origin":49149,"position":4},"title":"C\u00e1mara de Cuentas escondi\u00f3 auditor\u00edas y alteraba actas","author":"Nelson Feliz","date":"29 de junio de 2023","format":false,"excerpt":"Pacheco confirm\u00f3 que el informe acusa a miembros del pleno fiscalizador de usurpar funciones, entregar informes incompletos y nombrar personal de forma irregular. Miembros titulares de la C\u00e1mara de Cuentas cometieron m\u00e1s de cinco faltas graves que pudieran llevarlos a un juicio pol\u00edtico en el Senado, seg\u00fan hizo constar un\u2026","rel":"","context":"En \u00abECONOM\u00cdA\u00bb","block_context":{"text":"ECONOM\u00cdA","link":"https:\/\/lasprimeras.com.do\/index.php\/category\/economia\/"},"img":{"alt_text":"La C\u00e1mara de Diputados investiga desde el 10 de mayo a los cinco funcionarios por supuestas faltas.","src":"https:\/\/i0.wp.com\/lasprimeras.com.do\/wp-content\/uploads\/2023\/06\/cc.jpg?resize=350%2C200&ssl=1","width":350,"height":200,"srcset":"https:\/\/i0.wp.com\/lasprimeras.com.do\/wp-content\/uploads\/2023\/06\/cc.jpg?resize=350%2C200&ssl=1 1x, https:\/\/i0.wp.com\/lasprimeras.com.do\/wp-content\/uploads\/2023\/06\/cc.jpg?resize=525%2C300&ssl=1 1.5x, https:\/\/i0.wp.com\/lasprimeras.com.do\/wp-content\/uploads\/2023\/06\/cc.jpg?resize=700%2C400&ssl=1 2x"},"classes":[]},{"id":55139,"url":"https:\/\/lasprimeras.com.do\/index.php\/2023\/07\/18\/rogelio-genao-se-ha-politizado-al-extremo-el-tema-de-la-camara-de-cuentas\/","url_meta":{"origin":49149,"position":5},"title":"Rogelio Genao: &#8220;Se ha politizado al extremo&#8221; el tema de la C\u00e1mara de Cuentas","author":"Nelson Feliz","date":"18 de julio de 2023","format":false,"excerpt":"El presidente de la comisi\u00f3n investigadora de la C\u00e1mara de Cuentas, Rogelio Alfonso Genao, sostuvo que \"se ha politizado al extremo\" el juicio pol\u00edtico contra ese \u00f3rgano en cuyo informe entienden que hubo \"faltas graves\". Expres\u00f3 que los partidos de oposici\u00f3n han \"politizado el tema al extremo\" porque torpedearon la\u2026","rel":"","context":"En \u00abPORTADA\u00bb","block_context":{"text":"PORTADA","link":"https:\/\/lasprimeras.com.do\/index.php\/category\/portada\/"},"img":{"alt_text":"Rogelio Alfonso Genao","src":"https:\/\/i0.wp.com\/lasprimeras.com.do\/wp-content\/uploads\/2023\/07\/Rogelio-Alfonso-Genao-Lanza.jpg?resize=350%2C200&ssl=1","width":350,"height":200,"srcset":"https:\/\/i0.wp.com\/lasprimeras.com.do\/wp-content\/uploads\/2023\/07\/Rogelio-Alfonso-Genao-Lanza.jpg?resize=350%2C200&ssl=1 1x, https:\/\/i0.wp.com\/lasprimeras.com.do\/wp-content\/uploads\/2023\/07\/Rogelio-Alfonso-Genao-Lanza.jpg?resize=525%2C300&ssl=1 1.5x, https:\/\/i0.wp.com\/lasprimeras.com.do\/wp-content\/uploads\/2023\/07\/Rogelio-Alfonso-Genao-Lanza.jpg?resize=700%2C400&ssl=1 2x"},"classes":[]}],"jetpack_sharing_enabled":true,"_links":{"self":[{"href":"https:\/\/lasprimeras.com.do\/index.php\/wp-json\/wp\/v2\/posts\/49149","targetHints":{"allow":["GET"]}}],"collection":[{"href":"https:\/\/lasprimeras.com.do\/index.php\/wp-json\/wp\/v2\/posts"}],"about":[{"href":"https:\/\/lasprimeras.com.do\/index.php\/wp-json\/wp\/v2\/types\/post"}],"author":[{"embeddable":true,"href":"https:\/\/lasprimeras.com.do\/index.php\/wp-json\/wp\/v2\/users\/1"}],"replies":[{"embeddable":true,"href":"https:\/\/lasprimeras.com.do\/index.php\/wp-json\/wp\/v2\/comments?post=49149"}],"version-history":[{"count":0,"href":"https:\/\/lasprimeras.com.do\/index.php\/wp-json\/wp\/v2\/posts\/49149\/revisions"}],"wp:featuredmedia":[{"embeddable":true,"href":"https:\/\/lasprimeras.com.do\/index.php\/wp-json\/"}],"wp:attachment":[{"href":"https:\/\/lasprimeras.com.do\/index.php\/wp-json\/wp\/v2\/media?parent=49149"}],"wp:term":[{"taxonomy":"category","embeddable":true,"href":"https:\/\/lasprimeras.com.do\/index.php\/wp-json\/wp\/v2\/categories?post=49149"},{"taxonomy":"post_tag","embeddable":true,"href":"https:\/\/lasprimeras.com.do\/index.php\/wp-json\/wp\/v2\/tags?post=49149"}],"curies":[{"name":"wp","href":"https:\/\/api.w.org\/{rel}","templated":true}]}}