{"id":49151,"date":"2023-05-08T11:17:20","date_gmt":"2023-05-08T15:17:20","guid":{"rendered":"https:\/\/atento.com.do\/?p=49151"},"modified":"2023-05-08T11:17:20","modified_gmt":"2023-05-08T15:17:20","slug":"rosario-dice-abinader-gano-porque-estaba-cansada-del-pld","status":"publish","type":"post","link":"https:\/\/lasprimeras.com.do\/index.php\/2023\/05\/08\/rosario-dice-abinader-gano-porque-estaba-cansada-del-pld\/","title":{"rendered":"Rosario dice Abinader gan\u00f3 porque estaba cansada del PLD"},"content":{"rendered":"\n<p><strong>Santo Domingo: <\/strong>El miembro de la Direcci\u00f3n Pol\u00edtica de la Fuerza del Pueblo, declar\u00f3 que en el 2020 la poblaci\u00f3n voto por Luis Abinader porque estaba cansada de los gobiernos del PLD.<\/p>\n\n\n\n<p>El dirigente del partido de oposici\u00f3n entiende que en el proceso electoral se dieron una serie de acontecimientos que radicalizaron el voto en contra del PLD.<\/p>\n\n\n\n<p>Rosario M\u00e1rquez, declar\u00f3 que el pa\u00eds vive una situaci\u00f3n de carest\u00eda generalizada, tiene desesperada al pueblo.<\/p>\n\n\n\n<p>El coordinador del sector externo de la Fuerza del Pueblo, expres\u00f3 que las pol\u00edticas p\u00fablicas en materia econ\u00f3micas que implementan los gobiernos del PRD y ahora PRM conducen a situaciones inflacionarias.<\/p>\n","protected":false},"excerpt":{"rendered":"<p>Santo Domingo: El miembro de la Direcci\u00f3n Pol\u00edtica de la Fuerza del Pueblo, declar\u00f3 que en el 2020 la poblaci\u00f3n voto por Luis Abinader porque estaba cansada de los gobiernos&hellip;<\/p>\n","protected":false},"author":1,"featured_media":43929,"comment_status":"open","ping_status":"open","sticky":false,"template":"","format":"standard","meta":{"content-type":"","jetpack_post_was_ever_published":false,"_jetpack_newsletter_access":"","_jetpack_dont_email_post_to_subs":false,"_jetpack_newsletter_tier_id":0,"_jetpack_memberships_contains_paywalled_content":false,"_jetpack_memberships_contains_paid_content":false,"footnotes":""},"categories":[25],"tags":[832,833,67,269,834],"class_list":["post-49151","post","type-post","status-publish","format-standard","has-post-thumbnail","hentry","category-portada","tag-cansada","tag-gano","tag-luis-abinader","tag-pld","tag-roberto-rosario"],"jetpack_featured_media_url":"","jetpack-related-posts":[{"id":103090,"url":"https:\/\/lasprimeras.com.do\/index.php\/2025\/07\/11\/fracasa-la-visita-del-presidente-luis-abinader-a-montecristi\/","url_meta":{"origin":49151,"position":0},"title":"Fracasa la visita del presidente Luis Abinader a Montecristi","author":"Nelson Feliz","date":"11 de julio de 2025","format":false,"excerpt":"El pueblo le dio la espalda al mandatario en una visita marcada por el rechazo y la indiferencia. La m\u00e1s reciente visita del presidente Luis Abinader a la provincia Montecristi, result\u00f3 ser un verdadero fracaso pol\u00edtico, afirm\u00f3 el presidente del Partido de la Liberaci\u00f3n Dominicana all\u00ed. Alexander Rivas, presidente del\u2026","rel":"","context":"En \u00abPOLITICA\u00bb","block_context":{"text":"POLITICA","link":"https:\/\/lasprimeras.com.do\/index.php\/category\/politica\/"},"img":{"alt_text":"","src":"https:\/\/i0.wp.com\/lasprimeras.com.do\/wp-content\/uploads\/2025\/07\/Alexander-Rivas.jpg?resize=350%2C200&ssl=1","width":350,"height":200,"srcset":"https:\/\/i0.wp.com\/lasprimeras.com.do\/wp-content\/uploads\/2025\/07\/Alexander-Rivas.jpg?resize=350%2C200&ssl=1 1x, https:\/\/i0.wp.com\/lasprimeras.com.do\/wp-content\/uploads\/2025\/07\/Alexander-Rivas.jpg?resize=525%2C300&ssl=1 1.5x, https:\/\/i0.wp.com\/lasprimeras.com.do\/wp-content\/uploads\/2025\/07\/Alexander-Rivas.jpg?resize=700%2C400&ssl=1 2x"},"classes":[]},{"id":103075,"url":"https:\/\/lasprimeras.com.do\/index.php\/2025\/07\/11\/dirigentes-del-pld-cuestionan-advertencia-de-luis-abinaderdicen-que-corresponde-a-la-jce\/","url_meta":{"origin":49151,"position":1},"title":"Dirigentes del PLD cuestionan advertencia de Luis Abinader;dicen que corresponde a la JCE","author":"Nelson Feliz","date":"11 de julio de 2025","format":false,"excerpt":"Dirigentes del PLD reaccionan a las declaraciones del presidente Luis Abinader sobre los funcionarios de su Gobierno en campa\u00f1a electoral. Ante la advertencia que hizo el presidente Luis Abinader a los funcionarios, que son aspirantes a la candidatura presidencial por su Partido de que, si quieren hacer campa\u00f1a, deber\u00e1n dejar\u2026","rel":"","context":"En \u00abPOLITICA\u00bb","block_context":{"text":"POLITICA","link":"https:\/\/lasprimeras.com.do\/index.php\/category\/politica\/"},"img":{"alt_text":"Dirigentes del PLD","src":"https:\/\/i0.wp.com\/lasprimeras.com.do\/wp-content\/uploads\/2025\/07\/Dirigentes-del-PLD.jpg?resize=350%2C200&ssl=1","width":350,"height":200,"srcset":"https:\/\/i0.wp.com\/lasprimeras.com.do\/wp-content\/uploads\/2025\/07\/Dirigentes-del-PLD.jpg?resize=350%2C200&ssl=1 1x, https:\/\/i0.wp.com\/lasprimeras.com.do\/wp-content\/uploads\/2025\/07\/Dirigentes-del-PLD.jpg?resize=525%2C300&ssl=1 1.5x, https:\/\/i0.wp.com\/lasprimeras.com.do\/wp-content\/uploads\/2025\/07\/Dirigentes-del-PLD.jpg?resize=700%2C400&ssl=1 2x"},"classes":[]},{"id":51213,"url":"https:\/\/lasprimeras.com.do\/index.php\/2023\/05\/29\/roberto-rosario-niega-acercamiento-entre-el-pld-y-la-fp\/","url_meta":{"origin":49151,"position":2},"title":"Roberto Rosario niega acercamiento entre el PLD y la FP","author":"prenxa100","date":"29 de mayo de 2023","format":false,"excerpt":"Santo Domingo.-. El miembro de la direcci\u00f3n pol\u00edtica del Partido Fuerza del Pueblo, Roberto Rosario M\u00e1rquez, neg\u00f3 cualquier tipo de acercamiento con el Partido de la Liberaci\u00f3n Dominicana con la finalidad de concertar alianzas m municipales. El ex presidente de la Junta Central Electoral, sostuvo que las conversaciones que se\u2026","rel":"","context":"En \u00abPORTADA\u00bb","block_context":{"text":"PORTADA","link":"https:\/\/lasprimeras.com.do\/index.php\/category\/portada\/"},"img":{"alt_text":"","src":"","width":0,"height":0},"classes":[]},{"id":108462,"url":"https:\/\/lasprimeras.com.do\/index.php\/2025\/09\/07\/luis-alberto-francisco-javier-garcia-garantiza-el-retorno-del-pld-al-poder\/","url_meta":{"origin":49151,"position":3},"title":"Luis Alberto: \u201cFrancisco Javier Garc\u00eda garantiza el retorno del PLD al poder\u201d","author":"Nelson Feliz","date":"7 de septiembre de 2025","format":false,"excerpt":"El miembro del Comit\u00e9 Pol\u00edtico del Partido de la Liberaci\u00f3n Dominicana (PLD), Luis Alberto Tejeda, afirm\u00f3 que el aspirante presidencial Francisco Javier Garc\u00eda es la garant\u00eda de que el PLD retornar\u00e1 al poder para enfrentar los graves problemas sociales y econ\u00f3micos que afectan al pa\u00eds bajo el actual gobierno. \u201cEl\u2026","rel":"","context":"En \u00abPOLITICA\u00bb","block_context":{"text":"POLITICA","link":"https:\/\/lasprimeras.com.do\/index.php\/category\/politica\/"},"img":{"alt_text":"Luis Alberto Tejeda","src":"https:\/\/i0.wp.com\/lasprimeras.com.do\/wp-content\/uploads\/2024\/02\/Luis-Alberto-Tejeda-4.jpg?resize=350%2C200&ssl=1","width":350,"height":200,"srcset":"https:\/\/i0.wp.com\/lasprimeras.com.do\/wp-content\/uploads\/2024\/02\/Luis-Alberto-Tejeda-4.jpg?resize=350%2C200&ssl=1 1x, https:\/\/i0.wp.com\/lasprimeras.com.do\/wp-content\/uploads\/2024\/02\/Luis-Alberto-Tejeda-4.jpg?resize=525%2C300&ssl=1 1.5x"},"classes":[]},{"id":107083,"url":"https:\/\/lasprimeras.com.do\/index.php\/2025\/08\/22\/pld-resta-validez-a-las-excusas-del-presidente-abinader-sobre-apagones\/","url_meta":{"origin":49151,"position":4},"title":"PLD resta validez a las excusas del presidente Abinader sobre apagones","author":"Nelson Feliz","date":"22 de agosto de 2025","format":false,"excerpt":"Sobre los apagones el pueblo lo que necesita son respuestas, no justificaciones, explica Martin Matos, de Energ\u00eda y Minas del PLD El titular de la Secretar\u00eda de Energ\u00eda y Minas del Partido de la Liberaci\u00f3n Dominicana (PLD), Martin Matos, les rest\u00f3 validez a los argumentos del presidente Luis Abinader, quien\u2026","rel":"","context":"En \u00abPOLITICA\u00bb","block_context":{"text":"POLITICA","link":"https:\/\/lasprimeras.com.do\/index.php\/category\/politica\/"},"img":{"alt_text":"","src":"https:\/\/i0.wp.com\/lasprimeras.com.do\/wp-content\/uploads\/2025\/08\/Martin-Matos-1.jpg?resize=350%2C200&ssl=1","width":350,"height":200},"classes":[]},{"id":106068,"url":"https:\/\/lasprimeras.com.do\/index.php\/2025\/08\/10\/danilo-denuncia-el-abandono-de-hospitales-y-de-la-salud-de-la-gente\/","url_meta":{"origin":49151,"position":5},"title":"Danilo denuncia el abandono de hospitales y de la salud de la gente","author":"Nelson Feliz","date":"10 de agosto de 2025","format":false,"excerpt":"\u201cLas cifras que yo doy\u2026 Ese es el legado del PLD al desarrollo del pa\u00eds\u201d, afirma el expresidente Danilo Medina. El expresidente de la Rep\u00fablica y Presidente del Partido de la Liberaci\u00f3n Dominicana (PLD), Danilo Medina, denunci\u00f3 el abandono generalizado en que se encuentran los hospitales del pa\u00eds, incluyendo centros\u2026","rel":"","context":"En \u00abPOLITICA\u00bb","block_context":{"text":"POLITICA","link":"https:\/\/lasprimeras.com.do\/index.php\/category\/politica\/"},"img":{"alt_text":"","src":"https:\/\/i0.wp.com\/lasprimeras.com.do\/wp-content\/uploads\/2025\/08\/Danilo-Medina.jpg?resize=350%2C200&ssl=1","width":350,"height":200,"srcset":"https:\/\/i0.wp.com\/lasprimeras.com.do\/wp-content\/uploads\/2025\/08\/Danilo-Medina.jpg?resize=350%2C200&ssl=1 1x, https:\/\/i0.wp.com\/lasprimeras.com.do\/wp-content\/uploads\/2025\/08\/Danilo-Medina.jpg?resize=525%2C300&ssl=1 1.5x, https:\/\/i0.wp.com\/lasprimeras.com.do\/wp-content\/uploads\/2025\/08\/Danilo-Medina.jpg?resize=700%2C400&ssl=1 2x"},"classes":[]}],"jetpack_sharing_enabled":true,"_links":{"self":[{"href":"https:\/\/lasprimeras.com.do\/index.php\/wp-json\/wp\/v2\/posts\/49151","targetHints":{"allow":["GET"]}}],"collection":[{"href":"https:\/\/lasprimeras.com.do\/index.php\/wp-json\/wp\/v2\/posts"}],"about":[{"href":"https:\/\/lasprimeras.com.do\/index.php\/wp-json\/wp\/v2\/types\/post"}],"author":[{"embeddable":true,"href":"https:\/\/lasprimeras.com.do\/index.php\/wp-json\/wp\/v2\/users\/1"}],"replies":[{"embeddable":true,"href":"https:\/\/lasprimeras.com.do\/index.php\/wp-json\/wp\/v2\/comments?post=49151"}],"version-history":[{"count":0,"href":"https:\/\/lasprimeras.com.do\/index.php\/wp-json\/wp\/v2\/posts\/49151\/revisions"}],"wp:featuredmedia":[{"embeddable":true,"href":"https:\/\/lasprimeras.com.do\/index.php\/wp-json\/"}],"wp:attachment":[{"href":"https:\/\/lasprimeras.com.do\/index.php\/wp-json\/wp\/v2\/media?parent=49151"}],"wp:term":[{"taxonomy":"category","embeddable":true,"href":"https:\/\/lasprimeras.com.do\/index.php\/wp-json\/wp\/v2\/categories?post=49151"},{"taxonomy":"post_tag","embeddable":true,"href":"https:\/\/lasprimeras.com.do\/index.php\/wp-json\/wp\/v2\/tags?post=49151"}],"curies":[{"name":"wp","href":"https:\/\/api.w.org\/{rel}","templated":true}]}}